{"id":667516,"date":"2026-02-26T21:08:34","date_gmt":"2026-02-27T01:08:34","guid":{"rendered":"https:\/\/diariodominicano.com\/?p=667516"},"modified":"2026-02-27T02:38:29","modified_gmt":"2026-02-27T06:38:29","slug":"cuba-reafirma-derecho-a-defenderse-tras-agresion-en-villa-clara","status":"publish","type":"post","link":"https:\/\/diariodominicano.com\/?p=667516","title":{"rendered":"Cuba reafirma derecho a defenderse tras agresi\u00f3n en Villa Clara"},"content":{"rendered":"\n<p>La Habana, 26 feb (Prensa Latina) El presidente Miguel D\u00edaz-Canel reafirm\u00f3 hoy que Cuba no agrede ni amenaza, pero se defender\u00e1 con firmeza ante cualquier agresi\u00f3n terrorista o mercenaria contra su soberan\u00eda y estabilidad nacional.<\/p>\n\n\n\n<p><a href=\"https:\/\/www.prensa-latina.cu\/2026\/02\/26\/\"><time>febrero 26, 2026 | 09:13<\/time><\/a> <\/p>\n\n\n\n<p>As\u00ed lo ratific\u00f3 este jueves en su cuenta de la red social X, al reiterar \u201clo hemos planteado en reiteradas ocasiones y lo ratificamos hoy: Cuba se defender\u00e1 con determinaci\u00f3n y firmeza frente a cualquier agresi\u00f3n terrorista y mercenaria que pretenda afectar su soberan\u00eda y estabilidad nacional\u201d<\/p>\n\n\n\n<p>Por su parte, el ministro de Relaciones Exteriores, Bruno Rodr\u00edguez, subray\u00f3 que Cuba ha debido enfrentar numerosas infiltraciones terroristas y agresivas procedentes de Estados Unidos desde 1959, con un alto costo en vidas humanas, heridos y da\u00f1os materiales.<\/p>\n\n\n\n<p>Rodr\u00edguez enfatiz\u00f3 que la defensa de las costas cubanas, del territorio y de la seguridad nacional es un deber ineludible, y confirm\u00f3 que se lleva a cabo una investigaci\u00f3n rigurosa para esclarecer los hechos.<\/p>\n\n\n\n<p>La v\u00edspera ocurri\u00f3 un ataque armado en aguas del canalizo El Pino, cayo Falcones, municipio Corralillo, provincia Villa Clara, donde una lancha r\u00e1pida con matr\u00edcula de Florida (FL7726SH) abri\u00f3 fuego contra una unidad de las Tropas Guardafronteras del Ministerio del Interior durante una operaci\u00f3n de identificaci\u00f3n.<\/p>\n\n\n\n<p>Seg\u00fan el parte oficial, la embarcaci\u00f3n transportaba diez personas armadas con intenciones de realizar una infiltraci\u00f3n con fines terroristas.<\/p>\n\n\n\n<p>En el enfrentamiento, un combatiente cubano result\u00f3 lesionado, mientras que cuatro agresores fueron abatidos y seis detenidos.<\/p>\n\n\n\n<p>Entre el material ocupado figuran fusiles de asalto, armas cortas, cocteles molotov, chalecos antibalas, mirillas telesc\u00f3picas y uniformes de camuflaje.<\/p>\n\n\n\n<p>Todos los participantes son cubanos residentes en Estados Unidos, varios con historial delictivo.<\/p>\n\n\n\n<p>Dos de ellos, Amijail S\u00e1nchez Gonz\u00e1lez y Leordan Enrique Cruz G\u00f3mez, figuran en la Lista Nacional de personas vinculadas a actos de terrorismo, conforme a la Resoluci\u00f3n 1373 del Consejo de Seguridad de la ONU.<\/p>\n\n\n\n<p>Adem\u00e1s, fue detenido en territorio nacional Duniel Hern\u00e1ndez Santos, enviado desde Estados Unidos para coordinar la recepci\u00f3n de la infiltraci\u00f3n, quien ya se encuentra confeso.<\/p>\n\n\n\n<p>ro\/mks<\/p>\n\n\n\n<ul class=\"wp-block-list\">\n<li>#<a href=\"https:\/\/www.prensa-latina.cu\/etiqueta\/cuba\/\">cuba<\/a>&nbsp;#<a href=\"https:\/\/www.prensa-latina.cu\/etiqueta\/minint\/\">minint<\/a><\/li>\n<\/ul>\n","protected":false},"excerpt":{"rendered":"<p>La Habana, 26 feb (Prensa Latina) El presidente Miguel D\u00edaz-Canel reafirm\u00f3 hoy que Cuba no agrede ni amenaza, pero se defender\u00e1 con firmeza ante cualquier agresi\u00f3n terrorista o mercenaria contra su soberan\u00eda y estabilidad nacional. febrero 26, 2026 | 09:13 As\u00ed lo ratific\u00f3 este jueves en su cuenta de la red social X, al reiterar [&hellip;]<\/p>\n","protected":false},"author":2,"featured_media":667508,"comment_status":"closed","ping_status":"closed","sticky":false,"template":"","format":"standard","meta":{"footnotes":""},"categories":[1],"tags":[3100,4858],"class_list":["post-667516","post","type-post","status-publish","format-standard","has-post-thumbnail","hentry","category-editorial","tag-cuba","tag-villa-clara"],"_links":{"self":[{"href":"https:\/\/diariodominicano.com\/index.php?rest_route=\/wp\/v2\/posts\/667516","targetHints":{"allow":["GET"]}}],"collection":[{"href":"https:\/\/diariodominicano.com\/index.php?rest_route=\/wp\/v2\/posts"}],"about":[{"href":"https:\/\/diariodominicano.com\/index.php?rest_route=\/wp\/v2\/types\/post"}],"author":[{"embeddable":true,"href":"https:\/\/diariodominicano.com\/index.php?rest_route=\/wp\/v2\/users\/2"}],"replies":[{"embeddable":true,"href":"https:\/\/diariodominicano.com\/index.php?rest_route=%2Fwp%2Fv2%2Fcomments&post=667516"}],"version-history":[{"count":2,"href":"https:\/\/diariodominicano.com\/index.php?rest_route=\/wp\/v2\/posts\/667516\/revisions"}],"predecessor-version":[{"id":667544,"href":"https:\/\/diariodominicano.com\/index.php?rest_route=\/wp\/v2\/posts\/667516\/revisions\/667544"}],"wp:featuredmedia":[{"embeddable":true,"href":"https:\/\/diariodominicano.com\/index.php?rest_route=\/wp\/v2\/media\/667508"}],"wp:attachment":[{"href":"https:\/\/diariodominicano.com\/index.php?rest_route=%2Fwp%2Fv2%2Fmedia&parent=667516"}],"wp:term":[{"taxonomy":"category","embeddable":true,"href":"https:\/\/diariodominicano.com\/index.php?rest_route=%2Fwp%2Fv2%2Fcategories&post=667516"},{"taxonomy":"post_tag","embeddable":true,"href":"https:\/\/diariodominicano.com\/index.php?rest_route=%2Fwp%2Fv2%2Ftags&post=667516"}],"curies":[{"name":"wp","href":"https:\/\/api.w.org\/{rel}","templated":true}]}}