{"id":667480,"date":"2026-02-26T19:29:37","date_gmt":"2026-02-26T23:29:37","guid":{"rendered":"https:\/\/diariodominicano.com\/?p=667480"},"modified":"2026-02-26T19:29:39","modified_gmt":"2026-02-26T23:29:39","slug":"luis-el-gallo-se-solidariza-con-mensaje-del-episcopado-pero-lamenta-olvidaran-problemas-indocumentados","status":"publish","type":"post","link":"https:\/\/diariodominicano.com\/?p=667480","title":{"rendered":"Luis \u201cEl Gallo\u201d se solidariza con mensaje del Episcopado, pero lamenta olvidar\u00e1n problemas indocumentados"},"content":{"rendered":"\n<p><strong>El presidente de la Uni\u00f3n Dem\u00f3crata Cristiana \u2013UDC-, Luis Acosta Moreta, Luis \u201cEl Gallo\u201d, se solidariz\u00f3 hoy con la pastoral&nbsp; de la Independencia de la Conferencia del Episcopado Dominicano y pidi\u00f3 la integraci\u00f3n de todos los sectores en la lucha por el desarrollo.<\/strong><\/p>\n\n\n\n<p><strong>Asegur\u00f3 que la iglesia cat\u00f3lica enfrenta los problemas sociales y econ\u00f3micos del pa\u00eds, al preocuparse por la suerte de los pobres, de los excluidos, de los marginados.<\/strong><\/p>\n\n\n\n<p><strong>Dijo que la UDC desde hace a\u00f1os lleva a todo el pueblo dominicano el mensaje de la paz, de la solidaridad y de buscar la unidad para hacer frente al subdesarrollo y la miseria.<\/strong><\/p>\n\n\n\n<p><strong>Luis \u201cEl Gallo\u201d deplor\u00f3 que en un mensaje de la Independencia, la iglesia cat\u00f3lica guardara silencio en torno&nbsp; a la gran cantidad de migrantes indocumentados haitianos que hay en el pa\u00eds.<\/strong><\/p>\n\n\n\n<p><strong>Destac\u00f3 que las relaciones inciertas con Hait\u00ed y los cientos de miles de indocumentados, constituyen uno de los principales problemas nacionales, y por consiguiente no merec\u00edan el olvido del Episcopado,&nbsp; que debi\u00f3 de producir&nbsp; un mensaje contundente.<\/strong><\/p>\n\n\n\n<p><strong>Tambi\u00e9n se\u00f1al\u00f3 como muy positivo el mensaje eclesi\u00e1stico en lo que se refiere a la gran cantidad de adolescentes dominicanas que salen&nbsp; embarazadas.<\/strong><\/p>\n\n\n\n<p><strong>A\u00f1adi\u00f3 que la UDC mantiene una campa\u00f1a permanente, sobre todo en los barrios marginados, de prevenci\u00f3n de los embarazos de ni\u00f1as, que es uno de los principales males sociales del pa\u00eds.<\/strong><\/p>\n\n\n\n<p><strong>Apunt\u00f3 que&nbsp; esos embarazos a destiempo le ocasionan un gran da\u00f1o a las&nbsp; adolescentes, una de cuyas secuelas principales es que pr\u00e1cticamente se les expulsa de las escuelas, y tienen que suspender el aprendizaje.<\/strong><\/p>\n\n\n\n<p><strong>Destac\u00f3 que debe haber una coordinaci\u00f3n desde el Estado para atender las necesidades de esas adolecentes-madres y emprender una vigorosa&nbsp; campa\u00f1a de prevenci\u00f3n de los embarazos infantiles.<\/strong><\/p>\n\n\n\n<p><strong>Tambi\u00e9n consider\u00f3 importante el mensaje de la iglesia de enfrentar las nuevas modalidades tra\u00eddas de cultura extra\u00f1as, donde las personas se quiere parecer y copian a los animales u objetos inanimados.<\/strong><\/p>\n\n\n\n<p><strong>Resalt\u00f3 que la juventud dominicana tiene un compromiso de luchar por el bien del pa\u00eds y no puede perder el tiempo copiando par\u00e1metros de conducta&nbsp; de pa\u00edses desarrollados, que lo conducen a la confusi\u00f3n y la frustraci\u00f3n.<\/strong><\/p>\n\n\n\n<p>La Peque <a href=\"mailto:priky72@gmail.com\">priky72@gmail.com<\/a><\/p>\n","protected":false},"excerpt":{"rendered":"<p>El presidente de la Uni\u00f3n Dem\u00f3crata Cristiana \u2013UDC-, Luis Acosta Moreta, Luis \u201cEl Gallo\u201d, se solidariz\u00f3 hoy con la pastoral&nbsp; de la Independencia de la Conferencia del Episcopado Dominicano y pidi\u00f3 la integraci\u00f3n de todos los sectores en la lucha por el desarrollo. Asegur\u00f3 que la iglesia cat\u00f3lica enfrenta los problemas sociales y econ\u00f3micos del [&hellip;]<\/p>\n","protected":false},"author":7,"featured_media":565593,"comment_status":"closed","ping_status":"closed","sticky":false,"template":"","format":"standard","meta":{"footnotes":""},"categories":[19],"tags":[114],"class_list":["post-667480","post","type-post","status-publish","format-standard","has-post-thumbnail","hentry","category-mi-voz","tag-luis-el-gallo"],"_links":{"self":[{"href":"https:\/\/diariodominicano.com\/index.php?rest_route=\/wp\/v2\/posts\/667480","targetHints":{"allow":["GET"]}}],"collection":[{"href":"https:\/\/diariodominicano.com\/index.php?rest_route=\/wp\/v2\/posts"}],"about":[{"href":"https:\/\/diariodominicano.com\/index.php?rest_route=\/wp\/v2\/types\/post"}],"author":[{"embeddable":true,"href":"https:\/\/diariodominicano.com\/index.php?rest_route=\/wp\/v2\/users\/7"}],"replies":[{"embeddable":true,"href":"https:\/\/diariodominicano.com\/index.php?rest_route=%2Fwp%2Fv2%2Fcomments&post=667480"}],"version-history":[{"count":1,"href":"https:\/\/diariodominicano.com\/index.php?rest_route=\/wp\/v2\/posts\/667480\/revisions"}],"predecessor-version":[{"id":667486,"href":"https:\/\/diariodominicano.com\/index.php?rest_route=\/wp\/v2\/posts\/667480\/revisions\/667486"}],"wp:featuredmedia":[{"embeddable":true,"href":"https:\/\/diariodominicano.com\/index.php?rest_route=\/wp\/v2\/media\/565593"}],"wp:attachment":[{"href":"https:\/\/diariodominicano.com\/index.php?rest_route=%2Fwp%2Fv2%2Fmedia&parent=667480"}],"wp:term":[{"taxonomy":"category","embeddable":true,"href":"https:\/\/diariodominicano.com\/index.php?rest_route=%2Fwp%2Fv2%2Fcategories&post=667480"},{"taxonomy":"post_tag","embeddable":true,"href":"https:\/\/diariodominicano.com\/index.php?rest_route=%2Fwp%2Fv2%2Ftags&post=667480"}],"curies":[{"name":"wp","href":"https:\/\/api.w.org\/{rel}","templated":true}]}}