{"id":667430,"date":"2026-02-26T15:34:37","date_gmt":"2026-02-26T19:34:37","guid":{"rendered":"https:\/\/diariodominicano.com\/?p=667430"},"modified":"2026-02-26T15:37:24","modified_gmt":"2026-02-26T19:37:24","slug":"centros-tecnologicos-comunitarios-e-indocal-firman-acuerdo-interinstitucional-para-fortalecer-la-calidad-y-certificacion-de-sus-procesos","status":"publish","type":"post","link":"https:\/\/diariodominicano.com\/?p=667430","title":{"rendered":"Centros Tecnol\u00f3gicos Comunitarios e INDOCAL firman acuerdo interinstitucional para fortalecer la calidad y certificaci\u00f3n de sus procesos"},"content":{"rendered":"\n<p><strong><em>Este acuerdo establece un marco de cooperaci\u00f3n orientado a coordinar esfuerzos para la capacitaci\u00f3n, adquisici\u00f3n de normas t\u00e9cnicas y definici\u00f3n de rutas cr\u00edticas para la certificaci\u00f3n de sistemas de gesti\u00f3n bajo est\u00e1ndares nacionales e internacionales.<\/em><\/strong><\/p>\n\n\n\n<p><strong>Santo Domingo. &#8211;&nbsp;Los Centros Tecnol\u00f3gicos Comunitarios (CTC) y el Instituto Dominicano para la Calidad (INDOCAL) suscribieron un acuerdo interinstitucional de colaboraci\u00f3n con el objetivo de fortalecer la gesti\u00f3n institucional, impulsar la implementaci\u00f3n de sistemas de gesti\u00f3n certificados y promover la mejora continua en los servicios ofrecidos a la ciudadan\u00eda.<\/strong><\/p>\n\n\n\n<figure class=\"wp-block-gallery has-nested-images columns-default is-cropped wp-block-gallery-1 is-layout-flex wp-block-gallery-is-layout-flex\">\n<figure class=\"wp-block-image size-large\"><img loading=\"lazy\" decoding=\"async\" width=\"1024\" height=\"683\" data-id=\"667464\" src=\"https:\/\/diariodominicano.com\/wp-content\/uploads\/2026\/02\/CTC-e-INDOCAL-firman-acuerdo-interinstitucional-para-fortalecer-la-calidad-y-certificacion-procesos-1024x683.jpeg\" alt=\"\" class=\"wp-image-667464\" srcset=\"https:\/\/diariodominicano.com\/wp-content\/uploads\/2026\/02\/CTC-e-INDOCAL-firman-acuerdo-interinstitucional-para-fortalecer-la-calidad-y-certificacion-procesos-1024x683.jpeg 1024w, https:\/\/diariodominicano.com\/wp-content\/uploads\/2026\/02\/CTC-e-INDOCAL-firman-acuerdo-interinstitucional-para-fortalecer-la-calidad-y-certificacion-procesos-300x200.jpeg 300w, https:\/\/diariodominicano.com\/wp-content\/uploads\/2026\/02\/CTC-e-INDOCAL-firman-acuerdo-interinstitucional-para-fortalecer-la-calidad-y-certificacion-procesos-768x512.jpeg 768w, https:\/\/diariodominicano.com\/wp-content\/uploads\/2026\/02\/CTC-e-INDOCAL-firman-acuerdo-interinstitucional-para-fortalecer-la-calidad-y-certificacion-procesos-816x544.jpeg 816w, https:\/\/diariodominicano.com\/wp-content\/uploads\/2026\/02\/CTC-e-INDOCAL-firman-acuerdo-interinstitucional-para-fortalecer-la-calidad-y-certificacion-procesos.jpeg 1280w\" sizes=\"auto, (max-width: 1024px) 100vw, 1024px\" \/><\/figure>\n<\/figure>\n\n\n\n<p><strong>El convenio fue firmado por el director general de los CTC, Isidro Torres, y el director general del INDOCAL, ingeniero N\u00e9stor Julio Matos Ure\u00f1a, con la participaci\u00f3n de la se\u00f1ora Elaine de Lima, directora jur\u00eddica del INDOCAL, y en presencia de los encargados departamentales de los CTC.<\/strong><\/p>\n\n\n\n<p><strong>Este acuerdo establece un marco de cooperaci\u00f3n orientado a coordinar esfuerzos para la capacitaci\u00f3n, adquisici\u00f3n de normas t\u00e9cnicas y definici\u00f3n de rutas cr\u00edticas para la certificaci\u00f3n de sistemas de gesti\u00f3n bajo est\u00e1ndares nacionales e internacionales.<\/strong><\/p>\n\n\n\n<figure class=\"wp-block-gallery has-nested-images columns-default is-cropped wp-block-gallery-2 is-layout-flex wp-block-gallery-is-layout-flex\">\n<figure class=\"wp-block-image size-large\"><img loading=\"lazy\" decoding=\"async\" width=\"1024\" height=\"683\" data-id=\"667462\" src=\"https:\/\/diariodominicano.com\/wp-content\/uploads\/2026\/02\/CTC-e-INDOCAL-firman-acuerdo-interinstitucional-para-fortalecer-la-calidad-y-certificacion-de-sus-procesos-1024x683.jpeg\" alt=\"\" class=\"wp-image-667462\" srcset=\"https:\/\/diariodominicano.com\/wp-content\/uploads\/2026\/02\/CTC-e-INDOCAL-firman-acuerdo-interinstitucional-para-fortalecer-la-calidad-y-certificacion-de-sus-procesos-1024x683.jpeg 1024w, https:\/\/diariodominicano.com\/wp-content\/uploads\/2026\/02\/CTC-e-INDOCAL-firman-acuerdo-interinstitucional-para-fortalecer-la-calidad-y-certificacion-de-sus-procesos-300x200.jpeg 300w, https:\/\/diariodominicano.com\/wp-content\/uploads\/2026\/02\/CTC-e-INDOCAL-firman-acuerdo-interinstitucional-para-fortalecer-la-calidad-y-certificacion-de-sus-procesos-768x512.jpeg 768w, https:\/\/diariodominicano.com\/wp-content\/uploads\/2026\/02\/CTC-e-INDOCAL-firman-acuerdo-interinstitucional-para-fortalecer-la-calidad-y-certificacion-de-sus-procesos-816x544.jpeg 816w, https:\/\/diariodominicano.com\/wp-content\/uploads\/2026\/02\/CTC-e-INDOCAL-firman-acuerdo-interinstitucional-para-fortalecer-la-calidad-y-certificacion-de-sus-procesos.jpeg 1280w\" sizes=\"auto, (max-width: 1024px) 100vw, 1024px\" \/><\/figure>\n<\/figure>\n\n\n\n<p><strong>Como parte del acuerdo, los CTC iniciar\u00e1n el proceso para la implementaci\u00f3n y certificaci\u00f3n bajo la norma NORDOM ISO 9001:2015, enfocada en Sistemas de Gesti\u00f3n de la Calidad. Este proceso incluir\u00e1 capacitaci\u00f3n en interpretaci\u00f3n de la norma, documentaci\u00f3n de procesos, definici\u00f3n de indicadores de desempe\u00f1o, gesti\u00f3n de riesgos, auditor\u00eda interna y tratamiento de no conformidades, entre otros aspectos fundamentales.<\/strong><\/p>\n\n\n\n<p><strong>Asimismo, el convenio contempla la posibilidad de implementar la NORDOM ISO 37001:2016, relativa al Sistema de Gesti\u00f3n Antisoborno, y la ISO 37301:2021, sobre Sistemas de Gesti\u00f3n de Cumplimiento, reforzando as\u00ed el compromiso institucional con la transparencia, la \u00e9tica y el cumplimiento normativo.<\/strong><\/p>\n\n\n\n<p><strong>La firma de este acuerdo representa un avance significativo en la transformaci\u00f3n institucional de los CTC, enfocada en la excelencia, la transparencia y la calidad certificada de sus procesos y servicios.<\/strong><\/p>\n\n\n\n<p><strong>El acuerdo tendr\u00e1 una vigencia de tres a\u00f1os, renovable autom\u00e1ticamente, y establece mecanismos de seguimiento, confidencialidad y coordinaci\u00f3n t\u00e9cnica entre ambas instituciones para garantizar el cumplimiento de los objetivos trazados.<\/strong><\/p>\n\n\n\n<p><strong>Esta firma representa un paso trascendental en el proceso de modernizaci\u00f3n y fortalecimiento institucional de los Centros Tecnol\u00f3gicos Comunitarios, consolidando su misi\u00f3n de promover la inclusi\u00f3n digital, la formaci\u00f3n en competencias tecnol\u00f3gicas y el desarrollo social en comunidades vulnerables del pa\u00eds.<\/strong><\/p>\n\n\n\n<p>CTC Comunicaciones <a href=\"mailto:ctcrdcomunicaciones@gmail.com\">ctcrdcomunicaciones@gmail.com<\/a><\/p>\n\n\n\n<p>#<strong>CentrosTecnol\u00f3gicosComunitarios #CTC #InstitutoDominicanoparalaCalidad #INDOCAL<\/strong><\/p>\n","protected":false},"excerpt":{"rendered":"<p>Este acuerdo establece un marco de cooperaci\u00f3n orientado a coordinar esfuerzos para la capacitaci\u00f3n, adquisici\u00f3n de normas t\u00e9cnicas y definici\u00f3n de rutas cr\u00edticas para la certificaci\u00f3n de sistemas de gesti\u00f3n bajo est\u00e1ndares nacionales e internacionales. Santo Domingo. &#8211;&nbsp;Los Centros Tecnol\u00f3gicos Comunitarios (CTC) y el Instituto Dominicano para la Calidad (INDOCAL) suscribieron un acuerdo interinstitucional de [&hellip;]<\/p>\n","protected":false},"author":7,"featured_media":667463,"comment_status":"closed","ping_status":"closed","sticky":false,"template":"","format":"standard","meta":{"footnotes":""},"categories":[21,36],"tags":[2157,4852,4853],"class_list":["post-667430","post","type-post","status-publish","format-standard","has-post-thumbnail","hentry","category-cultura","category-hombresmujeresycosas","tag-centros-tecnologicos-comunitarios-ctc","tag-indocal","tag-instituto-dominicano-para-la-calidad-indocal"],"_links":{"self":[{"href":"https:\/\/diariodominicano.com\/index.php?rest_route=\/wp\/v2\/posts\/667430","targetHints":{"allow":["GET"]}}],"collection":[{"href":"https:\/\/diariodominicano.com\/index.php?rest_route=\/wp\/v2\/posts"}],"about":[{"href":"https:\/\/diariodominicano.com\/index.php?rest_route=\/wp\/v2\/types\/post"}],"author":[{"embeddable":true,"href":"https:\/\/diariodominicano.com\/index.php?rest_route=\/wp\/v2\/users\/7"}],"replies":[{"embeddable":true,"href":"https:\/\/diariodominicano.com\/index.php?rest_route=%2Fwp%2Fv2%2Fcomments&post=667430"}],"version-history":[{"count":1,"href":"https:\/\/diariodominicano.com\/index.php?rest_route=\/wp\/v2\/posts\/667430\/revisions"}],"predecessor-version":[{"id":667465,"href":"https:\/\/diariodominicano.com\/index.php?rest_route=\/wp\/v2\/posts\/667430\/revisions\/667465"}],"wp:featuredmedia":[{"embeddable":true,"href":"https:\/\/diariodominicano.com\/index.php?rest_route=\/wp\/v2\/media\/667463"}],"wp:attachment":[{"href":"https:\/\/diariodominicano.com\/index.php?rest_route=%2Fwp%2Fv2%2Fmedia&parent=667430"}],"wp:term":[{"taxonomy":"category","embeddable":true,"href":"https:\/\/diariodominicano.com\/index.php?rest_route=%2Fwp%2Fv2%2Fcategories&post=667430"},{"taxonomy":"post_tag","embeddable":true,"href":"https:\/\/diariodominicano.com\/index.php?rest_route=%2Fwp%2Fv2%2Ftags&post=667430"}],"curies":[{"name":"wp","href":"https:\/\/api.w.org\/{rel}","templated":true}]}}