{"id":667425,"date":"2026-02-26T14:25:32","date_gmt":"2026-02-26T18:25:32","guid":{"rendered":"https:\/\/diariodominicano.com\/?p=667425"},"modified":"2026-02-26T14:25:43","modified_gmt":"2026-02-26T18:25:43","slug":"superate-activa-comite-de-emergencia-coordina-apoyo-y-acompanamiento-directo-en-maria-trinidad-sanchez-y-samana","status":"publish","type":"post","link":"https:\/\/diariodominicano.com\/?p=667425","title":{"rendered":"Sup\u00e9rate activa comit\u00e9 de emergencia, coordina apoyo y acompa\u00f1amiento directo en Mar\u00eda Trinidad S\u00e1nchez y Saman\u00e1"},"content":{"rendered":"\n<p><strong><em>La instituci\u00f3n indic\u00f3 que, en coordinaci\u00f3n con el Sistema \u00danico de Beneficiarios (SIUBEN), se avanzar\u00e1 en la validaci\u00f3n de datos para focalizar la asistencia en los hogares m\u00e1s vulnerables afectados por el evento clim\u00e1tico.<\/em><\/strong><\/p>\n\n\n\n<p><strong>NAGUA, RD., 26 de febrero de 2026.-\u00a0La directora general de la Direcci\u00f3n de Desarrollo Social Sup\u00e9rate, Mayra Jim\u00e9nez, se traslad\u00f3 a la provincia Mar\u00eda Trinidad S\u00e1nchez y al municipio Las Terrenas, en Saman\u00e1, junto a un equipo t\u00e9cnico, para coordinar apoyo a las familias afectadas por el reciente evento clim\u00e1tico, en articulaci\u00f3n con la gobernadora provincial Mar\u00eda L\u00f3pez Polanco y el director provincial de la Defensa Civil, Franklin Tavera Difo.<\/strong><\/p>\n\n\n\n<figure class=\"wp-block-gallery has-nested-images columns-default is-cropped wp-block-gallery-1 is-layout-flex wp-block-gallery-is-layout-flex\">\n<figure class=\"wp-block-image size-large\"><img loading=\"lazy\" decoding=\"async\" width=\"1024\" height=\"683\" data-id=\"667444\" src=\"https:\/\/diariodominicano.com\/wp-content\/uploads\/2026\/02\/Directora-general-de-Superate-Mayra-Jimenez-junto-aJuan-Herrera-de-Opeaciones_-Franklin-Tavera-Difo-1-1024x683.jpeg\" alt=\"\" class=\"wp-image-667444\" srcset=\"https:\/\/diariodominicano.com\/wp-content\/uploads\/2026\/02\/Directora-general-de-Superate-Mayra-Jimenez-junto-aJuan-Herrera-de-Opeaciones_-Franklin-Tavera-Difo-1-1024x683.jpeg 1024w, https:\/\/diariodominicano.com\/wp-content\/uploads\/2026\/02\/Directora-general-de-Superate-Mayra-Jimenez-junto-aJuan-Herrera-de-Opeaciones_-Franklin-Tavera-Difo-1-300x200.jpeg 300w, https:\/\/diariodominicano.com\/wp-content\/uploads\/2026\/02\/Directora-general-de-Superate-Mayra-Jimenez-junto-aJuan-Herrera-de-Opeaciones_-Franklin-Tavera-Difo-1-768x512.jpeg 768w, https:\/\/diariodominicano.com\/wp-content\/uploads\/2026\/02\/Directora-general-de-Superate-Mayra-Jimenez-junto-aJuan-Herrera-de-Opeaciones_-Franklin-Tavera-Difo-1-1536x1024.jpeg 1536w, https:\/\/diariodominicano.com\/wp-content\/uploads\/2026\/02\/Directora-general-de-Superate-Mayra-Jimenez-junto-aJuan-Herrera-de-Opeaciones_-Franklin-Tavera-Difo-1-816x544.jpeg 816w, https:\/\/diariodominicano.com\/wp-content\/uploads\/2026\/02\/Directora-general-de-Superate-Mayra-Jimenez-junto-aJuan-Herrera-de-Opeaciones_-Franklin-Tavera-Difo-1.jpeg 1600w\" sizes=\"auto, (max-width: 1024px) 100vw, 1024px\" \/><figcaption class=\"wp-element-caption\">Directora general de Sup\u00e9rate, Mayra Jim\u00e9nez junto aJuan Herrera, de Opeaciones_ Franklin Tavera Difo, director provincial de la Defensa Civil y acompa\u00f1antes conversando acerca de la situaci\u00f3n  enla zona afectada.<\/figcaption><\/figure>\n<\/figure>\n\n\n\n<p><strong>El levantamiento preliminar de la situaci\u00f3n indica que aproximadamente el 60 % de las personas afectadas en Mar\u00eda Trinidad S\u00e1nchez son beneficiarias de los programas de protecci\u00f3n social de Sup\u00e9rate, lo que representa aproximadamente 631 hogares beneficiarios y m\u00e1s de 2,500 personas en condici\u00f3n de vulnerabilidad directamente afectadas.<\/strong><\/p>\n\n\n\n<p><strong>Ante este escenario, la instituci\u00f3n activ\u00f3 su comit\u00e9 de emergencia y coordina acciones con las dem\u00e1s entidades del Estado para ir en socorro de las familias afectadas, brindando apoyo material y acompa\u00f1amiento sociofamiliar en los territorios impactados.<\/strong><\/p>\n\n\n\n<figure class=\"wp-block-gallery has-nested-images columns-default is-cropped wp-block-gallery-2 is-layout-flex wp-block-gallery-is-layout-flex\">\n<figure class=\"wp-block-image size-large\"><img loading=\"lazy\" decoding=\"async\" width=\"1024\" height=\"683\" data-id=\"667443\" src=\"https:\/\/diariodominicano.com\/wp-content\/uploads\/2026\/02\/El-equipo-de-la-Direccion-de-Desarrollo-Social-Superate-junto-a-la-Gobernadora-el-encargado-de-la-defensa-Civil-1-1024x683.jpeg\" alt=\"\" class=\"wp-image-667443\" srcset=\"https:\/\/diariodominicano.com\/wp-content\/uploads\/2026\/02\/El-equipo-de-la-Direccion-de-Desarrollo-Social-Superate-junto-a-la-Gobernadora-el-encargado-de-la-defensa-Civil-1-1024x683.jpeg 1024w, https:\/\/diariodominicano.com\/wp-content\/uploads\/2026\/02\/El-equipo-de-la-Direccion-de-Desarrollo-Social-Superate-junto-a-la-Gobernadora-el-encargado-de-la-defensa-Civil-1-300x200.jpeg 300w, https:\/\/diariodominicano.com\/wp-content\/uploads\/2026\/02\/El-equipo-de-la-Direccion-de-Desarrollo-Social-Superate-junto-a-la-Gobernadora-el-encargado-de-la-defensa-Civil-1-768x512.jpeg 768w, https:\/\/diariodominicano.com\/wp-content\/uploads\/2026\/02\/El-equipo-de-la-Direccion-de-Desarrollo-Social-Superate-junto-a-la-Gobernadora-el-encargado-de-la-defensa-Civil-1-1536x1024.jpeg 1536w, https:\/\/diariodominicano.com\/wp-content\/uploads\/2026\/02\/El-equipo-de-la-Direccion-de-Desarrollo-Social-Superate-junto-a-la-Gobernadora-el-encargado-de-la-defensa-Civil-1-816x544.jpeg 816w, https:\/\/diariodominicano.com\/wp-content\/uploads\/2026\/02\/El-equipo-de-la-Direccion-de-Desarrollo-Social-Superate-junto-a-la-Gobernadora-el-encargado-de-la-defensa-Civil-1.jpeg 1600w\" sizes=\"auto, (max-width: 1024px) 100vw, 1024px\" \/><figcaption class=\"wp-element-caption\">El equipo de la Direcci\u00f3n de Desarrollo Social Sup\u00e9rate, junto a la Gobernadora, el encargado de la defensa Civil tratando los temas de intervenci\u00f3n para los afectados en Mar\u00eda Trinidad S\u00e1nchez y Saman\u00e1 <\/figcaption><\/figure>\n<\/figure>\n\n\n\n<p><strong>Durante el 24 de febrero de 2026 se registraron precipitaciones de alta intensidad en la provincia Mar\u00eda Trinidad S\u00e1nchez, provocando inundaciones urbanas y rurales, desbordamientos de r\u00edos y ca\u00f1adas, as\u00ed como incomunicaci\u00f3n parcial y total de comunidades. El impacto se concentra en cinco territorios: municipio de Nagua, distrito municipal Las Gordas, distrito municipal San Jos\u00e9 de Matanzas, distrito municipal Arroyo al Medio y municipio El Factor.<\/strong><\/p>\n\n\n\n<figure class=\"wp-block-gallery has-nested-images columns-default is-cropped wp-block-gallery-3 is-layout-flex wp-block-gallery-is-layout-flex\">\n<figure class=\"wp-block-image size-large\"><img loading=\"lazy\" decoding=\"async\" width=\"1024\" height=\"683\" data-id=\"667442\" src=\"https:\/\/diariodominicano.com\/wp-content\/uploads\/2026\/02\/Mayra-Jimenez-directora-general-conversando-con-el-equipo-tecnico-para-intervenir-con-prontitud-1-1024x683.jpeg\" alt=\"\" class=\"wp-image-667442\" srcset=\"https:\/\/diariodominicano.com\/wp-content\/uploads\/2026\/02\/Mayra-Jimenez-directora-general-conversando-con-el-equipo-tecnico-para-intervenir-con-prontitud-1-1024x683.jpeg 1024w, https:\/\/diariodominicano.com\/wp-content\/uploads\/2026\/02\/Mayra-Jimenez-directora-general-conversando-con-el-equipo-tecnico-para-intervenir-con-prontitud-1-300x200.jpeg 300w, https:\/\/diariodominicano.com\/wp-content\/uploads\/2026\/02\/Mayra-Jimenez-directora-general-conversando-con-el-equipo-tecnico-para-intervenir-con-prontitud-1-768x512.jpeg 768w, https:\/\/diariodominicano.com\/wp-content\/uploads\/2026\/02\/Mayra-Jimenez-directora-general-conversando-con-el-equipo-tecnico-para-intervenir-con-prontitud-1-1536x1024.jpeg 1536w, https:\/\/diariodominicano.com\/wp-content\/uploads\/2026\/02\/Mayra-Jimenez-directora-general-conversando-con-el-equipo-tecnico-para-intervenir-con-prontitud-1-816x544.jpeg 816w, https:\/\/diariodominicano.com\/wp-content\/uploads\/2026\/02\/Mayra-Jimenez-directora-general-conversando-con-el-equipo-tecnico-para-intervenir-con-prontitud-1.jpeg 1600w\" sizes=\"auto, (max-width: 1024px) 100vw, 1024px\" \/><figcaption class=\"wp-element-caption\">Mayra Jim\u00e9nez, directora general conversando con el equipo t\u00e9cnico para intervenir con prontitud a las familias afectadas por las fuertes lluvias<\/figcaption><\/figure>\n<\/figure>\n\n\n\n<p><strong>De manera preliminar, se han cuantificado 1,052 viviendas afectadas en toda la provincia, cinco municipios y distritos impactados, 22 familias refugiadas en Nagua y el distrito municipal Arroyo al Medio incomunicado.<\/strong><\/p>\n\n\n\n<p><strong>En Las Terrenas, Saman\u00e1, se estiman unas 200 viviendas anegadas. Los sectores impactados son Barrio El Hospital, La Granja, La Ceiba y Barrio Codetel, donde las autoridades locales mantienen labores de evaluaci\u00f3n y respuesta.<\/strong><\/p>\n\n\n\n<p><strong>La instituci\u00f3n indic\u00f3 que, en coordinaci\u00f3n con el Sistema \u00danico de Beneficiarios (SIUBEN), se avanzar\u00e1 en la validaci\u00f3n de datos para focalizar la asistencia en los hogares m\u00e1s vulnerables afectados por el evento clim\u00e1tico.<\/strong><\/p>\n\n\n\n<p><strong>A la directora general le acompa\u00f1aron el subdirector de Operaciones, Juan Herrera; la subdirectora de Desarrollo Inclusivo, Carolina Alvarado; y la directora regional de Cibao Nordeste, Yiraldy Hern\u00e1ndez.&nbsp;<\/strong><\/p>\n\n\n\n<p><strong>Sup\u00e9rate Prensa <a href=\"mailto:superateprensa@gmail.com\">superateprensa@gmail.com<\/a> &nbsp;<\/strong><\/p>\n","protected":false},"excerpt":{"rendered":"<p>La instituci\u00f3n indic\u00f3 que, en coordinaci\u00f3n con el Sistema \u00danico de Beneficiarios (SIUBEN), se avanzar\u00e1 en la validaci\u00f3n de datos para focalizar la asistencia en los hogares m\u00e1s vulnerables afectados por el evento clim\u00e1tico. NAGUA, RD., 26 de febrero de 2026.-\u00a0La directora general de la Direcci\u00f3n de Desarrollo Social Sup\u00e9rate, Mayra Jim\u00e9nez, se traslad\u00f3 a [&hellip;]<\/p>\n","protected":false},"author":7,"featured_media":667445,"comment_status":"closed","ping_status":"closed","sticky":false,"template":"","format":"standard","meta":{"footnotes":""},"categories":[36],"tags":[4743,388],"class_list":["post-667425","post","type-post","status-publish","format-standard","has-post-thumbnail","hentry","category-hombresmujeresycosas","tag-direccion-de-desarrollo-social-superate","tag-superate"],"_links":{"self":[{"href":"https:\/\/diariodominicano.com\/index.php?rest_route=\/wp\/v2\/posts\/667425","targetHints":{"allow":["GET"]}}],"collection":[{"href":"https:\/\/diariodominicano.com\/index.php?rest_route=\/wp\/v2\/posts"}],"about":[{"href":"https:\/\/diariodominicano.com\/index.php?rest_route=\/wp\/v2\/types\/post"}],"author":[{"embeddable":true,"href":"https:\/\/diariodominicano.com\/index.php?rest_route=\/wp\/v2\/users\/7"}],"replies":[{"embeddable":true,"href":"https:\/\/diariodominicano.com\/index.php?rest_route=%2Fwp%2Fv2%2Fcomments&post=667425"}],"version-history":[{"count":1,"href":"https:\/\/diariodominicano.com\/index.php?rest_route=\/wp\/v2\/posts\/667425\/revisions"}],"predecessor-version":[{"id":667449,"href":"https:\/\/diariodominicano.com\/index.php?rest_route=\/wp\/v2\/posts\/667425\/revisions\/667449"}],"wp:featuredmedia":[{"embeddable":true,"href":"https:\/\/diariodominicano.com\/index.php?rest_route=\/wp\/v2\/media\/667445"}],"wp:attachment":[{"href":"https:\/\/diariodominicano.com\/index.php?rest_route=%2Fwp%2Fv2%2Fmedia&parent=667425"}],"wp:term":[{"taxonomy":"category","embeddable":true,"href":"https:\/\/diariodominicano.com\/index.php?rest_route=%2Fwp%2Fv2%2Fcategories&post=667425"},{"taxonomy":"post_tag","embeddable":true,"href":"https:\/\/diariodominicano.com\/index.php?rest_route=%2Fwp%2Fv2%2Ftags&post=667425"}],"curies":[{"name":"wp","href":"https:\/\/api.w.org\/{rel}","templated":true}]}}