{"id":667379,"date":"2026-02-26T02:39:17","date_gmt":"2026-02-26T06:39:17","guid":{"rendered":"https:\/\/diariodominicano.com\/?p=667379"},"modified":"2026-02-26T02:39:49","modified_gmt":"2026-02-26T06:39:49","slug":"cooperacion-china-alemania-es-la-unica-solucion-optima-para-abordar-riesgos-dice-primer-ministro-chino","status":"publish","type":"post","link":"https:\/\/diariodominicano.com\/?p=667379","title":{"rendered":"Cooperaci\u00f3n China-Alemania es la \u00fanica soluci\u00f3n \u00f3ptima para abordar riesgos, dice primer ministro chino"},"content":{"rendered":"\n<p><em>spanish.news.cn<\/em>|<em>&nbsp;2026-02-26 01:16:45<\/em>|<\/p>\n\n\n\n<p>(Xinhua\/Huang Jingwen)<\/p>\n\n\n\n<p>BEIJING, 25 feb (Xinhua) &#8212; El primer ministro chino, Li Qiang, afirm\u00f3 hoy mi\u00e9rcoles que la cooperaci\u00f3n entre China y Alemania es la \u00fanica soluci\u00f3n \u00f3ptima para abordar los riesgos, y que el desarrollo es la \u00fanica opci\u00f3n para que ambas partes garanticen su seguridad.<\/p>\n\n\n\n<p>Li emiti\u00f3 estas declaraciones al asistir, junto con el canciller alem\u00e1n, Friedrich Merz, de visita en el pa\u00eds, a un simposio del comit\u00e9 asesor econ\u00f3mico China-Alemania en Beijing.<\/p>\n\n\n\n<p>\u00abCuanto m\u00e1s grave sea la situaci\u00f3n, m\u00e1s deber\u00edan China y Alemania fortalecer su cooperaci\u00f3n\u00bb, se\u00f1al\u00f3 Li.<\/p>\n\n\n\n<p>En medio de la creciente inestabilidad e incertidumbre en la econom\u00eda mundial, Li dijo que China y Alemania, como dos grandes econom\u00edas y mediante una cooperaci\u00f3n estrecha y continua, no s\u00f3lo han ampliado el espacio para su propio desarrollo, sino que tambi\u00e9n han creado fuerzas impulsoras para la econom\u00eda mundial.<\/p>\n\n\n\n<p>Li se\u00f1al\u00f3 que tanto la econom\u00eda china como la alemana muestran un impulso positivo de recuperaci\u00f3n y que habr\u00e1 un mayor espacio para la cooperaci\u00f3n econ\u00f3mica y comercial entre los dos pa\u00edses durante el per\u00edodo del XV Plan Quinquenal, que comenz\u00f3 este a\u00f1o.<\/p>\n\n\n\n<p>El modelo b\u00e1sico de cooperaci\u00f3n China-Alemania, caracterizado por la complementariedad industrial, no ha cambiado, y las \u00e1reas en las que ambos pa\u00edses pueden colaborar superan con creces aquellas en las que ambas partes compiten en\u00e9rgicamente, expres\u00f3 Li, y a\u00f1adi\u00f3 que es totalmente posible promover el desarrollo conjuntamente conformando una relaci\u00f3n sana definida tanto por la competencia como por la cooperaci\u00f3n.<\/p>\n\n\n\n<p>En busca de resultados de beneficio mutuo de mayor nivel, Li inst\u00f3 a China y Alemania a coordinar esfuerzos en tres \u00e1reas principales.<\/p>\n\n\n\n<p>En primer lugar, Li pidi\u00f3 fortalecer los cimientos b\u00e1sicos de la cooperaci\u00f3n tradicional, y que las empresas de ambos pa\u00edses sigan profundizando su cooperaci\u00f3n en \u00e1mbitos como maquinaria, equipo y productos qu\u00edmicos, y aceleren la adaptaci\u00f3n local de sus negocios.<\/p>\n\n\n\n<p>En segundo lugar, respecto a las nuevas oportunidades para el desarrollo futuro, Li indic\u00f3 que ambos pa\u00edses deben apoyar a las empresas y a las instituciones de investigaci\u00f3n cient\u00edfica para promover el flujo bidireccional de recursos innovadores, unirse para explorar conjuntamente terceros mercados y realizar investigaciones conjuntas y exhaustivas sobre tecnolog\u00eda y la construcci\u00f3n de plataformas en aras de compartir los resultados de la cooperaci\u00f3n.<\/p>\n\n\n\n<p>En tercer lugar, Li inst\u00f3 a la creaci\u00f3n de un entorno favorable para la inversi\u00f3n y los negocios. China ampliar\u00e1 firmemente su apertura de alto nivel y abordar\u00e1 activamente las demandas razonables de las empresas financiadas por Alemania y otros pa\u00edses, asever\u00f3 Li, y expres\u00f3 la esperanza de China de que el Gobierno alem\u00e1n proporcione un entorno empresarial abierto, justo y no discriminatorio para las empresas chinas que operan en el pa\u00eds.<\/p>\n\n\n\n<p>China tambi\u00e9n espera que los empresarios chinos y alemanes desempe\u00f1en un papel clave en la promoci\u00f3n de la cooperaci\u00f3n econ\u00f3mica y comercial, en el fortalecimiento de la comunicaci\u00f3n y el entendimiento entre las dos partes y en la promoci\u00f3n de la estabilidad de las relaciones bilaterales, agreg\u00f3 Li.<\/p>\n\n\n\n<p>Al se\u00f1alar que Alemania y China son socios comerciales importantes, Merz dijo que estas relaciones econ\u00f3micas y comerciales bilaterales, caracterizadas por su vitalidad, han mantenido un alto nivel de desarrollo a lo largo de los a\u00f1os, impulsando eficazmente el crecimiento econ\u00f3mico de ambos pa\u00edses.<\/p>\n\n\n\n<p>A\u00f1adi\u00f3 que Alemania est\u00e1 comprometida al aprendizaje mutuo y al intercambio de experiencias con China, y a reforzar la cooperaci\u00f3n de beneficio mutuo en \u00e1reas como autom\u00f3viles, qu\u00edmica, maquinaria, energ\u00edas renovables y econom\u00eda digital, con el objetivo de fomentar la prosperidad com\u00fan y apoyar el desarrollo estable y duradero de las relaciones Alemania-China.<\/p>\n\n\n\n<p>Alemania apoya a las empresas alemanas en la profundizaci\u00f3n de su inversi\u00f3n en el mercado chino, est\u00e1 dispuesta a mejorar continuamente su entorno empresarial y da la bienvenida a que m\u00e1s empresas chinas inviertan y operen en Alemania, creando empleos y fortaleciendo la conectividad, asever\u00f3.<\/p>\n\n\n\n<p><a href=\"https:\/\/www.facebook.com\/sharer\/sharer.php?u=https:\/\/spanish.news.cn\/20260226\/d465c4ab38c1493e9506adc8b119f0ae\/c.html\" target=\"_blank\" rel=\"noreferrer noopener\"><\/a>&nbsp;<a href=\"https:\/\/twitter.com\/intent\/tweet?text=%0A%20%20%20%20%20%20%20%20%20%20%20%20%20%20%20%20%20%20%20%20Cooperaci%C3%B3n%20China-Alemania%20es%20la%20%C3%BAnica%20soluci%C3%B3n%20%C3%B3ptima%20para%20abordar%20riesgos,%20dice%20primer%20ministro%20chino%0A%20%20%20%20%20%20%20%20%20%20%20%20%20%20%20%20&amp;url=https:\/\/spanish.news.cn\/20260226\/d465c4ab38c1493e9506adc8b119f0ae\/c.html\" target=\"_blank\" rel=\"noreferrer noopener\"><\/a>&nbsp;<a target=\"_blank\" href=\"https:\/\/service.weibo.com\/share\/share.php?title=%0A%20%20%20%20%20%20%20%20%20%20%20%20%20%20%20%20%20%20%20%20Cooperaci%C3%B3n%20China-Alemania%20es%20la%20%C3%BAnica%20soluci%C3%B3n%20%C3%B3ptima%20para%20abordar%20riesgos,%20dice%20primer%20ministro%20chino%0A%20%20%20%20%20%20%20%20%20%20%20%20%20%20%20%20&amp;url=https:\/\/spanish.news.cn\/20260226\/d465c4ab38c1493e9506adc8b119f0ae\/c.html\" rel=\"noreferrer noopener\"><\/a>&nbsp;<a><\/a><\/p>\n\n\n\n<figure class=\"wp-block-image\"><img decoding=\"async\" src=\"https:\/\/imgs.news.cn\/res\/xhwimg\/spanish\/20170522\/img\/jc-xfa.png\" alt=\"\"\/><\/figure>\n","protected":false},"excerpt":{"rendered":"<p>spanish.news.cn|&nbsp;2026-02-26 01:16:45| (Xinhua\/Huang Jingwen) BEIJING, 25 feb (Xinhua) &#8212; El primer ministro chino, Li Qiang, afirm\u00f3 hoy mi\u00e9rcoles que la cooperaci\u00f3n entre China y Alemania es la \u00fanica soluci\u00f3n \u00f3ptima para abordar los riesgos, y que el desarrollo es la \u00fanica opci\u00f3n para que ambas partes garanticen su seguridad. Li emiti\u00f3 estas declaraciones al asistir, [&hellip;]<\/p>\n","protected":false},"author":2,"featured_media":667380,"comment_status":"open","ping_status":"closed","sticky":false,"template":"","format":"standard","meta":{"footnotes":""},"categories":[18,23],"tags":[3494,1388],"class_list":["post-667379","post","type-post","status-publish","format-standard","has-post-thumbnail","hentry","category-economia","category-internacional","tag-alemania","tag-china"],"_links":{"self":[{"href":"https:\/\/diariodominicano.com\/index.php?rest_route=\/wp\/v2\/posts\/667379","targetHints":{"allow":["GET"]}}],"collection":[{"href":"https:\/\/diariodominicano.com\/index.php?rest_route=\/wp\/v2\/posts"}],"about":[{"href":"https:\/\/diariodominicano.com\/index.php?rest_route=\/wp\/v2\/types\/post"}],"author":[{"embeddable":true,"href":"https:\/\/diariodominicano.com\/index.php?rest_route=\/wp\/v2\/users\/2"}],"replies":[{"embeddable":true,"href":"https:\/\/diariodominicano.com\/index.php?rest_route=%2Fwp%2Fv2%2Fcomments&post=667379"}],"version-history":[{"count":1,"href":"https:\/\/diariodominicano.com\/index.php?rest_route=\/wp\/v2\/posts\/667379\/revisions"}],"predecessor-version":[{"id":667381,"href":"https:\/\/diariodominicano.com\/index.php?rest_route=\/wp\/v2\/posts\/667379\/revisions\/667381"}],"wp:featuredmedia":[{"embeddable":true,"href":"https:\/\/diariodominicano.com\/index.php?rest_route=\/wp\/v2\/media\/667380"}],"wp:attachment":[{"href":"https:\/\/diariodominicano.com\/index.php?rest_route=%2Fwp%2Fv2%2Fmedia&parent=667379"}],"wp:term":[{"taxonomy":"category","embeddable":true,"href":"https:\/\/diariodominicano.com\/index.php?rest_route=%2Fwp%2Fv2%2Fcategories&post=667379"},{"taxonomy":"post_tag","embeddable":true,"href":"https:\/\/diariodominicano.com\/index.php?rest_route=%2Fwp%2Fv2%2Ftags&post=667379"}],"curies":[{"name":"wp","href":"https:\/\/api.w.org\/{rel}","templated":true}]}}