{"id":667351,"date":"2026-02-26T02:06:11","date_gmt":"2026-02-26T06:06:11","guid":{"rendered":"https:\/\/diariodominicano.com\/?p=667351"},"modified":"2026-02-26T02:06:14","modified_gmt":"2026-02-26T06:06:14","slug":"las-elecciones-presidenciales-de-portugal","status":"publish","type":"post","link":"https:\/\/diariodominicano.com\/?p=667351","title":{"rendered":"Las Elecciones Presidenciales de Portugal"},"content":{"rendered":"\n<p><strong>Por: Luis Fern\u00e1ndez<\/strong><\/p>\n\n\n\n<p><img loading=\"lazy\" decoding=\"async\" width=\"195\" height=\"217\" src=\"\" alt=\"La cara de un hombre con lentes y traje\n\nDescripci\u00f3n generada autom\u00e1ticamente con confianza media\">Portugal pa\u00eds situado al sur del continente europeo, conformando junto a Espa\u00f1a la pen\u00ednsula ib\u00e9rica, cuya capital y ciudad mas poblada es Lisboa y es uno de los 27 estados que componen la Uni\u00f3n <a>Europea<\/a>, celebr\u00f3 recientemente sus elecciones presidenciales nacionales, para elegir y sustituir al presidente en ejercicio Marcelo Rebelo de Sousa, que hab\u00eda cumplido dos periodos consecutivos en la presidencia.<\/p>\n\n\n\n<p>En estas elecciones estuvieron registrados unos 11 millones de personas, se realizaron 2 vueltas, ya que en la primera ronda nadie obtuvo la mitad mas uno de los votos, algo que desde 1986 ocurre por segunda vez, la participaci\u00f3n de la primera vuelta efectuada el 18 de enero fue de 5,77 millones de personas equivalentes a un 52.39% y en la segunda ronda, del 8 de febrero votaron 5.52 millones igual al 50.03%.<\/p>\n\n\n\n<p>En este proceso electoral portugu\u00e9s participaron 11 candidatos oficiales, de los cuales dos obtuvieron la mayor\u00eda de <a>votos<\/a> para pasar a la segunda vuelta, Antonio Jose seguro del Partido Socialista 31.12% y Andre Ventura de la fuerza de ultraderecha denominada CHEGA con 23.52%, lo que moviliz\u00f3 a muchos votantes, organizaciones y personalidades para propinar una contundente derrota al partido ultraderechista.<\/p>\n\n\n\n<p>Es as\u00ed como en la segunda ronda entre los dos candidatos uno socialista y otro ultraderechista y producto de esta gran movilizaci\u00f3n social se derrot\u00f3 abrumadoramente a las fuerzas de ultraderecha radical que amenazan con su expansi\u00f3n al sistema democr\u00e1tico, la convivencia pacifica, las libertades publicas y difunden un discurso xen\u00f3fobo, racista y demag\u00f3gico contra los migrantes.<\/p>\n\n\n\n<p>Antonio Jos\u00e9 Seguro una personalidad de centroizquierda, partidario de un socialismo moderado, es el gran vencedor&nbsp;de las elecciones presidenciales de Portugal, al obtener en la segunda vuelta electoral el 67% de los votos, uno de los mejores resultados desde 1976, lo que lo convierte en el tercer exsecretario general del Partido Socialista en ocupar el palacio presidencial de Bel\u00e9m.<\/p>\n\n\n\n<p>Seguro, de una personalidad siempre mesurada, conciliadora y no divisoria, es tambi\u00e9n un humanista respetado, conocido por su sensatez y su probidad, como lo demostraron, entre las dos vueltas, los apoyos y adhesiones procedentes de gran parte del espectro pol\u00edtico, en particular los del expresidente de la Rep\u00fablica y del PSD, An\u00edbal Cavaco Silva, y los alcaldes de Lisboa y Oporto.<\/p>\n\n\n\n<p>Esta victoria contundente demuestra la preferencia de la mayor\u00eda del electorado, con mantener la estabilidad institucional y democr\u00e1tica del Portugal, en medio de una situaci\u00f3n donde crecen las tensiones y la polarizaci\u00f3n, este voto es en defensa de la democracia y en contra de las posiciones extremistas y es una respuesta mayoritaria a favor de la moderaci\u00f3n democr\u00e1tica.<\/p>\n\n\n\n<p>El futuro trae grandes desaf\u00edos para las fuerzas pol\u00edticas portuguesas y para el presidente electo, que deber\u00e1 trabajar con un parlamento y un pa\u00eds fragmentado, frente a una ultraderecha que obtuvo un tercio de los votos, que ha ganado terreno y que tiene una importante fuerza parlamentaria, que utilizar\u00e1 para impulsar pol\u00edticas m\u00e1s duras contra la inmigraci\u00f3n, seguridad y reformas profundas.<\/p>\n\n\n\n<p>Portugal que durante mucho tiempo fue visto como uno de los sistemas mas estables del sur de Europa tras la revoluci\u00f3n de los claveles de 1974, movimiento dirigido por un grupo de oficiales jovenes del ej\u00e9rcito portugu\u00e9s, contra la dictadura del estado, las guerras coloniales de Africa y la falta de libertades democr\u00e1ticas, tiene una gran tarea por delante que es construir su estabilidad sobre bases firmes.<\/p>\n\n\n\n<p>Lo que a la luz de los acontecimientos actuales parece algo complicado y dif\u00edcil en una sociedad polarizada y obligada a negociar para tratar de establecer consensos y acuerdos m\u00e1s complejos, por lo que una democracia madura, no se conforma con ganar elecciones, sino con sacar las conclusiones mas objetivas de los resultados electorales y alimentar alternativas cre\u00edbles para la poblaci\u00f3n.<\/p>\n\n\n\n<p>El pr\u00f3ximo ciclo pol\u00edtico que se inicia con estas elecciones presidenciales, ser\u00e1 muy importante para determinar si Portugal seguir\u00e1 siendo una democracia liberal consolidada con un sistema de partidos funcional o por el contrario caminar\u00e1 hacia una din\u00e1mica de polarizaci\u00f3n y fragmentaci\u00f3n pol\u00edtica y social, que retrase necesarias reformas estructurales.<\/p>\n\n\n\n<p>El pueblo Luso despu\u00e9s de este proceso tiene ante si la gran advertencia y peligro que significa la estrategia pol\u00edtica de una ultraderecha radical, acostumbrada a una din\u00e1mica conflictiva, por lo que la unidad de los portugueses es fundamental para hacer frente a estas pol\u00edticas que en nada contribuyen al bienestar de Portugal y al fortalecimiento del sistema democr\u00e1tico en esa naci\u00f3n europea.<\/p>\n\n\n\n<p><strong>Luis Fern\u00e1ndez, Pol\u00edtico, escritor y comunicador<\/strong><\/p>\n\n\n\n<p><strong>25\/2\/26&nbsp;&nbsp;&nbsp;&nbsp;&nbsp; Santo Domingo R.D.<\/strong><\/p>\n","protected":false},"excerpt":{"rendered":"<p>Por: Luis Fern\u00e1ndez Portugal pa\u00eds situado al sur del continente europeo, conformando junto a Espa\u00f1a la pen\u00ednsula ib\u00e9rica, cuya capital y ciudad mas poblada es Lisboa y es uno de los 27 estados que componen la Uni\u00f3n Europea, celebr\u00f3 recientemente sus elecciones presidenciales nacionales, para elegir y sustituir al presidente en ejercicio Marcelo Rebelo de [&hellip;]<\/p>\n","protected":false},"author":2,"featured_media":598241,"comment_status":"open","ping_status":"closed","sticky":false,"template":"","format":"standard","meta":{"footnotes":""},"categories":[19,16],"tags":[1786],"class_list":["post-667351","post","type-post","status-publish","format-standard","has-post-thumbnail","hentry","category-mi-voz","category-opiniones","tag-luis-fernandez"],"_links":{"self":[{"href":"https:\/\/diariodominicano.com\/index.php?rest_route=\/wp\/v2\/posts\/667351","targetHints":{"allow":["GET"]}}],"collection":[{"href":"https:\/\/diariodominicano.com\/index.php?rest_route=\/wp\/v2\/posts"}],"about":[{"href":"https:\/\/diariodominicano.com\/index.php?rest_route=\/wp\/v2\/types\/post"}],"author":[{"embeddable":true,"href":"https:\/\/diariodominicano.com\/index.php?rest_route=\/wp\/v2\/users\/2"}],"replies":[{"embeddable":true,"href":"https:\/\/diariodominicano.com\/index.php?rest_route=%2Fwp%2Fv2%2Fcomments&post=667351"}],"version-history":[{"count":1,"href":"https:\/\/diariodominicano.com\/index.php?rest_route=\/wp\/v2\/posts\/667351\/revisions"}],"predecessor-version":[{"id":667352,"href":"https:\/\/diariodominicano.com\/index.php?rest_route=\/wp\/v2\/posts\/667351\/revisions\/667352"}],"wp:featuredmedia":[{"embeddable":true,"href":"https:\/\/diariodominicano.com\/index.php?rest_route=\/wp\/v2\/media\/598241"}],"wp:attachment":[{"href":"https:\/\/diariodominicano.com\/index.php?rest_route=%2Fwp%2Fv2%2Fmedia&parent=667351"}],"wp:term":[{"taxonomy":"category","embeddable":true,"href":"https:\/\/diariodominicano.com\/index.php?rest_route=%2Fwp%2Fv2%2Fcategories&post=667351"},{"taxonomy":"post_tag","embeddable":true,"href":"https:\/\/diariodominicano.com\/index.php?rest_route=%2Fwp%2Fv2%2Ftags&post=667351"}],"curies":[{"name":"wp","href":"https:\/\/api.w.org\/{rel}","templated":true}]}}