{"id":667310,"date":"2026-02-26T01:06:28","date_gmt":"2026-02-26T05:06:28","guid":{"rendered":"https:\/\/diariodominicano.com\/?p=667310"},"modified":"2026-02-26T01:07:48","modified_gmt":"2026-02-26T05:07:48","slug":"danilo-medina-lamenta-la-ocurrencia-de-dos-apagones-generales-en-3-meses-pld","status":"publish","type":"post","link":"https:\/\/diariodominicano.com\/?p=667310","title":{"rendered":"Danilo Medina lamenta la ocurrencia de dos apagones generales en 3 meses: PLD"},"content":{"rendered":"\n<p><strong><em>El presidente del PLD<\/em><\/strong><em>&nbsp;se muestra esperanzado de los inconvenientes que han generado los Blackout puedan corregirse, porque representan una mala imagen para el pa\u00eds<\/em><\/p>\n\n\n\n<p><\/p>\n\n\n\n<p><strong>El ex presidente de la Rep\u00fablica, Danilo Medina, presidente del Partido de la Liberaci\u00f3n Dominicana (PLD),&nbsp;<\/strong>al lamentar la ocurrencia de dos apagones generales en el pa\u00eds en menos de tres meses, se mostr\u00f3 esperanzado de que el Gobierno pueda superar esa situaci\u00f3n, que le genera una mala imagen a Rep\u00fablica Dominicana.<\/p>\n\n\n\n<p>\u201cOjal\u00e1 que esa situaci\u00f3n se pueda resolver y que no se produzcan apagones tan continuos\u201d, respondi\u00f3 Danilo Medina a los periodistas que le abordaron la ma\u00f1ana de este mi\u00e9rcoles en la Oficina Presidencial del PLD al concluir un encuentro realizado con el Comit\u00e9 Ejecutivo Nacional de la Asociaci\u00f3n Nacional de Profesionales Agropecuarios (ANPA).<\/p>\n\n\n\n<p>\u201cEsos apagones lo que hacen es perjudicar la producci\u00f3n nacional y adem\u00e1s ofrece una mala imagen de Rep\u00fablica Dominicana en el exterior, porque esa noticia se divulga en todo el mundo\u201d, coment\u00f3 Danilo Medina, respondiendo la inquietud de los comunicadores.<\/p>\n\n\n\n<p>Invit\u00f3 a los funcionarios del sector el\u00e9ctrico y el Gobierno a enfrentar los problemas que existen para corregir esa situaci\u00f3n tan molesta para los ciudadanos y de un impacto negativo para la econom\u00eda.<\/p>\n\n\n\n<p>\u201cSi existen problemas por corregir, pues que lo corrijan. Ya el primer apag\u00f3n fue un aviso, lo que sorprende es que tan r\u00e1pido se produjera otro apag\u00f3n general\u201d, agreg\u00f3 el Presidente del PLD.<\/p>\n\n\n\n<p>En el Sal\u00f3n Profesor Juan Bosch de la Oficina Presidencial del PLD , se produjo el encuentro de los miembros del Comit\u00e9 Ejecutivo Nacional de la &nbsp;Asociaci\u00f3n Nacional de Profesionales Agropecuarios (ANPA), encabezado por su presidente Tito Hern\u00e1ndez, con el ex Presidente de la Rep\u00fablica, Danilo Medina, Presidente del PLD, Adriano S\u00e1nchez Roa, Secretario de Asuntos Agropecuarios, Emilio Toribio Olivo, Secretario de Asuntos Campesinos, Francisco Mosquea, de &nbsp;la Secretar\u00eda de Asuntos Gremiales y Profesionales, Juan Francisco Caraballo de la corriente Unidad Gremial &nbsp;entre otros dirigentes del Partido de la Liberaci\u00f3n Dominicana (PLD).<\/p>\n\n\n\n<p><strong>SECRETAR\u00cdA DE COMUNICACIONES<\/strong><strong><\/strong><\/p>\n\n\n\n<p><strong>25 DE FEBRERO, 2026.-<\/strong><strong><\/strong><\/p>\n","protected":false},"excerpt":{"rendered":"<p>El presidente del PLD&nbsp;se muestra esperanzado de los inconvenientes que han generado los Blackout puedan corregirse, porque representan una mala imagen para el pa\u00eds El ex presidente de la Rep\u00fablica, Danilo Medina, presidente del Partido de la Liberaci\u00f3n Dominicana (PLD),&nbsp;al lamentar la ocurrencia de dos apagones generales en el pa\u00eds en menos de tres meses, [&hellip;]<\/p>\n","protected":false},"author":2,"featured_media":667311,"comment_status":"open","ping_status":"closed","sticky":false,"template":"","format":"standard","meta":{"footnotes":""},"categories":[22,27],"tags":[4842],"class_list":["post-667310","post","type-post","status-publish","format-standard","has-post-thumbnail","hentry","category-politica","category-portada","tag-danilomedina"],"_links":{"self":[{"href":"https:\/\/diariodominicano.com\/index.php?rest_route=\/wp\/v2\/posts\/667310","targetHints":{"allow":["GET"]}}],"collection":[{"href":"https:\/\/diariodominicano.com\/index.php?rest_route=\/wp\/v2\/posts"}],"about":[{"href":"https:\/\/diariodominicano.com\/index.php?rest_route=\/wp\/v2\/types\/post"}],"author":[{"embeddable":true,"href":"https:\/\/diariodominicano.com\/index.php?rest_route=\/wp\/v2\/users\/2"}],"replies":[{"embeddable":true,"href":"https:\/\/diariodominicano.com\/index.php?rest_route=%2Fwp%2Fv2%2Fcomments&post=667310"}],"version-history":[{"count":2,"href":"https:\/\/diariodominicano.com\/index.php?rest_route=\/wp\/v2\/posts\/667310\/revisions"}],"predecessor-version":[{"id":667314,"href":"https:\/\/diariodominicano.com\/index.php?rest_route=\/wp\/v2\/posts\/667310\/revisions\/667314"}],"wp:featuredmedia":[{"embeddable":true,"href":"https:\/\/diariodominicano.com\/index.php?rest_route=\/wp\/v2\/media\/667311"}],"wp:attachment":[{"href":"https:\/\/diariodominicano.com\/index.php?rest_route=%2Fwp%2Fv2%2Fmedia&parent=667310"}],"wp:term":[{"taxonomy":"category","embeddable":true,"href":"https:\/\/diariodominicano.com\/index.php?rest_route=%2Fwp%2Fv2%2Fcategories&post=667310"},{"taxonomy":"post_tag","embeddable":true,"href":"https:\/\/diariodominicano.com\/index.php?rest_route=%2Fwp%2Fv2%2Ftags&post=667310"}],"curies":[{"name":"wp","href":"https:\/\/api.w.org\/{rel}","templated":true}]}}