{"id":667268,"date":"2026-02-25T23:57:25","date_gmt":"2026-02-26T03:57:25","guid":{"rendered":"https:\/\/diariodominicano.com\/?p=667268"},"modified":"2026-02-25T23:57:36","modified_gmt":"2026-02-26T03:57:36","slug":"reunion-del-secretario-rubio-con-los-jefes-de-gobierno-de-caricom","status":"publish","type":"post","link":"https:\/\/diariodominicano.com\/?p=667268","title":{"rendered":"Reuni\u00f3n del Secretario Rubio con los Jefes de Gobierno de CARICOM"},"content":{"rendered":"\n<p>25 de febrero de 2026<\/p>\n\n\n\n<p>El Secretario de Estado, Marco Rubio, se reuni\u00f3 con l\u00edderes de la Comunidad del Caribe (CARICOM) en el marco de la 50.\u00aa Reuni\u00f3n Ordinaria de la Conferencia de Jefes de Gobierno en Basseterre, Saint Kitts y Nevis, inform\u00f3 el mi\u00e9rcoles el portavoz adjunto principal Tommy Pigott.<\/p>\n\n\n\n<p>El Secretario resalt\u00f3 la s\u00f3lida alianza de Estados Unidos con el Caribe y reafirm\u00f3 nuestro compromiso compartido con la cooperaci\u00f3n en materia de seguridad regional.<\/p>\n\n\n\n<p>Entre los participantes en la reuni\u00f3n se encontraban el Primer Ministro Terrance Drew de Saint Kitts y Nevis, el Primer Ministro Roosevelt Skerrit de Dominica, el Primer Ministro Gaston Browne de Antigua y Barbuda, el Primer Ministro Andrew Holness de Jamaica, la Primera Ministra Mia Mottley de Barbados, el Presidente Irfaan Ali de Guyana, el Primer Ministro John Brice\u00f1o de Belice, el Primer Ministro Philip J. Pierre de Santa Luc\u00eda, el Primer Ministro Philip Davis de las Bahamas, el Primer Ministro Dickon Mitchell de Granada, el Primer Ministro Alix Didier Fils-Aim\u00e9 de Hait\u00ed, la Primera Ministra Kamla Persad-Bissessar de Trinidad y Tobago, la Presidenta Jennifer Geerlings-Simons de Surinam y el Primer Ministro Godwin Friday de San Vicente y las Granadinas.<\/p>\n\n\n\n<p>U.S. Department of State<\/p>\n\n\n\n<p><a target=\"_blank\" href=\"mailto:usstatebpa@public.govdelivery.com\" rel=\"noreferrer noopener\">usstatebpa@public.govdelivery.com<\/a><\/p>\n","protected":false},"excerpt":{"rendered":"<p>25 de febrero de 2026 El Secretario de Estado, Marco Rubio, se reuni\u00f3 con l\u00edderes de la Comunidad del Caribe (CARICOM) en el marco de la 50.\u00aa Reuni\u00f3n Ordinaria de la Conferencia de Jefes de Gobierno en Basseterre, Saint Kitts y Nevis, inform\u00f3 el mi\u00e9rcoles el portavoz adjunto principal Tommy Pigott. El Secretario resalt\u00f3 la [&hellip;]<\/p>\n","protected":false},"author":2,"featured_media":552535,"comment_status":"open","ping_status":"closed","sticky":false,"template":"","format":"standard","meta":{"footnotes":""},"categories":[23,27],"tags":[4834,3227],"class_list":["post-667268","post","type-post","status-publish","format-standard","has-post-thumbnail","hentry","category-internacional","category-portada","tag-caricom","tag-marco-rubio"],"_links":{"self":[{"href":"https:\/\/diariodominicano.com\/index.php?rest_route=\/wp\/v2\/posts\/667268","targetHints":{"allow":["GET"]}}],"collection":[{"href":"https:\/\/diariodominicano.com\/index.php?rest_route=\/wp\/v2\/posts"}],"about":[{"href":"https:\/\/diariodominicano.com\/index.php?rest_route=\/wp\/v2\/types\/post"}],"author":[{"embeddable":true,"href":"https:\/\/diariodominicano.com\/index.php?rest_route=\/wp\/v2\/users\/2"}],"replies":[{"embeddable":true,"href":"https:\/\/diariodominicano.com\/index.php?rest_route=%2Fwp%2Fv2%2Fcomments&post=667268"}],"version-history":[{"count":1,"href":"https:\/\/diariodominicano.com\/index.php?rest_route=\/wp\/v2\/posts\/667268\/revisions"}],"predecessor-version":[{"id":667269,"href":"https:\/\/diariodominicano.com\/index.php?rest_route=\/wp\/v2\/posts\/667268\/revisions\/667269"}],"wp:featuredmedia":[{"embeddable":true,"href":"https:\/\/diariodominicano.com\/index.php?rest_route=\/wp\/v2\/media\/552535"}],"wp:attachment":[{"href":"https:\/\/diariodominicano.com\/index.php?rest_route=%2Fwp%2Fv2%2Fmedia&parent=667268"}],"wp:term":[{"taxonomy":"category","embeddable":true,"href":"https:\/\/diariodominicano.com\/index.php?rest_route=%2Fwp%2Fv2%2Fcategories&post=667268"},{"taxonomy":"post_tag","embeddable":true,"href":"https:\/\/diariodominicano.com\/index.php?rest_route=%2Fwp%2Fv2%2Ftags&post=667268"}],"curies":[{"name":"wp","href":"https:\/\/api.w.org\/{rel}","templated":true}]}}