{"id":667183,"date":"2026-02-25T11:44:50","date_gmt":"2026-02-25T15:44:50","guid":{"rendered":"https:\/\/diariodominicano.com\/?p=667183"},"modified":"2026-02-25T17:36:12","modified_gmt":"2026-02-25T21:36:12","slug":"mariasela-alvarez-coronada-como-reina-momo-del-carnaval-de-punta-cana-2026","status":"publish","type":"post","link":"https:\/\/diariodominicano.com\/?p=667183","title":{"rendered":"Mariasela \u00c1lvarez coronada como Reina Momo del Carnaval de Punta Cana 2026"},"content":{"rendered":"\n<p><em>El evento celebr\u00f3 su decimos\u00e9ptima edici\u00f3n, congregando a m\u00e1s de 15 mil personas y reafirm\u00e1ndose como referente del arte y la cultura en la regi\u00f3n Este del pa\u00eds.<\/em><\/p>\n\n\n\n<figure class=\"wp-block-image size-large\"><img loading=\"lazy\" decoding=\"async\" width=\"1024\" height=\"683\" src=\"https:\/\/diariodominicano.com\/wp-content\/uploads\/2026\/02\/La-Musas-1-1024x683.jpg\" alt=\"\" class=\"wp-image-667185\" srcset=\"https:\/\/diariodominicano.com\/wp-content\/uploads\/2026\/02\/La-Musas-1-1024x683.jpg 1024w, https:\/\/diariodominicano.com\/wp-content\/uploads\/2026\/02\/La-Musas-1-300x200.jpg 300w, https:\/\/diariodominicano.com\/wp-content\/uploads\/2026\/02\/La-Musas-1-768x512.jpg 768w, https:\/\/diariodominicano.com\/wp-content\/uploads\/2026\/02\/La-Musas-1-1536x1024.jpg 1536w, https:\/\/diariodominicano.com\/wp-content\/uploads\/2026\/02\/La-Musas-1-2048x1365.jpg 2048w, https:\/\/diariodominicano.com\/wp-content\/uploads\/2026\/02\/La-Musas-1-816x544.jpg 816w\" sizes=\"auto, (max-width: 1024px) 100vw, 1024px\" \/><\/figure>\n\n\n\n<p><strong>Las Musas.<\/strong><\/p>\n\n\n\n<p><strong>Punta Cana, La Altagracia.<\/strong>&nbsp;&#8211; El Boulevard 1ro. de Noviembre volvi\u00f3 a convertirse en el epicentro del arte, la tradici\u00f3n y la identidad dominicana con la celebraci\u00f3n del Carnaval de Punta Cana 2026, iniciativa de Grupo Puntacana a trav\u00e9s de su Fundaci\u00f3n Puntacana que, desde 2008, promueve la preservaci\u00f3n y proyecci\u00f3n de las expresiones folcl\u00f3ricas nacionales en la regi\u00f3n Este del pa\u00eds.<\/p>\n\n\n\n<figure class=\"wp-block-image size-large\"><img loading=\"lazy\" decoding=\"async\" width=\"1024\" height=\"683\" src=\"https:\/\/diariodominicano.com\/wp-content\/uploads\/2026\/02\/PCIS-2-1024x683.jpg\" alt=\"\" class=\"wp-image-667187\" srcset=\"https:\/\/diariodominicano.com\/wp-content\/uploads\/2026\/02\/PCIS-2-1024x683.jpg 1024w, https:\/\/diariodominicano.com\/wp-content\/uploads\/2026\/02\/PCIS-2-300x200.jpg 300w, https:\/\/diariodominicano.com\/wp-content\/uploads\/2026\/02\/PCIS-2-768x512.jpg 768w, https:\/\/diariodominicano.com\/wp-content\/uploads\/2026\/02\/PCIS-2-1536x1024.jpg 1536w, https:\/\/diariodominicano.com\/wp-content\/uploads\/2026\/02\/PCIS-2-2048x1365.jpg 2048w, https:\/\/diariodominicano.com\/wp-content\/uploads\/2026\/02\/PCIS-2-816x544.jpg 816w\" sizes=\"auto, (max-width: 1024px) 100vw, 1024px\" \/><\/figure>\n\n\n\n<p>El evento inici\u00f3 con uno de los momentos m\u00e1s emblem\u00e1ticos del desfile, la coronaci\u00f3n de la Reina Momo 2026, honor que este a\u00f1o fue otorgado a la reconocida comunicadora Mariasela \u00c1lvarez, convirti\u00e9ndose en la segunda mujer en recibir esta distinci\u00f3n en la historia del evento.<\/p>\n\n\n\n<figure class=\"wp-block-image size-large\"><img loading=\"lazy\" decoding=\"async\" width=\"1024\" height=\"683\" src=\"https:\/\/diariodominicano.com\/wp-content\/uploads\/2026\/02\/Caracoli-Global-School-1024x683.jpg\" alt=\"\" class=\"wp-image-667186\" srcset=\"https:\/\/diariodominicano.com\/wp-content\/uploads\/2026\/02\/Caracoli-Global-School-1024x683.jpg 1024w, https:\/\/diariodominicano.com\/wp-content\/uploads\/2026\/02\/Caracoli-Global-School-300x200.jpg 300w, https:\/\/diariodominicano.com\/wp-content\/uploads\/2026\/02\/Caracoli-Global-School-768x512.jpg 768w, https:\/\/diariodominicano.com\/wp-content\/uploads\/2026\/02\/Caracoli-Global-School-1536x1024.jpg 1536w, https:\/\/diariodominicano.com\/wp-content\/uploads\/2026\/02\/Caracoli-Global-School-2048x1365.jpg 2048w, https:\/\/diariodominicano.com\/wp-content\/uploads\/2026\/02\/Caracoli-Global-School-816x544.jpg 816w\" sizes=\"auto, (max-width: 1024px) 100vw, 1024px\" \/><\/figure>\n\n\n\n<p><strong>Caracol\u00ed Global<\/strong><\/p>\n\n\n\n<p>\u00c1lvarez, primera dominicana en ganar el certamen Miss World 1982, ha construido una s\u00f3lida trayectoria de m\u00e1s de cuatro d\u00e9cadas en la comunicaci\u00f3n, caracterizada por su liderazgo, pensamiento cr\u00edtico y compromiso con causas sociales. Su programa \u201cEsta Noche Mariasela\u201d se consolid\u00f3 como uno de los espacios de mayor credibilidad de la televisi\u00f3n dominicana, siendo reconocido con m\u00faltiples Premios Soberano.<\/p>\n\n\n\n<p>La coronaci\u00f3n estuvo a cargo de Paola Rainieri, Chief Marketing Officer del Grupo Puntacana, y marc\u00f3 el inicio oficial del desfile. Posteriormente, la Reina Momo recorri\u00f3 el boulevard en un veh\u00edculo de colecci\u00f3n acompa\u00f1ada por el fundador del Grupo Puntacana, Frank Rainieri, en medio del entusiasmo del p\u00fablico.<\/p>\n\n\n\n<p>M\u00e1s de 60 comparsas y alrededor de 1,500 carnavaleros participaron en esta edici\u00f3n, representando distintas provincias del pa\u00eds como La Vega, Santiago, Puerto Plata, Bonao, San Crist\u00f3bal, San Juan, Barahona y el Distrito Nacional, entre otras, as\u00ed como delegaciones internacionales invitadas desde Miami, Hait\u00ed, Per\u00fa, Bahama y Aruba. El desfile ofreci\u00f3 un espect\u00e1culo de creatividad, tradici\u00f3n y diversidad cultural que integr\u00f3 personajes tradicionales, fantas\u00eda y expresiones contempor\u00e1neas.<\/p>\n\n\n\n<p>Los asistentes disfrutaron del evento desde 17 tarimas y 20 gradas gratuitas, en un ambiente familiar, organizado y seguro, complementado con una amplia oferta gastron\u00f3mica y espacios dise\u00f1ados para el disfrute de grandes y peque\u00f1os.<\/p>\n\n\n\n<h1 class=\"wp-block-heading\">Las Musas de Punta Cana rinden homenaje al Manglar<\/h1>\n\n\n\n<p>Como cada a\u00f1o, Las Musas de Punta Cana marcaron uno de los momentos m\u00e1s esperados del desfile. En esta edici\u00f3n presentaron \u201cLas Musas del Manglar\u201d, una propuesta art\u00edstica que exalt\u00f3 la biodiversidad y el valor ecol\u00f3gico de este ecosistema clave para la protecci\u00f3n costera. A trav\u00e9s de vestuarios confeccionados por las propias integrantes, en tonalidades verdes y azules, la comparsa integr\u00f3 arte, comunidad y conciencia ambiental en una puesta en escena que reafirma el sello distintivo del carnaval.&nbsp;&#8212;<\/p>\n\n\n\n<figure class=\"wp-block-table\"><table class=\"has-fixed-layout\"><tbody><tr><td><em>Mar\u00eda Alejandra Alc\u00e1ntara<\/em><strong> <\/strong><strong>Coordinadora de Relaciones P\u00fablicas<\/strong> |&nbsp;<a href=\"http:\/\/www.cicom.do\/\" target=\"_blank\" rel=\"noreferrer noopener\"><strong>www.cicom.do<\/strong><\/a>&nbsp;&nbsp; &nbsp;&nbsp;<a href=\"https:\/\/www.facebook.com\/CICOMRD\/\" target=\"_blank\" rel=\"noreferrer noopener\"><\/a>&nbsp;&nbsp;<a href=\"https:\/\/www.instagram.com\/cicomrd\" target=\"_blank\" rel=\"noreferrer noopener\"><\/a>&nbsp;&nbsp;<a href=\"https:\/\/twitter.com\/cicomrd\" target=\"_blank\" rel=\"noreferrer noopener\"><\/a><strong>__________________________________<\/strong><strong><br><\/strong><strong><br><\/strong><\/td><\/tr><\/tbody><\/table><\/figure>\n","protected":false},"excerpt":{"rendered":"<p>El evento celebr\u00f3 su decimos\u00e9ptima edici\u00f3n, congregando a m\u00e1s de 15 mil personas y reafirm\u00e1ndose como referente del arte y la cultura en la regi\u00f3n Este del pa\u00eds. Las Musas. Punta Cana, La Altagracia.&nbsp;&#8211; El Boulevard 1ro. de Noviembre volvi\u00f3 a convertirse en el epicentro del arte, la tradici\u00f3n y la identidad dominicana con la [&hellip;]<\/p>\n","protected":false},"author":2,"featured_media":667184,"comment_status":"open","ping_status":"closed","sticky":false,"template":"","format":"standard","meta":{"footnotes":""},"categories":[36,27,32],"tags":[4824,4823,303],"class_list":["post-667183","post","type-post","status-publish","format-standard","has-post-thumbnail","hentry","category-hombresmujeresycosas","category-portada","category-turismo","tag-frank-rainieri","tag-mariasela-alvarez","tag-punta-cana"],"_links":{"self":[{"href":"https:\/\/diariodominicano.com\/index.php?rest_route=\/wp\/v2\/posts\/667183","targetHints":{"allow":["GET"]}}],"collection":[{"href":"https:\/\/diariodominicano.com\/index.php?rest_route=\/wp\/v2\/posts"}],"about":[{"href":"https:\/\/diariodominicano.com\/index.php?rest_route=\/wp\/v2\/types\/post"}],"author":[{"embeddable":true,"href":"https:\/\/diariodominicano.com\/index.php?rest_route=\/wp\/v2\/users\/2"}],"replies":[{"embeddable":true,"href":"https:\/\/diariodominicano.com\/index.php?rest_route=%2Fwp%2Fv2%2Fcomments&post=667183"}],"version-history":[{"count":2,"href":"https:\/\/diariodominicano.com\/index.php?rest_route=\/wp\/v2\/posts\/667183\/revisions"}],"predecessor-version":[{"id":667258,"href":"https:\/\/diariodominicano.com\/index.php?rest_route=\/wp\/v2\/posts\/667183\/revisions\/667258"}],"wp:featuredmedia":[{"embeddable":true,"href":"https:\/\/diariodominicano.com\/index.php?rest_route=\/wp\/v2\/media\/667184"}],"wp:attachment":[{"href":"https:\/\/diariodominicano.com\/index.php?rest_route=%2Fwp%2Fv2%2Fmedia&parent=667183"}],"wp:term":[{"taxonomy":"category","embeddable":true,"href":"https:\/\/diariodominicano.com\/index.php?rest_route=%2Fwp%2Fv2%2Fcategories&post=667183"},{"taxonomy":"post_tag","embeddable":true,"href":"https:\/\/diariodominicano.com\/index.php?rest_route=%2Fwp%2Fv2%2Ftags&post=667183"}],"curies":[{"name":"wp","href":"https:\/\/api.w.org\/{rel}","templated":true}]}}