{"id":667158,"date":"2026-02-25T01:44:32","date_gmt":"2026-02-25T05:44:32","guid":{"rendered":"https:\/\/diariodominicano.com\/?p=667158"},"modified":"2026-03-07T02:06:17","modified_gmt":"2026-03-07T06:06:17","slug":"el-presidente-luis-abinader-pone-en-marcha-la-linea-2c-del-metro-de-santo-domingo","status":"publish","type":"post","link":"https:\/\/diariodominicano.com\/?p=667158","title":{"rendered":"El presidente Luis Abinader pone en marcha la\u00a0L\u00ednea 2C del Metro de Santo Domingo"},"content":{"rendered":"\n<h3 class=\"wp-block-heading\">La obra beneficiar\u00e1 a m\u00e1s de un mill\u00f3n de habitantes de Los Alcarrizos y zonas aleda\u00f1as en SDO.<\/h3>\n\n\n\n<p>24 de Febrero 2026.<\/p>\n\n\n\n<p>Santo Domingo, RD.-\u00a0<strong>El presidente Luis Abinader<\/strong>\u00a0encabez\u00f3 la puesta en marcha de la\u00a0<strong>L\u00ednea 2C del Metro de Santo Domingo,<\/strong>\u00a0que busca\u00a0<strong>mejorar la movilidad urbana<\/strong>\u00a0y reducir la congesti\u00f3n en la\u00a0<strong>autopista Duarte<\/strong>, recorriendo una distancia de\u00a0<strong>7.3 kil\u00f3metros<\/strong>\u00a0desde la estaci\u00f3n\u00a0<strong>Mar\u00eda Montez<\/strong>\u00a0hasta la estaci\u00f3n\u00a0<strong>Pablo Ad\u00f3n Guzm\u00e1n<\/strong>, en la entrada de Los Alcarrizos, beneficiando a\u00a0<strong>m\u00e1s de un mill\u00f3n de habitantes.<\/strong><\/p>\n\n\n\n<p>El proyecto se compone de obra civil y electromec\u00e1nicas,&nbsp;<strong>5 estaciones<\/strong>, una v\u00eda marginal de&nbsp;<strong>6.5 kil\u00f3metros&nbsp;<\/strong>paralela a la autopista Duarte y un&nbsp;<strong>t\u00fanel de 940 metros.<\/strong><\/p>\n\n\n\n<p><em>\u201cHoy Los Alcarrizos se conecta definitivamente con el coraz\u00f3n de la ciudad\u201d,<\/em>&nbsp;exclam\u00f3 el presidente Luis Abinader.<\/p>\n\n\n\n<p><em>\u201cEste no es solo un proyecto de infraestructura. Es una respuesta concreta a una necesidad real. Es una se\u00f1al clara de que cuando el Estado escucha, planifica y persevera, puede transformar la vida de su gente\u201d.<\/em><\/p>\n\n\n\n<p>En su trayecto, la L\u00ednea 2C conectar\u00e1&nbsp;<strong>14 comunidades<\/strong>&nbsp;en \u00e1reas densamente pobladas de&nbsp;<strong>Santo Domingo Oeste<\/strong>, permitiendo a los pasajeros un ahorro en tiempo de hasta dos horas diarias en el traslado de ida y vuelta en las horas pico, elevando su calidad de vida.<\/p>\n\n\n\n<p><em>\u201cMiles de dominicanos de esta zona han dedicado hasta hora y media por trayecto para llegar a sus trabajos o centros de estudios. Con esta l\u00ednea, el recorrido completo podr\u00e1 realizarse en apenas 10 minutos entre estaciones, y el ahorro total en horas pico podr\u00e1 alcanzar hasta dos horas diarias\u201d,<\/em>&nbsp;agreg\u00f3 el jefe de Estado.<\/p>\n\n\n\n<p>Se estima, adem\u00e1s, una disminuci\u00f3n de hasta un&nbsp;<strong>60 %<\/strong>&nbsp;en el gasto de transporte de los usuarios.<\/p>\n\n\n\n<p>El sistema tendr\u00e1 la capacidad de transportar&nbsp;<strong>15,000 pasajeros<\/strong>&nbsp;<strong>por hora por sentido<\/strong>&nbsp;para un total de&nbsp;<strong>150,000 pasajeros al d\u00eda.<\/strong><\/p>\n\n\n\n<p>De su lado, el director de la Oficina para el Reordenamiento del Transporte,&nbsp;<strong>Jhael Isa,<\/strong>&nbsp;indic\u00f3 que, a partir de este importante proyecto que completa el&nbsp;<strong>Sistema Integrado de Transporte,&nbsp;<\/strong>esta ciudad queda interconectada con un sistema de metro de la m\u00e1s alta tecnolog\u00eda, con los&nbsp;<strong>mayores niveles de calidad,<\/strong>&nbsp;y llega al coraz\u00f3n de sus barrios gracias a la integraci\u00f3n con el&nbsp;<strong>Telef\u00e9rico de Los Alcarrizos.<\/strong><\/p>\n\n\n\n<figure class=\"wp-block-image\"><img decoding=\"async\" src=\"https:\/\/presidencia.gob.do\/sites\/default\/files\/inline-images\/WhatsApp%20Image%202026-02-24%20at%205.11.53%20PM.jpeg\" alt=\"\"\/><\/figure>\n\n\n\n<p><strong>Traslado gratuito desde este 25 de febrero hasta Semana Santa<\/strong><\/p>\n\n\n\n<p>En esta primera etapa, la l\u00ednea estar\u00e1 operando&nbsp;<strong>de manera gratuita<\/strong>&nbsp;a partir de este mi\u00e9rcoles 25 de febrero&nbsp;<strong>hasta Semana Santa<\/strong>, en un horario especial de lunes a viernes en la ma\u00f1ana,&nbsp;<strong>de 6:00 a.m. hasta las 10:00 a.m<\/strong>. y en las tardes,&nbsp;<strong>de 6:00 p.m. hasta las 10:00 p.m.&nbsp;<\/strong><\/p>\n\n\n\n<p>Los s\u00e1bados operar\u00e1&nbsp;<strong>de 6:00 a.m. hasta las 10:00 a.m<\/strong>. y en las tardes a partir del mediod\u00eda hasta las&nbsp;<strong>4:00 de la tarde.<\/strong>&nbsp; Los domingos y d\u00edas feriados operar\u00e1 de&nbsp;<strong>10:00<\/strong>&nbsp;de la ma\u00f1ana hasta las&nbsp;<strong>10:00 de la noche.<\/strong><\/p>\n\n\n\n<p>Las cinco estaciones son:&nbsp;<strong>Pedro Mart\u00ednez<\/strong>, ubicada en la autopista Duarte esquina avenida Los Beisbolistas, en Manoguayabo;&nbsp;<strong>Franklin Mieses Burgos<\/strong>, en la autopista Duarte esquina avenida Monumental;&nbsp;<strong>27 de Febrero<\/strong>, localizada en el kil\u00f3metro 13 cerca de la Prolongaci\u00f3n 27 de Febrero;&nbsp;<strong>Freddy Gat\u00f3n Arce<\/strong>, ubicada en el kil\u00f3metro 14, pr\u00f3ximo al puente peatonal, y la estaci\u00f3n 5,&nbsp;<strong>Pablo Ad\u00f3n Guzm\u00e1n<\/strong>, en la entrada de Los Alcarrizos, conectando con el Telef\u00e9rico.<\/p>\n\n\n\n<figure class=\"wp-block-image\"><img decoding=\"async\" src=\"https:\/\/presidencia.gob.do\/sites\/default\/files\/inline-images\/WhatsApp%20Image%202026-02-24%20at%205.11.52%20PM.jpeg\" alt=\"\"\/><\/figure>\n\n\n\n<p><strong>Mayor expansi\u00f3n del servicio registrado en toda la historia del sistema integrado de transporte masivo<\/strong><\/p>\n\n\n\n<p>Asimismo, manifest\u00f3 que, a nivel de movilidad, la L\u00ednea 2C representa la&nbsp;<strong>mayor expansi\u00f3n<\/strong>&nbsp;<strong>del servicio<\/strong>&nbsp;que se ha registrado en toda la historia del sistema integrado de transporte masivo, debido a que servir\u00e1 a una comunidad de&nbsp;<strong>m\u00e1s de 500,000 beneficiarios directos<\/strong>, con una demanda de&nbsp;<strong>m\u00e1s de 150,000 pasajeros por d\u00eda<\/strong>.&nbsp;<\/p>\n\n\n\n<p><em>\u201cEs decir, que el Metro, que hoy moviliza 400,000 usuarios al d\u00eda, con el Metro, el Telef\u00e9rico y las rutas alimentadoras, alcanzar\u00eda cerca de 650,000 usuarios, acerc\u00e1ndonos a nuestro objetivo del mill\u00f3n de usuarios, con el mayor crecimiento de demanda proyectado en toda la red de transporte de la ciudad de Santo Domingo\u201d.<\/em><\/p>\n\n\n\n<p><strong>Gesti\u00f3n del presidente Luis Abinader duplica cobertura de transporte p\u00fablico<\/strong><\/p>\n\n\n\n<p>Con esta nueva l\u00ednea, la gesti\u00f3n del&nbsp;<strong>presidente Luis Abinader<\/strong>&nbsp;habr\u00e1&nbsp;<strong>duplicado la cobertura<\/strong>&nbsp;del transporte p\u00fablico masivo, adicionando&nbsp;<strong>21 kil\u00f3metros<\/strong>&nbsp;en Santo Domingo con las L\u00edneas 2 y 3 del Telef\u00e9rico de Santo Domingo, y la L\u00ednea 1B del Metro, para un total de 21 kil\u00f3metros en&nbsp;<strong>Santo Domingo<\/strong>&nbsp;y 17 kil\u00f3metros en&nbsp;<strong>Santiago&nbsp;<\/strong>con la incorporaci\u00f3n de la L\u00ednea 1 del Telef\u00e9rico y la primera l\u00ednea del Monorriel.&nbsp; En total, se habr\u00e1n incorporado&nbsp;<strong>38 kil\u00f3metros adicionales<\/strong>&nbsp;a los ya existentes.<\/p>\n\n\n\n<p>Esta nueva l\u00ednea, as\u00ed como las ya existentes del&nbsp;<strong>Metro de Santo Domingo, el Telef\u00e9rico de Santo Domingo&nbsp;<\/strong>y los nuevos proyectos que componen el&nbsp;<strong>Sistema Integrado de Transporte de Santo Domingo&nbsp;<\/strong>(SIT Sto. Dgo.), ser\u00e1n gestionados por la Empresa Metropolitana de Transporte, instituci\u00f3n creada mediante decreto para dar cumplimiento con la aplicaci\u00f3n de la&nbsp;<strong>Ley 63-17<\/strong>, de Movilidad, permitiendo segregar las actividades de operaci\u00f3n y mantenimiento de la construcci\u00f3n de obras de infraestructura.<\/p>\n\n\n\n<p><strong>Sobre el Sistema Integrado de Transporte (SIT)<\/strong><\/p>\n\n\n\n<p>El Sistema Integrado de Transporte de Santo Domingo es un&nbsp;<strong>modelo de movilidad urbana&nbsp;<\/strong>que articula diversos medios de transporte p\u00fablico como el Metro, Telef\u00e9rico, autobuses, tranv\u00edas, bajo una misma&nbsp;<strong>planificaci\u00f3n, tarifa unificada y tecnolog\u00eda<\/strong>. Su objetivo principal es mejorar la&nbsp;<strong>eficiencia, rapidez y seguridad<\/strong>&nbsp;de los traslados de los usuarios, reduciendo costos operativos y el impacto ambiental.<\/p>\n\n\n\n<p>En esta etapa, el&nbsp;<strong>SIT Sto. Dgo<\/strong>. comprende la&nbsp;<strong>integraci\u00f3n f\u00edsica y tarifaria<\/strong>&nbsp;de diferentes modalidades de transporte masivos que incluyen los&nbsp;<strong>corredores urbanos<\/strong>&nbsp;de las avenidas N\u00fa\u00f1ez de C\u00e1ceres, Winston Churchill, Charles de Gaulle e Independencia.<\/p>\n\n\n\n<p>Con informaci\u00f3n de la Presidencia de la Rep\u00fablica.<\/p>\n","protected":false},"excerpt":{"rendered":"<p>La obra beneficiar\u00e1 a m\u00e1s de un mill\u00f3n de habitantes de Los Alcarrizos y zonas aleda\u00f1as en SDO. 24 de Febrero 2026. Santo Domingo, RD.-\u00a0El presidente Luis Abinader\u00a0encabez\u00f3 la puesta en marcha de la\u00a0L\u00ednea 2C del Metro de Santo Domingo,\u00a0que busca\u00a0mejorar la movilidad urbana\u00a0y reducir la congesti\u00f3n en la\u00a0autopista Duarte, recorriendo una distancia de\u00a07.3 kil\u00f3metros\u00a0desde [&hellip;]<\/p>\n","protected":false},"author":2,"featured_media":667160,"comment_status":"open","ping_status":"closed","sticky":false,"template":"","format":"standard","meta":{"footnotes":""},"categories":[20,18,27],"tags":[4105,4830,4995,4831,1854],"class_list":["post-667158","post","type-post","status-publish","format-standard","has-post-thumbnail","hentry","category-dominicana-hoy","category-economia","category-portada","tag-abinader","tag-linea-2c-del-metro-de-santo-domingo","tag-luis-abinader","tag-metro-de-santo-domingo","tag-presidente-abinader"],"_links":{"self":[{"href":"https:\/\/diariodominicano.com\/index.php?rest_route=\/wp\/v2\/posts\/667158","targetHints":{"allow":["GET"]}}],"collection":[{"href":"https:\/\/diariodominicano.com\/index.php?rest_route=\/wp\/v2\/posts"}],"about":[{"href":"https:\/\/diariodominicano.com\/index.php?rest_route=\/wp\/v2\/types\/post"}],"author":[{"embeddable":true,"href":"https:\/\/diariodominicano.com\/index.php?rest_route=\/wp\/v2\/users\/2"}],"replies":[{"embeddable":true,"href":"https:\/\/diariodominicano.com\/index.php?rest_route=%2Fwp%2Fv2%2Fcomments&post=667158"}],"version-history":[{"count":1,"href":"https:\/\/diariodominicano.com\/index.php?rest_route=\/wp\/v2\/posts\/667158\/revisions"}],"predecessor-version":[{"id":667161,"href":"https:\/\/diariodominicano.com\/index.php?rest_route=\/wp\/v2\/posts\/667158\/revisions\/667161"}],"wp:featuredmedia":[{"embeddable":true,"href":"https:\/\/diariodominicano.com\/index.php?rest_route=\/wp\/v2\/media\/667160"}],"wp:attachment":[{"href":"https:\/\/diariodominicano.com\/index.php?rest_route=%2Fwp%2Fv2%2Fmedia&parent=667158"}],"wp:term":[{"taxonomy":"category","embeddable":true,"href":"https:\/\/diariodominicano.com\/index.php?rest_route=%2Fwp%2Fv2%2Fcategories&post=667158"},{"taxonomy":"post_tag","embeddable":true,"href":"https:\/\/diariodominicano.com\/index.php?rest_route=%2Fwp%2Fv2%2Ftags&post=667158"}],"curies":[{"name":"wp","href":"https:\/\/api.w.org\/{rel}","templated":true}]}}