{"id":667034,"date":"2026-02-24T20:41:28","date_gmt":"2026-02-25T00:41:28","guid":{"rendered":"https:\/\/diariodominicano.com\/?p=667034"},"modified":"2026-02-24T20:41:38","modified_gmt":"2026-02-25T00:41:38","slug":"renuncia-la-presidenta-del-louvre-y-macron-la-acepta","status":"publish","type":"post","link":"https:\/\/diariodominicano.com\/?p=667034","title":{"rendered":"Renuncia la presidenta del Louvre y Macron la acepta"},"content":{"rendered":"\n<p>Par\u00eds, 24 feb (Prensa Latina) La presidenta del parisino museo del Louvre, Laurence des Cars, present\u00f3 hoy su dimisi\u00f3n al jefe del Estado franc\u00e9s, Emmanuel Macron, quien la acept\u00f3 en un contexto de crisis para la emblem\u00e1tica instituci\u00f3n.<\/p>\n\n\n\n<ul class=\"wp-block-list\">\n<li><a href=\"https:\/\/www.prensa-latina.cu\/2026\/02\/24\/\"><time>febrero 24, 2026 | 16:05<\/time><\/a><\/li>\n<\/ul>\n\n\n\n<ul class=\"wp-block-list\">\n<li><a href=\"https:\/\/www.prensa-latina.cu\/2026\/02\/24\/renuncia-la-presidenta-del-louvre-y-macron-la-acepta\/#\"><\/a><\/li>\n\n\n\n<li><a href=\"https:\/\/www.prensa-latina.cu\/2026\/02\/24\/renuncia-la-presidenta-del-louvre-y-macron-la-acepta\/#\"><\/a><\/li>\n\n\n\n<li><a href=\"https:\/\/www.prensa-latina.cu\/2026\/02\/24\/renuncia-la-presidenta-del-louvre-y-macron-la-acepta\/#\"><\/a><\/li>\n\n\n\n<li><a href=\"https:\/\/www.prensa-latina.cu\/2026\/02\/24\/renuncia-la-presidenta-del-louvre-y-macron-la-acepta\/#\"><\/a><\/li>\n<\/ul>\n\n\n\n<p>La noticia causa poca sorpresa, a partir del reclamo de un sector de la oposici\u00f3n de la renuncia de la conservadora e historiadora del arte, muy afectada en su gesti\u00f3n por el robo del 19 de octubre pasado, cuando ladrones sustrajeron del Louvre joyas valoradas en 88 millones de euros, que siguen sin recuperarse.<\/p>\n\n\n\n<p>Des Cars ya hab\u00eda dimitido tras el espectacular robo, pero entonces Macron no acept\u00f3 su decisi\u00f3n, postura que cambi\u00f3 esta vez, saludando \u201cel acto de responsabilidad\u201d de la funcionaria.<\/p>\n\n\n\n<p>En un comunicado, la Presidencia de la Rep\u00fablica subray\u00f3 el momento que vive el museo m\u00e1s famoso y visitado del mundo, el cual atesora m\u00e1s de medio mill\u00f3n de obras, unas 36 mil de ellas en exhibici\u00f3n, entre las que destacan la Mona Lisa, la Venus de Milo, la Coronaci\u00f3n de Napole\u00f3n, la Libertad Guiando al Pueblo y el Escriba Sentado.<\/p>\n\n\n\n<p>El El\u00edseo insisti\u00f3 en que la instituci\u00f3n necesita calma y un impulso fuerte a grandes desaf\u00edos de la talla de su seguridad y su modernizaci\u00f3n.<\/p>\n\n\n\n<p>La v\u00edspera, la ministra de Cultura, Rachida Dati, enterr\u00f3 de manera oficial una misi\u00f3n de reorganizaci\u00f3n del Louvre que hab\u00eda anunciado semanas antes, iniciativa que nunca despeg\u00f3.<\/p>\n\n\n\n<p>En recientes declaraciones a la prensa, el diputado Alexandre Portier, l\u00edder de una comisi\u00f3n parlamentaria activada para indagar sobre la seguridad de los museos franceses, utiliz\u00f3 duras palabras para referirse a la situaci\u00f3n del Louvre, escenario que exigi\u00f3 revertir con urgencia.<\/p>\n\n\n\n<p>Portier llam\u00f3 a Dati a tomar el control del museo, tras criticar a su direcci\u00f3n por la alegada predilecci\u00f3n por lo ef\u00edmero y lo eventual, en lugar de centrarse en crear las condiciones al nivel de la relevancia de la instituci\u00f3n.<\/p>\n\n\n\n<p>El robo de joyas que pertenecieron a las emperatrices o reinas Eugenia, Mar\u00eda Luisa de Austria, Mar\u00eda Amelia y Hortensia no es el \u00fanico problema que enfrenta la otrora residencia real, afectada por problemas estructurales, incidentes que seg\u00fan fuentes han da\u00f1ado obras, y protestas de trabajadores que demandan mejores condiciones.<\/p>\n\n\n\n<p>Incluso han sido varios los d\u00edas en los que el famoso museo ha cerrado sus puertas al p\u00fablico por la huelga de una buena parte de sus empleados.<\/p>\n\n\n\n<p>mem\/wmr<\/p>\n\n\n\n<ul class=\"wp-block-list\">\n<li>#<a href=\"https:\/\/www.prensa-latina.cu\/etiqueta\/descars\/\">DesCars<\/a>\u00a0#<a href=\"https:\/\/www.prensa-latina.cu\/etiqueta\/francia\/\">Francia<\/a>\u00a0#<a href=\"https:\/\/www.prensa-latina.cu\/etiqueta\/louvre\/\">louvre<\/a>\u00a0#<a href=\"https:\/\/www.prensa-latina.cu\/etiqueta\/macron\/\">Macron<\/a><\/li>\n<\/ul>\n","protected":false},"excerpt":{"rendered":"<p>Par\u00eds, 24 feb (Prensa Latina) La presidenta del parisino museo del Louvre, Laurence des Cars, present\u00f3 hoy su dimisi\u00f3n al jefe del Estado franc\u00e9s, Emmanuel Macron, quien la acept\u00f3 en un contexto de crisis para la emblem\u00e1tica instituci\u00f3n. La noticia causa poca sorpresa, a partir del reclamo de un sector de la oposici\u00f3n de la [&hellip;]<\/p>\n","protected":false},"author":2,"featured_media":667035,"comment_status":"open","ping_status":"closed","sticky":false,"template":"","format":"standard","meta":{"footnotes":""},"categories":[21,23,32],"tags":[3303,4809,4808],"class_list":["post-667034","post","type-post","status-publish","format-standard","has-post-thumbnail","hentry","category-cultura","category-internacional","category-turismo","tag-emmanuel-macron","tag-laurence-des-cars","tag-louvre"],"_links":{"self":[{"href":"https:\/\/diariodominicano.com\/index.php?rest_route=\/wp\/v2\/posts\/667034","targetHints":{"allow":["GET"]}}],"collection":[{"href":"https:\/\/diariodominicano.com\/index.php?rest_route=\/wp\/v2\/posts"}],"about":[{"href":"https:\/\/diariodominicano.com\/index.php?rest_route=\/wp\/v2\/types\/post"}],"author":[{"embeddable":true,"href":"https:\/\/diariodominicano.com\/index.php?rest_route=\/wp\/v2\/users\/2"}],"replies":[{"embeddable":true,"href":"https:\/\/diariodominicano.com\/index.php?rest_route=%2Fwp%2Fv2%2Fcomments&post=667034"}],"version-history":[{"count":1,"href":"https:\/\/diariodominicano.com\/index.php?rest_route=\/wp\/v2\/posts\/667034\/revisions"}],"predecessor-version":[{"id":667036,"href":"https:\/\/diariodominicano.com\/index.php?rest_route=\/wp\/v2\/posts\/667034\/revisions\/667036"}],"wp:featuredmedia":[{"embeddable":true,"href":"https:\/\/diariodominicano.com\/index.php?rest_route=\/wp\/v2\/media\/667035"}],"wp:attachment":[{"href":"https:\/\/diariodominicano.com\/index.php?rest_route=%2Fwp%2Fv2%2Fmedia&parent=667034"}],"wp:term":[{"taxonomy":"category","embeddable":true,"href":"https:\/\/diariodominicano.com\/index.php?rest_route=%2Fwp%2Fv2%2Fcategories&post=667034"},{"taxonomy":"post_tag","embeddable":true,"href":"https:\/\/diariodominicano.com\/index.php?rest_route=%2Fwp%2Fv2%2Ftags&post=667034"}],"curies":[{"name":"wp","href":"https:\/\/api.w.org\/{rel}","templated":true}]}}