{"id":667031,"date":"2026-02-24T20:35:21","date_gmt":"2026-02-25T00:35:21","guid":{"rendered":"https:\/\/diariodominicano.com\/?p=667031"},"modified":"2026-02-24T20:35:32","modified_gmt":"2026-02-25T00:35:32","slug":"frei-betto-eeuu-jamas-lograra-apagar-la-revolucion-cubana","status":"publish","type":"post","link":"https:\/\/diariodominicano.com\/?p=667031","title":{"rendered":"Frei Betto: EEUU jam\u00e1s lograr\u00e1 apagar la Revoluci\u00f3n cubana"},"content":{"rendered":"\n<p>La Habana, 24 feb (Prensa Latina) El gobierno de Estados Unidos jam\u00e1s lograr\u00e1 \u00abun apag\u00f3n\u00bb de la Revoluci\u00f3n cubana porque es un proyecto asumido por su pueblo, afirm\u00f3 hoy en esta capital el te\u00f3logo brasile\u00f1o Frei Betto.<\/p>\n\n\n\n<ul class=\"wp-block-list\">\n<li><a href=\"https:\/\/www.prensa-latina.cu\/2026\/02\/24\/\"><time>febrero 24, 2026 | 13:00<\/time><\/a><\/li>\n<\/ul>\n\n\n\n<ul class=\"wp-block-list\">\n<li>Fotos: Abel Rojas<\/li>\n<\/ul>\n\n\n\n<ul class=\"wp-block-list\">\n<li><a href=\"https:\/\/www.prensa-latina.cu\/2026\/02\/24\/frei-betto-eeuu-jamas-lograra-apagar-la-revolucion-cubana\/#\"><\/a><\/li>\n\n\n\n<li><a href=\"https:\/\/www.prensa-latina.cu\/2026\/02\/24\/frei-betto-eeuu-jamas-lograra-apagar-la-revolucion-cubana\/#\"><\/a><\/li>\n\n\n\n<li><a href=\"https:\/\/www.prensa-latina.cu\/2026\/02\/24\/frei-betto-eeuu-jamas-lograra-apagar-la-revolucion-cubana\/#\"><\/a><\/li>\n\n\n\n<li><a href=\"https:\/\/www.prensa-latina.cu\/2026\/02\/24\/frei-betto-eeuu-jamas-lograra-apagar-la-revolucion-cubana\/#\"><\/a><\/li>\n<\/ul>\n\n\n\n<p>Tras un encuentro con activistas y l\u00edderes comunitarios vinculados a los Comit\u00e9s de Defensa de la Revoluci\u00f3n (CDR), el intelectual se\u00f1al\u00f3 que la naci\u00f3n caribe\u00f1a enfrenta un momento crucial con el bloqueo petrolero impuesto por Washington.<\/p>\n\n\n\n<p>\u00abPuede haber apag\u00f3n de la electricidad, como hay, pero de todo un proyecto pol\u00edtico asumido por el pueblo cubano, despu\u00e9s de a\u00f1os de tiran\u00eda de (Fulgencio) Batista (1952-1958), que convirti\u00f3 al pa\u00eds en prost\u00edbulos para la mafia de Estados Unidos, subray\u00f3.<\/p>\n\n\n\n<figure class=\"wp-block-image\"><img decoding=\"async\" src=\"https:\/\/www.prensa-latina.cu\/wp-content\/uploads\/2026\/02\/Frei-Betto-Foto-Abel-RB-3.jpg\" alt=\"\" class=\"wp-image-1711919\"\/><\/figure>\n\n\n\n<p>Respecto a la clasificaci\u00f3n de Cuba como amenaza a la seguridad estadounidense, Betto, expres\u00f3 su convencimiento de que la mayor amenaza a la seguridad mundial, incluyendo a Estados Unidos se llama Donald Trump. \u201cEse hombre es un dictador nato, se siente como An\u00edbal, emperador del mundo. Pero la historia lo va a ense\u00f1ar: \u00e9l no tiene raz\u00f3n\u00bb.<\/p>\n\n\n\n<p>Cit\u00f3 ejemplos hist\u00f3ricos de resistencia contra fuerzas imperiales, como lo hizo Vietnam \u201cun pueblo pobre, campesino, que venci\u00f3 la potencia b\u00e9lica m\u00e1s poderosa de la humanidad\u201d, apunt\u00f3.<\/p>\n\n\n\n<figure class=\"wp-block-image\"><img decoding=\"async\" src=\"https:\/\/www.prensa-latina.cu\/wp-content\/uploads\/2026\/02\/Frei-Betto-Foto-Abel-RB-1.jpg\" alt=\"\" class=\"wp-image-1711918\"\/><\/figure>\n\n\n\n<p>El autor del libro, \u201cFidel y la Religi\u00f3n\u201d a\u00f1adi\u00f3 que tampoco esta administraci\u00f3n estadounidense va a lograr asfixiar la Revoluci\u00f3n Cubana, convertida en un \u00abproyecto pol\u00edtico liberador\u00bb.<\/p>\n\n\n\n<p>\u00abUstedes conocen bien la historia de este pa\u00eds. Es un momento dif\u00edcil, pero hay que salir adelante buscando en el interior de sus convicciones, de su fe, de su compromiso\u00bb.<\/p>\n\n\n\n<p>Destac\u00f3 asimismo, la creciente solidaridad internacional, expresada en movilizaciones en denuncia del asedio estadounidense as\u00ed como la colecta y envi\u00f3 a la isla antillana de alimentos y medicinas: \u201cla gente est\u00e1 indignada con esta prepotencia de Estados Unidos, de Trump, de querer asfixiar la Revoluci\u00f3n cubana\u201d, concluy\u00f3.<\/p>\n\n\n\n<p>jha\/lld<\/p>\n\n\n\n<ul class=\"wp-block-list\">\n<li>#<a href=\"https:\/\/www.prensa-latina.cu\/etiqueta\/bloqueo\/\">bloqueo<\/a>\u00a0#<a href=\"https:\/\/www.prensa-latina.cu\/etiqueta\/cuba\/\">cuba<\/a>\u00a0#<a href=\"https:\/\/www.prensa-latina.cu\/etiqueta\/estadosunidos\/\">EstadosUNidos<\/a>\u00a0#<a href=\"https:\/\/www.prensa-latina.cu\/etiqueta\/freibetto\/\">FreiBetto<\/a>\u00a0#<a href=\"https:\/\/www.prensa-latina.cu\/etiqueta\/solidaridad\/\">solidaridad<\/a><\/li>\n<\/ul>\n","protected":false},"excerpt":{"rendered":"<p>La Habana, 24 feb (Prensa Latina) El gobierno de Estados Unidos jam\u00e1s lograr\u00e1 \u00abun apag\u00f3n\u00bb de la Revoluci\u00f3n cubana porque es un proyecto asumido por su pueblo, afirm\u00f3 hoy en esta capital el te\u00f3logo brasile\u00f1o Frei Betto. Tras un encuentro con activistas y l\u00edderes comunitarios vinculados a los Comit\u00e9s de Defensa de la Revoluci\u00f3n (CDR), [&hellip;]<\/p>\n","protected":false},"author":2,"featured_media":667032,"comment_status":"open","ping_status":"closed","sticky":false,"template":"","format":"standard","meta":{"footnotes":""},"categories":[23,27],"tags":[3100,4807],"class_list":["post-667031","post","type-post","status-publish","format-standard","has-post-thumbnail","hentry","category-internacional","category-portada","tag-cuba","tag-frei-betto"],"_links":{"self":[{"href":"https:\/\/diariodominicano.com\/index.php?rest_route=\/wp\/v2\/posts\/667031","targetHints":{"allow":["GET"]}}],"collection":[{"href":"https:\/\/diariodominicano.com\/index.php?rest_route=\/wp\/v2\/posts"}],"about":[{"href":"https:\/\/diariodominicano.com\/index.php?rest_route=\/wp\/v2\/types\/post"}],"author":[{"embeddable":true,"href":"https:\/\/diariodominicano.com\/index.php?rest_route=\/wp\/v2\/users\/2"}],"replies":[{"embeddable":true,"href":"https:\/\/diariodominicano.com\/index.php?rest_route=%2Fwp%2Fv2%2Fcomments&post=667031"}],"version-history":[{"count":1,"href":"https:\/\/diariodominicano.com\/index.php?rest_route=\/wp\/v2\/posts\/667031\/revisions"}],"predecessor-version":[{"id":667033,"href":"https:\/\/diariodominicano.com\/index.php?rest_route=\/wp\/v2\/posts\/667031\/revisions\/667033"}],"wp:featuredmedia":[{"embeddable":true,"href":"https:\/\/diariodominicano.com\/index.php?rest_route=\/wp\/v2\/media\/667032"}],"wp:attachment":[{"href":"https:\/\/diariodominicano.com\/index.php?rest_route=%2Fwp%2Fv2%2Fmedia&parent=667031"}],"wp:term":[{"taxonomy":"category","embeddable":true,"href":"https:\/\/diariodominicano.com\/index.php?rest_route=%2Fwp%2Fv2%2Fcategories&post=667031"},{"taxonomy":"post_tag","embeddable":true,"href":"https:\/\/diariodominicano.com\/index.php?rest_route=%2Fwp%2Fv2%2Ftags&post=667031"}],"curies":[{"name":"wp","href":"https:\/\/api.w.org\/{rel}","templated":true}]}}