{"id":667010,"date":"2026-02-24T22:50:08","date_gmt":"2026-02-25T02:50:08","guid":{"rendered":"https:\/\/diariodominicano.com\/?p=667010"},"modified":"2026-02-24T22:50:20","modified_gmt":"2026-02-25T02:50:20","slug":"la-obra-del-artista-juan-carlos-reyes-se-inscribe-con-fuerza-dentro-del-arte-visual-contemporaneo","status":"publish","type":"post","link":"https:\/\/diariodominicano.com\/?p=667010","title":{"rendered":"La obra del artista Juan Carlos Reyes se inscribe con fuerza dentro del arte visual contempor\u00e1neo"},"content":{"rendered":"\n<p><strong>La obra del artista dominicano Juan Carlos Reyes se inscribe con fuerza dentro del arte visual contempor\u00e1neo, construyendo un lenguaje propio donde los s\u00edmbolos dialogan con la memoria, la historia y el presente.<\/strong><\/p>\n\n\n\n<p><strong>En la tertulia \u00abLa obra de Juan Carlos Reyes y sus s\u00edmbolos de la memoria\u00bb, realizaremos una lectura puntual de los elementos que atraviesan su producci\u00f3n art\u00edstica, destacando los procesos que han definido su evoluci\u00f3n creativa y reflexionando sobre su proyecci\u00f3n en el \u00e1mbito institucional como parte natural de una trayectoria en constante construcci\u00f3n y abierta al di\u00e1logo.<\/strong><\/p>\n\n\n\n<p><strong>Acompa\u00f1anos a la tertulia, este mi\u00e9rcoles 25 de febrero a las 7:00 p.m., junto a la Asociaci\u00f3n Dominicana de Historiadores de Arte (ADHA), en una conversaci\u00f3n presentada por la historiadora de arte Lilian Carrasco.<\/strong><\/p>\n\n\n\n<p><strong><a href=\"https:\/\/www.instagram.com\/juancarlosreyesart\/?hl=es\">@juancarlosreyesart<\/a><\/strong><\/p>\n\n\n\n<p>La Peque <a href=\"mailto:priky72@gmail.com\">priky72@gmail.com<\/a><\/p>\n","protected":false},"excerpt":{"rendered":"<p>La obra del artista dominicano Juan Carlos Reyes se inscribe con fuerza dentro del arte visual contempor\u00e1neo, construyendo un lenguaje propio donde los s\u00edmbolos dialogan con la memoria, la historia y el presente. En la tertulia \u00abLa obra de Juan Carlos Reyes y sus s\u00edmbolos de la memoria\u00bb, realizaremos una lectura puntual de los elementos [&hellip;]<\/p>\n","protected":false},"author":7,"featured_media":667093,"comment_status":"closed","ping_status":"closed","sticky":false,"template":"","format":"standard","meta":{"footnotes":""},"categories":[21],"tags":[4819],"class_list":["post-667010","post","type-post","status-publish","format-standard","has-post-thumbnail","hentry","category-cultura","tag-juan-carlos-reyes"],"_links":{"self":[{"href":"https:\/\/diariodominicano.com\/index.php?rest_route=\/wp\/v2\/posts\/667010","targetHints":{"allow":["GET"]}}],"collection":[{"href":"https:\/\/diariodominicano.com\/index.php?rest_route=\/wp\/v2\/posts"}],"about":[{"href":"https:\/\/diariodominicano.com\/index.php?rest_route=\/wp\/v2\/types\/post"}],"author":[{"embeddable":true,"href":"https:\/\/diariodominicano.com\/index.php?rest_route=\/wp\/v2\/users\/7"}],"replies":[{"embeddable":true,"href":"https:\/\/diariodominicano.com\/index.php?rest_route=%2Fwp%2Fv2%2Fcomments&post=667010"}],"version-history":[{"count":1,"href":"https:\/\/diariodominicano.com\/index.php?rest_route=\/wp\/v2\/posts\/667010\/revisions"}],"predecessor-version":[{"id":667094,"href":"https:\/\/diariodominicano.com\/index.php?rest_route=\/wp\/v2\/posts\/667010\/revisions\/667094"}],"wp:featuredmedia":[{"embeddable":true,"href":"https:\/\/diariodominicano.com\/index.php?rest_route=\/wp\/v2\/media\/667093"}],"wp:attachment":[{"href":"https:\/\/diariodominicano.com\/index.php?rest_route=%2Fwp%2Fv2%2Fmedia&parent=667010"}],"wp:term":[{"taxonomy":"category","embeddable":true,"href":"https:\/\/diariodominicano.com\/index.php?rest_route=%2Fwp%2Fv2%2Fcategories&post=667010"},{"taxonomy":"post_tag","embeddable":true,"href":"https:\/\/diariodominicano.com\/index.php?rest_route=%2Fwp%2Fv2%2Ftags&post=667010"}],"curies":[{"name":"wp","href":"https:\/\/api.w.org\/{rel}","templated":true}]}}