{"id":667008,"date":"2026-02-24T17:31:23","date_gmt":"2026-02-24T21:31:23","guid":{"rendered":"https:\/\/diariodominicano.com\/?p=667008"},"modified":"2026-02-24T17:34:53","modified_gmt":"2026-02-24T21:34:53","slug":"otro-apagon-general-en-menos-de-tres-meses","status":"publish","type":"post","link":"https:\/\/diariodominicano.com\/?p=667008","title":{"rendered":"Otro apag\u00f3n general en menos de tres meses"},"content":{"rendered":"\n<p><strong>El pa\u00eds necesita explicaciones t\u00e9cnicas claras, no excusas, afirm\u00f3 el titular de Energ\u00eda y Minas del PLD al referirse al apag\u00f3n general del lunes<\/strong><\/p>\n\n\n\n<p><strong>El titular de la Secretar\u00eda de Energ\u00eda y Minas del Partido de la Liberaci\u00f3n Dominicana (PLD) Martin Matos, atribuy\u00f3 a incoordinaciones del sector el\u00e9ctrico, fallas en el mantenimiento, planificaci\u00f3n y supervisi\u00f3n del sistema completo el apag\u00f3n general del lunes en el pa\u00eds.<\/strong><\/p>\n\n\n\n<p><strong>\u201cCuando un sistema el\u00e9ctrico colapsa a nivel nacional, eso refleja debilidad en la operaci\u00f3n y en los protocolos de protecci\u00f3n\u201d, explic\u00f3 el experto.<\/strong><\/p>\n\n\n\n<p><strong>Dijo Matos que el pueblo dominicano est\u00e1 pagando una de las tarifas el\u00e9ctricas m\u00e1s altas de la regi\u00f3n, soporta facturas elevadas y, aun as\u00ed, recibe inestabilidad, lo cual no es justo ni es aceptable.<\/strong><\/p>\n\n\n\n<p><strong>\u201cDespu\u00e9s del apag\u00f3n del 11 de noviembre se nos dijo que se estaban tomando medidas correctivas. Sin embargo, vuelve a ocurrir otro blackout. Entonces la pregunta es simple: \u00bfqu\u00e9 se corrigi\u00f3 realmente? \u00bfD\u00f3nde est\u00e1n las inversiones en transmisi\u00f3n? \u00bfD\u00f3nde est\u00e1 la planificaci\u00f3n preventiva? \u00bfD\u00f3nde est\u00e1 la gesti\u00f3n de riesgos?\u201d, pregunt\u00f3 el secretario de Energ\u00eda y Minas del PLD.<\/strong><\/p>\n\n\n\n<p><strong>Describi\u00f3 lo vivido por la poblaci\u00f3n al momento del apag\u00f3n general como penoso y preocupante, con escuelas funcionando a oscura, generadores de emergencia que colapsaron, comercios paralizados, pacientes que depende de equipos m\u00e9dicos que no funcionaron, miles de pasajeros varados, atrapados en el metro y el telef\u00e9rico.<\/strong><\/p>\n\n\n\n<p><strong>\u201cEl pa\u00eds necesita explicaciones t\u00e9cnicas claras, no excusas. Necesita transparencia. Necesita saber qu\u00e9 ocurri\u00f3, qui\u00e9n es responsable y qu\u00e9 se va a hacer para que no vuelva a acontecer\u201d, concluy\u00f3 Martin Matos sus declaraciones.<\/strong><\/p>\n\n\n\n<p><strong>SECRETARIA DE COMUNICACIONES<\/strong><\/p>\n","protected":false},"excerpt":{"rendered":"<p>El pa\u00eds necesita explicaciones t\u00e9cnicas claras, no excusas, afirm\u00f3 el titular de Energ\u00eda y Minas del PLD al referirse al apag\u00f3n general del lunes El titular de la Secretar\u00eda de Energ\u00eda y Minas del Partido de la Liberaci\u00f3n Dominicana (PLD) Martin Matos, atribuy\u00f3 a incoordinaciones del sector el\u00e9ctrico, fallas en el mantenimiento, planificaci\u00f3n y supervisi\u00f3n [&hellip;]<\/p>\n","protected":false},"author":7,"featured_media":587113,"comment_status":"closed","ping_status":"closed","sticky":false,"template":"","format":"standard","meta":{"footnotes":""},"categories":[22],"tags":[4803,175],"class_list":["post-667008","post","type-post","status-publish","format-standard","has-post-thumbnail","hentry","category-politica","tag-martin-matos","tag-pld"],"_links":{"self":[{"href":"https:\/\/diariodominicano.com\/index.php?rest_route=\/wp\/v2\/posts\/667008","targetHints":{"allow":["GET"]}}],"collection":[{"href":"https:\/\/diariodominicano.com\/index.php?rest_route=\/wp\/v2\/posts"}],"about":[{"href":"https:\/\/diariodominicano.com\/index.php?rest_route=\/wp\/v2\/types\/post"}],"author":[{"embeddable":true,"href":"https:\/\/diariodominicano.com\/index.php?rest_route=\/wp\/v2\/users\/7"}],"replies":[{"embeddable":true,"href":"https:\/\/diariodominicano.com\/index.php?rest_route=%2Fwp%2Fv2%2Fcomments&post=667008"}],"version-history":[{"count":1,"href":"https:\/\/diariodominicano.com\/index.php?rest_route=\/wp\/v2\/posts\/667008\/revisions"}],"predecessor-version":[{"id":667015,"href":"https:\/\/diariodominicano.com\/index.php?rest_route=\/wp\/v2\/posts\/667008\/revisions\/667015"}],"wp:featuredmedia":[{"embeddable":true,"href":"https:\/\/diariodominicano.com\/index.php?rest_route=\/wp\/v2\/media\/587113"}],"wp:attachment":[{"href":"https:\/\/diariodominicano.com\/index.php?rest_route=%2Fwp%2Fv2%2Fmedia&parent=667008"}],"wp:term":[{"taxonomy":"category","embeddable":true,"href":"https:\/\/diariodominicano.com\/index.php?rest_route=%2Fwp%2Fv2%2Fcategories&post=667008"},{"taxonomy":"post_tag","embeddable":true,"href":"https:\/\/diariodominicano.com\/index.php?rest_route=%2Fwp%2Fv2%2Ftags&post=667008"}],"curies":[{"name":"wp","href":"https:\/\/api.w.org\/{rel}","templated":true}]}}