{"id":666974,"date":"2026-02-24T13:53:40","date_gmt":"2026-02-24T17:53:40","guid":{"rendered":"https:\/\/diariodominicano.com\/?p=666974"},"modified":"2026-03-07T02:06:11","modified_gmt":"2026-03-07T06:06:11","slug":"hipolito-mejia-apoya-las-demandas-de-los-profesionales-agropecuarios-y-se-compromete-a-transmitirlas-al-presidente-luis-abinader","status":"publish","type":"post","link":"https:\/\/diariodominicano.com\/?p=666974","title":{"rendered":"Hip\u00f3lito Mej\u00eda apoya las demandas de los profesionales agropecuarios y se compromete a transmitirlas al presidente Luis Abinader"},"content":{"rendered":"\n<p>San Crist\u00f3bal, R.D. \u2013 El expresidente de la Rep\u00fablica, Hip\u00f3lito Mej\u00eda, expres\u00f3 este lunes su respaldo a las demandas de los profesionales agropecuarios dominicanos y se comprometi\u00f3 a transmitirlas personalmente al presidente de la Rep\u00fablica, Luis Abinader, durante un encuentro sostenido con el Pleno Nacional de Dirigentes de la Asociaci\u00f3n Nacional de Profesionales Agropecuarios (ANPA).<\/p>\n\n\n\n<p>La afirmaci\u00f3n fue realizada en el marco de un encuentro celebrado en la casa campestre del exmandatario en San Crist\u00f3bal, donde el Pleno Nacional de Dirigentes de la ANPA, integrado por el Comit\u00e9 Ejecutivo Nacional (CEN) y los dirigentes de todas las delegaciones del pa\u00eds, fue recibido en un almuerzo de trabajo como parte del proceso de consultas que desarrolla el gremio con el liderazgo pol\u00edtico nacional dentro de su actual plan de lucha reivindicativo.<\/p>\n\n\n\n<p>Durante el encuentro, el presidente de la ANPA, Tito Hern\u00e1ndez, habl\u00f3 a nombre del gremio y present\u00f3 el conjunto de demandas del sector, entre ellas la pensi\u00f3n de m\u00e1s de 1,600 profesionales agropecuarios, la revisi\u00f3n de ac\u00e1pite de otros 600, la reposici\u00f3n de m\u00e1s de 350 agr\u00f3nomos cancelados, el nombramiento de nuevos profesionales agropecuarios, el establecimiento de un salario m\u00ednimo digno, la soluci\u00f3n definitiva a la situaci\u00f3n de los t\u00e9cnicos del Instituto Agrario Dominicano (IAD), el pago de atrasos a t\u00e9cnicos de Sanidad Vegetal, as\u00ed como la inclusi\u00f3n de los agr\u00f3nomos en los planes de viviendas y programas sociales del Gobierno, entre otras reivindicaciones orientadas a fortalecer el sector agropecuario nacional y garantizar la seguridad alimentaria del pa\u00eds.<\/p>\n\n\n\n<p>Durante la reuni\u00f3n, el expresidente Hip\u00f3lito Mej\u00eda reiter\u00f3 su respaldo a las demandas del sector y exhort\u00f3 a la dirigencia de la ANPA a continuar actuando con la prudencia y responsabilidad con que hasta ahora ha conducido su lucha, sugiriendo considerar la posposici\u00f3n de la marcha prevista para el pr\u00f3ximo 27 de febrero hacia el Congreso Nacional, a fin de abrir un espacio para el di\u00e1logo y la construcci\u00f3n de consensos.<\/p>\n\n\n\n<p>En ese sentido, Mej\u00eda se comprometi\u00f3 a hacer llegar personalmente al presidente Luis Abinader todas las demandas presentadas por la ANPA, con el prop\u00f3sito de que las mismas sean conocidas y evaluadas al m\u00e1s alto nivel del Gobierno.<\/p>\n\n\n\n<p>De su lado, Tito Hern\u00e1ndez explic\u00f3 que este encuentro constituye el primero de una serie de reuniones que la ANPA sostendr\u00e1 con el liderazgo pol\u00edtico nacional, anunciando que el pr\u00f3ximo ser\u00e1 con el expresidente Danilo Medina, seguido de encuentros con Leonel Fern\u00e1ndez, Miguel Vargas Maldonado, Federico (Quique) Ant\u00fan, entre otros dirigentes pol\u00edticos del pa\u00eds.<\/p>\n\n\n\n<p>La ANPA inform\u00f3 que valorar\u00e1 la sugerencia realizada por el expresidente Hip\u00f3lito Mej\u00eda y tomar\u00e1 oportunamente la decisi\u00f3n correspondiente, conforme a lo que determinen sus organismos de direcci\u00f3n.<\/p>\n\n\n\n<p>El gremio reiter\u00f3 finalmente su disposici\u00f3n al di\u00e1logo y su firme compromiso de continuar la lucha por mejores condiciones de vida y trabajo para los profesionales agropecuarios, en defensa de la producci\u00f3n nacional y de la seguridad alimentaria del pueblo dominicano. &nbsp;<\/p>\n","protected":false},"excerpt":{"rendered":"<p>San Crist\u00f3bal, R.D. \u2013 El expresidente de la Rep\u00fablica, Hip\u00f3lito Mej\u00eda, expres\u00f3 este lunes su respaldo a las demandas de los profesionales agropecuarios dominicanos y se comprometi\u00f3 a transmitirlas personalmente al presidente de la Rep\u00fablica, Luis Abinader, durante un encuentro sostenido con el Pleno Nacional de Dirigentes de la Asociaci\u00f3n Nacional de Profesionales Agropecuarios (ANPA). [&hellip;]<\/p>\n","protected":false},"author":7,"featured_media":666981,"comment_status":"closed","ping_status":"closed","sticky":false,"template":"","format":"standard","meta":{"footnotes":""},"categories":[36],"tags":[4105,4072,4995,1854],"class_list":["post-666974","post","type-post","status-publish","format-standard","has-post-thumbnail","hentry","category-hombresmujeresycosas","tag-abinader","tag-asociacion-nacional-de-profesionales-agropecuarios-anpa","tag-luis-abinader","tag-presidente-abinader"],"_links":{"self":[{"href":"https:\/\/diariodominicano.com\/index.php?rest_route=\/wp\/v2\/posts\/666974","targetHints":{"allow":["GET"]}}],"collection":[{"href":"https:\/\/diariodominicano.com\/index.php?rest_route=\/wp\/v2\/posts"}],"about":[{"href":"https:\/\/diariodominicano.com\/index.php?rest_route=\/wp\/v2\/types\/post"}],"author":[{"embeddable":true,"href":"https:\/\/diariodominicano.com\/index.php?rest_route=\/wp\/v2\/users\/7"}],"replies":[{"embeddable":true,"href":"https:\/\/diariodominicano.com\/index.php?rest_route=%2Fwp%2Fv2%2Fcomments&post=666974"}],"version-history":[{"count":1,"href":"https:\/\/diariodominicano.com\/index.php?rest_route=\/wp\/v2\/posts\/666974\/revisions"}],"predecessor-version":[{"id":666982,"href":"https:\/\/diariodominicano.com\/index.php?rest_route=\/wp\/v2\/posts\/666974\/revisions\/666982"}],"wp:featuredmedia":[{"embeddable":true,"href":"https:\/\/diariodominicano.com\/index.php?rest_route=\/wp\/v2\/media\/666981"}],"wp:attachment":[{"href":"https:\/\/diariodominicano.com\/index.php?rest_route=%2Fwp%2Fv2%2Fmedia&parent=666974"}],"wp:term":[{"taxonomy":"category","embeddable":true,"href":"https:\/\/diariodominicano.com\/index.php?rest_route=%2Fwp%2Fv2%2Fcategories&post=666974"},{"taxonomy":"post_tag","embeddable":true,"href":"https:\/\/diariodominicano.com\/index.php?rest_route=%2Fwp%2Fv2%2Ftags&post=666974"}],"curies":[{"name":"wp","href":"https:\/\/api.w.org\/{rel}","templated":true}]}}