{"id":666905,"date":"2026-02-24T01:50:27","date_gmt":"2026-02-24T05:50:27","guid":{"rendered":"https:\/\/diariodominicano.com\/?p=666905"},"modified":"2026-02-24T01:52:28","modified_gmt":"2026-02-24T05:52:28","slug":"mexico-operativo-contra-el-mencho-demostro-fortaleza-del-estado","status":"publish","type":"post","link":"https:\/\/diariodominicano.com\/?p=666905","title":{"rendered":"M\u00e9xico: Operativo contra \u201cEl Mencho\u201d demostr\u00f3 fortaleza del Estado"},"content":{"rendered":"\n<p>Ciudad de M\u00e9xico, 23 feb (Prensa Latina) El operativo para capturar a Nemesio Oseguera, alias \u201cEl Mencho\u201d, l\u00edder del C\u00e1rtel Jalisco Nueva Generaci\u00f3n, tras el cual falleci\u00f3, demuestra la fortaleza del Estado mexicano, afirm\u00f3 hoy el secretario de Defensa, Ricardo Trevilla.<\/p>\n\n\n\n<ul class=\"wp-block-list\">\n<li><a href=\"https:\/\/www.prensa-latina.cu\/2026\/02\/23\/\"><time>febrero 23, 2026 | 13:19<\/time><\/a><\/li>\n<\/ul>\n\n\n\n<ul class=\"wp-block-list\">\n<li><a href=\"https:\/\/www.prensa-latina.cu\/2026\/02\/23\/mexico-operativo-contra-el-mencho-demostro-fortaleza-del-estado\/#\"><\/a><\/li>\n\n\n\n<li><a href=\"https:\/\/www.prensa-latina.cu\/2026\/02\/23\/mexico-operativo-contra-el-mencho-demostro-fortaleza-del-estado\/#\"><\/a><\/li>\n\n\n\n<li><a href=\"https:\/\/www.prensa-latina.cu\/2026\/02\/23\/mexico-operativo-contra-el-mencho-demostro-fortaleza-del-estado\/#\"><\/a><\/li>\n\n\n\n<li><a href=\"https:\/\/www.prensa-latina.cu\/2026\/02\/23\/mexico-operativo-contra-el-mencho-demostro-fortaleza-del-estado\/#\"><\/a><\/li>\n<\/ul>\n\n\n\n<p>Durante el habitual encuentro de la presidenta Claudia Sheinbaum con medios de comunicaci\u00f3n, el titular transmiti\u00f3 el p\u00e9same a las familias de los uniformados que perdieron la vida y un reconocimiento al personal militar, que \u201crealiz\u00f3 una operaci\u00f3n exitosa\u201d.<\/p>\n\n\n\n<p>\u201cSe puede ver desde muchas \u00f3pticas, pero es definitivo que cumplieron su misi\u00f3n. \u00bfY qu\u00e9 es lo que se demostr\u00f3? La fortaleza del Estado mexicano. De eso no hay duda\u201d, sostuvo desde Palacio Nacional, donde dio detalles de la operaci\u00f3n llevada a cabo en Tapalpa, Jalisco.<\/p>\n\n\n\n<p>El funcionario mencion\u00f3 que el pasado viernes, mediante trabajos de inteligencia militar central, se ubic\u00f3 a un hombre de confianza de una de las parejas sentimentales de \u201cEl Mencho\u201d, que la traslad\u00f3 a una instalaci\u00f3n en el poblado de Tapalpa, donde se reuni\u00f3 con \u00e9l y se march\u00f3 posteriormente.<\/p>\n\n\n\n<p>Las autoridades obtuvieron informaci\u00f3n de que \u201cEl Mencho\u201d permanec\u00eda en ese lugar con un c\u00edrculo de seguridad, tras lo cual las Fuerzas Especiales del Ej\u00e9rcito y la Fuerza Especial de Reacci\u00f3n Inmediata de la Guardia Nacional planearon la operaci\u00f3n y se organiz\u00f3 una fuerza operativa.<\/p>\n\n\n\n<p>Seg\u00fan describi\u00f3 Trevilla, hubo tres componentes: uno terrestre; otro constituido por helic\u00f3pteros y fuerzas especiales que se dirigir\u00edan al \u00e1rea de operaciones y se mantuvo en situaci\u00f3n de alerta en lugares de estados aleda\u00f1os a Jalisco, y la fuerza a\u00e9rea.<\/p>\n\n\n\n<p>Record\u00f3 que el individuo ten\u00eda dos \u00f3rdenes de aprehensi\u00f3n por delincuencia organizada a lo cual se suma que el personal de la delincuencia estaba armado, por lo cual se iba a aplicar la Ley Federal de Armas de Fuego para detenerlos en flagrancia.<\/p>\n\n\n\n<p>Ante el desplazamiento la v\u00edspera de los uniformados, el funcionario relat\u00f3 que los criminales abrieron fuego contra las fuerzas del orden.<\/p>\n\n\n\n<p>\u201c\u2018El Mencho\u2019 sale. Dejan un grupo con una gran cantidad de armamento. Realmente fue un ataque muy violento el que realiz\u00f3 la delincuencia organizada, y el personal militar de fuerzas especiales repele la acci\u00f3n. Fallecen all\u00ed en total ocho delincuentes\u201d, precis\u00f3.<\/p>\n\n\n\n<p>Luego de que el jefe del c\u00e1rtel y su c\u00edrculo cercano emprendieran la huida y se internaran en una zona boscosa, se estableci\u00f3 un cerco, refiri\u00f3 Trevilla, al comentar que los delincuentes volvieron a atacar a los uniformados, quienes repelieron nuevamente la agresi\u00f3n.<\/p>\n\n\n\n<p>\u201cEl Mencho\u201d y dos de sus escoltas resultaron gravemente heridos y fallecieron mientras eran trasladados hacia un centro m\u00e9dico en un helic\u00f3ptero, tras lo cual las autoridades decidieron llevarlos hasta un avi\u00f3n caza que se encontraba en Michoac\u00e1n rumbo a la Ciudad de M\u00e9xico.<\/p>\n\n\n\n<p>Durante la operaci\u00f3n, los uniformados detuvieron a dos delincuentes m\u00e1s e incautaron armas largas y cortas, lanzacohetes, granadas, cargadores, cartuchos y veh\u00edculos, al tiempo que un helic\u00f3ptero fue impactado y debi\u00f3 realizar un aterrizaje de emergencia.<\/p>\n\n\n\n<p>Tambi\u00e9n tres militares resultaron heridos durante el operativo, considerado el mayor golpe al narcotr\u00e1fico durante la presente administraci\u00f3n.<\/p>\n\n\n\n<p>jha\/las<\/p>\n\n\n\n<ul class=\"wp-block-list\">\n<li>#<a href=\"https:\/\/www.prensa-latina.cu\/etiqueta\/defensa\/\">defensa<\/a>\u00a0#<a href=\"https:\/\/www.prensa-latina.cu\/etiqueta\/jalisco\/\">jalisco<\/a>\u00a0#<a href=\"https:\/\/www.prensa-latina.cu\/etiqueta\/mexico\/\">M\u00e9xico<\/a>\u00a0#<a href=\"https:\/\/www.prensa-latina.cu\/etiqueta\/seguridad\/\">Seguridad<\/a>\u00a0#<a href=\"https:\/\/www.prensa-latina.cu\/etiqueta\/trevilla\/\">trevilla<\/a><\/li>\n<\/ul>\n","protected":false},"excerpt":{"rendered":"<p>Ciudad de M\u00e9xico, 23 feb (Prensa Latina) El operativo para capturar a Nemesio Oseguera, alias \u201cEl Mencho\u201d, l\u00edder del C\u00e1rtel Jalisco Nueva Generaci\u00f3n, tras el cual falleci\u00f3, demuestra la fortaleza del Estado mexicano, afirm\u00f3 hoy el secretario de Defensa, Ricardo Trevilla. Durante el habitual encuentro de la presidenta Claudia Sheinbaum con medios de comunicaci\u00f3n, el [&hellip;]<\/p>\n","protected":false},"author":28,"featured_media":666906,"comment_status":"open","ping_status":"closed","sticky":false,"template":"","format":"standard","meta":{"footnotes":""},"categories":[23,29],"tags":[4788,246],"class_list":["post-666905","post","type-post","status-publish","format-standard","has-post-thumbnail","hentry","category-internacional","category-policiasucesos","tag-el-mencho","tag-mexico"],"_links":{"self":[{"href":"https:\/\/diariodominicano.com\/index.php?rest_route=\/wp\/v2\/posts\/666905","targetHints":{"allow":["GET"]}}],"collection":[{"href":"https:\/\/diariodominicano.com\/index.php?rest_route=\/wp\/v2\/posts"}],"about":[{"href":"https:\/\/diariodominicano.com\/index.php?rest_route=\/wp\/v2\/types\/post"}],"author":[{"embeddable":true,"href":"https:\/\/diariodominicano.com\/index.php?rest_route=\/wp\/v2\/users\/28"}],"replies":[{"embeddable":true,"href":"https:\/\/diariodominicano.com\/index.php?rest_route=%2Fwp%2Fv2%2Fcomments&post=666905"}],"version-history":[{"count":3,"href":"https:\/\/diariodominicano.com\/index.php?rest_route=\/wp\/v2\/posts\/666905\/revisions"}],"predecessor-version":[{"id":666911,"href":"https:\/\/diariodominicano.com\/index.php?rest_route=\/wp\/v2\/posts\/666905\/revisions\/666911"}],"wp:featuredmedia":[{"embeddable":true,"href":"https:\/\/diariodominicano.com\/index.php?rest_route=\/wp\/v2\/media\/666906"}],"wp:attachment":[{"href":"https:\/\/diariodominicano.com\/index.php?rest_route=%2Fwp%2Fv2%2Fmedia&parent=666905"}],"wp:term":[{"taxonomy":"category","embeddable":true,"href":"https:\/\/diariodominicano.com\/index.php?rest_route=%2Fwp%2Fv2%2Fcategories&post=666905"},{"taxonomy":"post_tag","embeddable":true,"href":"https:\/\/diariodominicano.com\/index.php?rest_route=%2Fwp%2Fv2%2Ftags&post=666905"}],"curies":[{"name":"wp","href":"https:\/\/api.w.org\/{rel}","templated":true}]}}