{"id":666882,"date":"2026-02-24T01:33:30","date_gmt":"2026-02-24T05:33:30","guid":{"rendered":"https:\/\/diariodominicano.com\/?p=666882"},"modified":"2026-02-24T01:35:13","modified_gmt":"2026-02-24T05:35:13","slug":"destaca-canciller-de-cuba-encuentro-con-alto-comisionado-de-la-onu","status":"publish","type":"post","link":"https:\/\/diariodominicano.com\/?p=666882","title":{"rendered":"Destaca canciller de Cuba encuentro con alto comisionado de la ONU"},"content":{"rendered":"\n<p>La Habana, 23 feb (Prensa Latina) El canciller de Cuba, Bruno Rodr\u00edguez, destac\u00f3 hoy el encuentro que sostuvo con el alto comisionado de Naciones Unidas para los Derechos Humanos, Volker Turk, durante el cual denunci\u00f3 la hostilidad de Estados Unidos contra su pa\u00eds.<\/p>\n\n\n\n<p><\/p>\n\n\n\n<ul class=\"wp-block-list\">\n<li><a href=\"https:\/\/www.prensa-latina.cu\/2026\/02\/23\/\"><time>febrero 23, 2026 | 14:58<\/time><\/a><\/li>\n<\/ul>\n\n\n\n<ul class=\"wp-block-list\">\n<li><a href=\"https:\/\/www.prensa-latina.cu\/2026\/02\/23\/destaca-cnciller-de-cuba-encuentro-con-alto-comisionado-de-la-onu\/#\"><\/a><\/li>\n\n\n\n<li><a href=\"https:\/\/www.prensa-latina.cu\/2026\/02\/23\/destaca-cnciller-de-cuba-encuentro-con-alto-comisionado-de-la-onu\/#\"><\/a><\/li>\n\n\n\n<li><a href=\"https:\/\/www.prensa-latina.cu\/2026\/02\/23\/destaca-cnciller-de-cuba-encuentro-con-alto-comisionado-de-la-onu\/#\"><\/a><\/li>\n\n\n\n<li><a href=\"https:\/\/www.prensa-latina.cu\/2026\/02\/23\/destaca-cnciller-de-cuba-encuentro-con-alto-comisionado-de-la-onu\/#\"><\/a><\/li>\n<\/ul>\n\n\n\n<p>\u00abGran satisfacci\u00f3n por sostener un nuevo intercambio con Volker Turk, Alto Comisionado de Naciones Unidas para los Derechos Humanos\u00bb, notific\u00f3 Rodr\u00edguez por medio de un mensaje en X.<\/p>\n\n\n\n<p>Asimismo, manifest\u00f3 el jefe de la diplomacia cubana que apreci\u00f3 \u00abel estado de las relaciones entre su Oficina y Cuba, as\u00ed como el ambiente respetuoso y constructivo existente, que demuestra la posibilidad de avanzar en temas de inter\u00e9s com\u00fan\u00bb.<\/p>\n\n\n\n<p>\u00abDenunci\u00e9 plan de EEUU de provocar una cat\u00e1strofe humanitaria en nuestro pa\u00eds mediante un cerco energ\u00e9tico\u00bb, subray\u00f3 el ministro de Relaciones Exteriores de la naci\u00f3n caribe\u00f1a.<\/p>\n\n\n\n<p>oda\/raj<\/p>\n\n\n\n<ul class=\"wp-block-list\">\n<li>#<a href=\"https:\/\/www.prensa-latina.cu\/etiqueta\/cuba\/\">cuba<\/a><\/li>\n<\/ul>\n","protected":false},"excerpt":{"rendered":"<p>La Habana, 23 feb (Prensa Latina) El canciller de Cuba, Bruno Rodr\u00edguez, destac\u00f3 hoy el encuentro que sostuvo con el alto comisionado de Naciones Unidas para los Derechos Humanos, Volker Turk, durante el cual denunci\u00f3 la hostilidad de Estados Unidos contra su pa\u00eds. \u00abGran satisfacci\u00f3n por sostener un nuevo intercambio con Volker Turk, Alto Comisionado [&hellip;]<\/p>\n","protected":false},"author":28,"featured_media":666883,"comment_status":"open","ping_status":"closed","sticky":false,"template":"","format":"standard","meta":{"footnotes":""},"categories":[23],"tags":[3100,292],"class_list":["post-666882","post","type-post","status-publish","format-standard","has-post-thumbnail","hentry","category-internacional","tag-cuba","tag-onu"],"_links":{"self":[{"href":"https:\/\/diariodominicano.com\/index.php?rest_route=\/wp\/v2\/posts\/666882","targetHints":{"allow":["GET"]}}],"collection":[{"href":"https:\/\/diariodominicano.com\/index.php?rest_route=\/wp\/v2\/posts"}],"about":[{"href":"https:\/\/diariodominicano.com\/index.php?rest_route=\/wp\/v2\/types\/post"}],"author":[{"embeddable":true,"href":"https:\/\/diariodominicano.com\/index.php?rest_route=\/wp\/v2\/users\/28"}],"replies":[{"embeddable":true,"href":"https:\/\/diariodominicano.com\/index.php?rest_route=%2Fwp%2Fv2%2Fcomments&post=666882"}],"version-history":[{"count":2,"href":"https:\/\/diariodominicano.com\/index.php?rest_route=\/wp\/v2\/posts\/666882\/revisions"}],"predecessor-version":[{"id":666886,"href":"https:\/\/diariodominicano.com\/index.php?rest_route=\/wp\/v2\/posts\/666882\/revisions\/666886"}],"wp:featuredmedia":[{"embeddable":true,"href":"https:\/\/diariodominicano.com\/index.php?rest_route=\/wp\/v2\/media\/666883"}],"wp:attachment":[{"href":"https:\/\/diariodominicano.com\/index.php?rest_route=%2Fwp%2Fv2%2Fmedia&parent=666882"}],"wp:term":[{"taxonomy":"category","embeddable":true,"href":"https:\/\/diariodominicano.com\/index.php?rest_route=%2Fwp%2Fv2%2Fcategories&post=666882"},{"taxonomy":"post_tag","embeddable":true,"href":"https:\/\/diariodominicano.com\/index.php?rest_route=%2Fwp%2Fv2%2Ftags&post=666882"}],"curies":[{"name":"wp","href":"https:\/\/api.w.org\/{rel}","templated":true}]}}