{"id":666847,"date":"2026-02-24T00:02:17","date_gmt":"2026-02-24T04:02:17","guid":{"rendered":"https:\/\/diariodominicano.com\/?p=666847"},"modified":"2026-02-24T00:11:18","modified_gmt":"2026-02-24T04:11:18","slug":"jorge-asjana-la-hora-de-transformar-la-uasd","status":"publish","type":"post","link":"https:\/\/diariodominicano.com\/?p=666847","title":{"rendered":"Jorge Asjana: La hora de transformar la UASD"},"content":{"rendered":"\n<p>Por Pablo Vicente<\/p>\n\n\n\n<p>La reciente formalizaci\u00f3n de la candidatura del maestro Jorge Asjana David a la rector\u00eda de la Universidad Aut\u00f3noma de Santo Domingo marca un momento decisivo para el presente y el futuro de nuestra Primada de Am\u00e9rica. No se trata \u00fanicamente del cumplimiento de un tr\u00e1mite ante la Comisi\u00f3n Electoral; estamos ante la apertura de una etapa que exige visi\u00f3n, car\u00e1cter y compromiso real con la transformaci\u00f3n institucional.<\/p>\n\n\n\n<p>La UASD no es una universidad cualquiera. Es s\u00edmbolo de pensamiento cr\u00edtico, de movilidad social y de lucha democr\u00e1tica en la Rep\u00fablica Dominicana. Su historia est\u00e1 profundamente ligada a los grandes procesos pol\u00edticos y sociales del pa\u00eds. Por eso, cada elecci\u00f3n de rector representa mucho m\u00e1s que un cambio administrativo: es una definici\u00f3n de rumbo.<\/p>\n\n\n\n<p><\/p>\n\n\n\n<p>En el acto celebrado en el Aula Magna, Jorge Asjana present\u00f3 una propuesta estructurada y coherente, sustentada en cuatro compromisos esenciales: dignificar a la familia universitaria, armonizar la filosof\u00eda institucional con la modernizaci\u00f3n, impulsar una administraci\u00f3n t\u00e9cnica y transparente, y cerrar la brecha tecnol\u00f3gica e infraestructural.<\/p>\n\n\n\n<p>Dignificar a la familia universitaria significa colocar en el centro a profesores, estudiantes y personal administrativo. No puede hablarse de excelencia acad\u00e9mica sin condiciones laborales justas, sin reconocimiento al m\u00e9rito y sin pol\u00edticas claras de bienestar estudiantil. La universidad debe ser ejemplo de justicia interna si aspira a formar ciudadanos comprometidos con la justicia social.<\/p>\n\n\n\n<p>Modernizar sin renunciar a la identidad hist\u00f3rica es otro de los grandes desaf\u00edos.<\/p>\n\n\n\n<p>La UASD debe preservar su tradici\u00f3n democr\u00e1tica y su compromiso con los sectores m\u00e1s vulnerables, pero al mismo tiempo necesita actualizar sus m\u00e9todos de ense\u00f1anza, fortalecer la virtualidad, incorporar nuevas tecnolog\u00edas y adaptarse a los est\u00e1ndares internacionales de calidad. Modernizar no es traicionar la historia; es honrarla con responsabilidad.<\/p>\n\n\n\n<p>Asimismo, una administraci\u00f3n t\u00e9cnica y transparente es una exigencia impostergable. La gesti\u00f3n universitaria requiere planificaci\u00f3n estrat\u00e9gica, eficiencia en el uso de los recursos, rendici\u00f3n de cuentas y decisiones sustentadas en criterios t\u00e9cnicos. La transparencia fortalece la confianza interna y proyecta credibilidad ante el Estado y la sociedad.<\/p>\n\n\n\n<p>Cerrar la brecha tecnol\u00f3gica e infraestructural es, adem\u00e1s, una condici\u00f3n indispensable para garantizar igualdad de oportunidades en todos los recintos y centros regionales. No puede haber descentralizaci\u00f3n real si persisten desigualdades en equipamiento, conectividad y espacios f\u00edsicos adecuados para la docencia y la investigaci\u00f3n.<\/p>\n\n\n\n<p>La propuesta se articula en siete ejes estrat\u00e9gicos: calidad docente, bienestar universitario, fortalecimiento institucional, relaci\u00f3n UASD-Estado-Sociedad, descentralizaci\u00f3n, investigaci\u00f3n e innovaci\u00f3n, e internacionalizaci\u00f3n. No son consignas; son l\u00edneas de acci\u00f3n que apuntan a una universidad m\u00e1s competitiva, m\u00e1s eficiente y m\u00e1s humana.<\/p>\n\n\n\n<p>Como universitario comprometido con el desarrollo institucional, expreso con claridad mi deseo de que Jorge Asjana se convierta en el pr\u00f3ximo rector de la UASD. Lo hago convencido de que su propuesta responde al momento hist\u00f3rico que vive nuestra academia y de que su liderazgo puede conducir una transformaci\u00f3n responsable, planificada y participativa.<\/p>\n\n\n\n<p>La UASD necesita firmeza, pero tambi\u00e9n sensibilidad; necesita modernizaci\u00f3n, pero sin perder su esencia; necesita gesti\u00f3n eficiente, pero con rostro humano. Creo que ha llegado la hora de asumir ese desaf\u00edo con determinaci\u00f3n.<\/p>\n\n\n\n<p>Transformar la Primada no es una opci\u00f3n ret\u00f3rica, es una necesidad hist\u00f3rica. Y hoy, m\u00e1s que nunca, la universidad demanda un liderazgo capaz de convertir esa necesidad en realidad.<\/p>\n\n\n\n<p>Pablo Vicente<\/p>\n\n\n\n<p><a target=\"_blank\" href=\"mailto:elcomunitario@gmail.com\" rel=\"noreferrer noopener\">elcomunitario@gmail.com<\/a><\/p>\n","protected":false},"excerpt":{"rendered":"<p>Por Pablo Vicente La reciente formalizaci\u00f3n de la candidatura del maestro Jorge Asjana David a la rector\u00eda de la Universidad Aut\u00f3noma de Santo Domingo marca un momento decisivo para el presente y el futuro de nuestra Primada de Am\u00e9rica. No se trata \u00fanicamente del cumplimiento de un tr\u00e1mite ante la Comisi\u00f3n Electoral; estamos ante la [&hellip;]<\/p>\n","protected":false},"author":28,"featured_media":666848,"comment_status":"open","ping_status":"closed","sticky":false,"template":"","format":"standard","meta":{"footnotes":""},"categories":[16],"tags":[4782],"class_list":["post-666847","post","type-post","status-publish","format-standard","has-post-thumbnail","hentry","category-opiniones","tag-jorge-asjana"],"_links":{"self":[{"href":"https:\/\/diariodominicano.com\/index.php?rest_route=\/wp\/v2\/posts\/666847","targetHints":{"allow":["GET"]}}],"collection":[{"href":"https:\/\/diariodominicano.com\/index.php?rest_route=\/wp\/v2\/posts"}],"about":[{"href":"https:\/\/diariodominicano.com\/index.php?rest_route=\/wp\/v2\/types\/post"}],"author":[{"embeddable":true,"href":"https:\/\/diariodominicano.com\/index.php?rest_route=\/wp\/v2\/users\/28"}],"replies":[{"embeddable":true,"href":"https:\/\/diariodominicano.com\/index.php?rest_route=%2Fwp%2Fv2%2Fcomments&post=666847"}],"version-history":[{"count":2,"href":"https:\/\/diariodominicano.com\/index.php?rest_route=\/wp\/v2\/posts\/666847\/revisions"}],"predecessor-version":[{"id":666851,"href":"https:\/\/diariodominicano.com\/index.php?rest_route=\/wp\/v2\/posts\/666847\/revisions\/666851"}],"wp:featuredmedia":[{"embeddable":true,"href":"https:\/\/diariodominicano.com\/index.php?rest_route=\/wp\/v2\/media\/666848"}],"wp:attachment":[{"href":"https:\/\/diariodominicano.com\/index.php?rest_route=%2Fwp%2Fv2%2Fmedia&parent=666847"}],"wp:term":[{"taxonomy":"category","embeddable":true,"href":"https:\/\/diariodominicano.com\/index.php?rest_route=%2Fwp%2Fv2%2Fcategories&post=666847"},{"taxonomy":"post_tag","embeddable":true,"href":"https:\/\/diariodominicano.com\/index.php?rest_route=%2Fwp%2Fv2%2Ftags&post=666847"}],"curies":[{"name":"wp","href":"https:\/\/api.w.org\/{rel}","templated":true}]}}