{"id":666797,"date":"2026-02-23T17:26:33","date_gmt":"2026-02-23T21:26:33","guid":{"rendered":"https:\/\/diariodominicano.com\/?p=666797"},"modified":"2026-02-23T17:28:49","modified_gmt":"2026-02-23T21:28:49","slug":"llamada-del-secretario-rubio-con-el-ministro-de-asuntos-exteriores-holandes-berendsen","status":"publish","type":"post","link":"https:\/\/diariodominicano.com\/?p=666797","title":{"rendered":"Llamada del Secretario Rubio con el Ministro de Asuntos Exteriores holand\u00e9s, Berendsen"},"content":{"rendered":"\n<p>23 de febrero de 2026<\/p>\n\n\n\n<p>El secretario de Estado, Marco Rubio, convers\u00f3 con el ministro de Asuntos Exteriores neerland\u00e9s, Tom Berendsen, en su primer d\u00eda de mandato, inform\u00f3 el lunes el portavoz adjunto principal Tommy Pigott.<\/p>\n\n\n\n<p>Inform\u00f3 que \u00bb El secretario Rubio felicit\u00f3 al ministro Berendsen por su nombramiento, y ambos l\u00edderes reafirmaron la estrecha y continua cooperaci\u00f3n entre Estados Unidos y los Pa\u00edses Bajos.<\/p>\n\n\n\n<p> Hablaron sobre la OTAN, los esfuerzos para lograr una salida negociada a la guerra entre Rusia y Ucrania, y el plan de tres fases de la Administraci\u00f3n Trump para Venezuela.<\/p>\n\n\n\n<p><\/p>\n\n\n\n<p>\u00abMientras Estados Unidos celebra con orgullo sus 250 a\u00f1os de independencia, tambi\u00e9n conmemoramos 250 a\u00f1os de duradera amistad con el Reino de los Pa\u00edses Bajos. Nuestras naciones est\u00e1n unidas por una dedicaci\u00f3n compartida a la libertad, la democracia y la libertad individual, principios que han forjado nuestro v\u00ednculo hist\u00f3rico. Expresamos nuestros mejores deseos de \u00e9xito al Primer Ministro Jetten y a su gabinete en sus nuevas funciones y expresamos nuestra esperanza de una colaboraci\u00f3n continua con el pueblo de los Pa\u00edses Bajos\u00bb.<\/p>\n\n\n\n<p>U.S. Department of State<\/p>\n\n\n\n<p><a target=\"_blank\" href=\"mailto:usstatebpa@public.govdelivery.com\" rel=\"noreferrer noopener\">usstatebpa@public.govdelive<\/a><\/p>\n","protected":false},"excerpt":{"rendered":"<p>23 de febrero de 2026 El secretario de Estado, Marco Rubio, convers\u00f3 con el ministro de Asuntos Exteriores neerland\u00e9s, Tom Berendsen, en su primer d\u00eda de mandato, inform\u00f3 el lunes el portavoz adjunto principal Tommy Pigott. Inform\u00f3 que \u00bb El secretario Rubio felicit\u00f3 al ministro Berendsen por su nombramiento, y ambos l\u00edderes reafirmaron la estrecha [&hellip;]<\/p>\n","protected":false},"author":2,"featured_media":639463,"comment_status":"open","ping_status":"closed","sticky":false,"template":"","format":"standard","meta":{"footnotes":""},"categories":[23],"tags":[4767,3227,4017],"class_list":["post-666797","post","type-post","status-publish","format-standard","has-post-thumbnail","hentry","category-internacional","tag-berendsen","tag-marco-rubio","tag-otan"],"_links":{"self":[{"href":"https:\/\/diariodominicano.com\/index.php?rest_route=\/wp\/v2\/posts\/666797","targetHints":{"allow":["GET"]}}],"collection":[{"href":"https:\/\/diariodominicano.com\/index.php?rest_route=\/wp\/v2\/posts"}],"about":[{"href":"https:\/\/diariodominicano.com\/index.php?rest_route=\/wp\/v2\/types\/post"}],"author":[{"embeddable":true,"href":"https:\/\/diariodominicano.com\/index.php?rest_route=\/wp\/v2\/users\/2"}],"replies":[{"embeddable":true,"href":"https:\/\/diariodominicano.com\/index.php?rest_route=%2Fwp%2Fv2%2Fcomments&post=666797"}],"version-history":[{"count":3,"href":"https:\/\/diariodominicano.com\/index.php?rest_route=\/wp\/v2\/posts\/666797\/revisions"}],"predecessor-version":[{"id":666801,"href":"https:\/\/diariodominicano.com\/index.php?rest_route=\/wp\/v2\/posts\/666797\/revisions\/666801"}],"wp:featuredmedia":[{"embeddable":true,"href":"https:\/\/diariodominicano.com\/index.php?rest_route=\/wp\/v2\/media\/639463"}],"wp:attachment":[{"href":"https:\/\/diariodominicano.com\/index.php?rest_route=%2Fwp%2Fv2%2Fmedia&parent=666797"}],"wp:term":[{"taxonomy":"category","embeddable":true,"href":"https:\/\/diariodominicano.com\/index.php?rest_route=%2Fwp%2Fv2%2Fcategories&post=666797"},{"taxonomy":"post_tag","embeddable":true,"href":"https:\/\/diariodominicano.com\/index.php?rest_route=%2Fwp%2Fv2%2Ftags&post=666797"}],"curies":[{"name":"wp","href":"https:\/\/api.w.org\/{rel}","templated":true}]}}