{"id":666792,"date":"2026-02-23T10:37:43","date_gmt":"2026-02-23T14:37:43","guid":{"rendered":"https:\/\/diariodominicano.com\/?p=666792"},"modified":"2026-02-23T10:37:51","modified_gmt":"2026-02-23T14:37:51","slug":"china-evalua-impacto-de-fallo-sobre-aranceles-del-tribunal-supremo-estadounidense-afirma-portavoz-chino-de-comercio","status":"publish","type":"post","link":"https:\/\/diariodominicano.com\/?p=666792","title":{"rendered":"China eval\u00faa impacto de fallo sobre aranceles del Tribunal Supremo estadounidense, afirma portavoz chino de Comercio"},"content":{"rendered":"\n<p><em>spanish.news.cn<\/em>|<em>&nbsp;2026-02-23 15:29:30<\/em>|<\/p>\n\n\n\n<p>BEIJING, 23 feb (Xinhua) &#8212; El Ministerio de Comercio de China anunci\u00f3 hoy lunes que ha tomado nota del fallo del Tribunal Supremo de Estados Unidos contra los aranceles impuestos por el Gobierno estadounidense en virtud de la Ley de Poderes Econ\u00f3micos de Emergencia Internacional (IEEPA, por sus siglas en ingl\u00e9s), y est\u00e1 realizando una evaluaci\u00f3n rigurosa de su impacto y del contenido relevante.<\/p>\n\n\n\n<p>El Tribunal Supremo de Estados Unidos dictamin\u00f3 el viernes que es ilegal la imposici\u00f3n de aranceles por parte del Gobierno de este pa\u00eds a los socios comerciales en virtud de la IEEPA.<\/p>\n","protected":false},"excerpt":{"rendered":"<p>spanish.news.cn|&nbsp;2026-02-23 15:29:30| BEIJING, 23 feb (Xinhua) &#8212; El Ministerio de Comercio de China anunci\u00f3 hoy lunes que ha tomado nota del fallo del Tribunal Supremo de Estados Unidos contra los aranceles impuestos por el Gobierno estadounidense en virtud de la Ley de Poderes Econ\u00f3micos de Emergencia Internacional (IEEPA, por sus siglas en ingl\u00e9s), y est\u00e1 [&hellip;]<\/p>\n","protected":false},"author":2,"featured_media":590755,"comment_status":"open","ping_status":"closed","sticky":false,"template":"","format":"standard","meta":{"footnotes":""},"categories":[18,23],"tags":[1388,4765],"class_list":["post-666792","post","type-post","status-publish","format-standard","has-post-thumbnail","hentry","category-economia","category-internacional","tag-china","tag-comercio"],"_links":{"self":[{"href":"https:\/\/diariodominicano.com\/index.php?rest_route=\/wp\/v2\/posts\/666792","targetHints":{"allow":["GET"]}}],"collection":[{"href":"https:\/\/diariodominicano.com\/index.php?rest_route=\/wp\/v2\/posts"}],"about":[{"href":"https:\/\/diariodominicano.com\/index.php?rest_route=\/wp\/v2\/types\/post"}],"author":[{"embeddable":true,"href":"https:\/\/diariodominicano.com\/index.php?rest_route=\/wp\/v2\/users\/2"}],"replies":[{"embeddable":true,"href":"https:\/\/diariodominicano.com\/index.php?rest_route=%2Fwp%2Fv2%2Fcomments&post=666792"}],"version-history":[{"count":1,"href":"https:\/\/diariodominicano.com\/index.php?rest_route=\/wp\/v2\/posts\/666792\/revisions"}],"predecessor-version":[{"id":666793,"href":"https:\/\/diariodominicano.com\/index.php?rest_route=\/wp\/v2\/posts\/666792\/revisions\/666793"}],"wp:featuredmedia":[{"embeddable":true,"href":"https:\/\/diariodominicano.com\/index.php?rest_route=\/wp\/v2\/media\/590755"}],"wp:attachment":[{"href":"https:\/\/diariodominicano.com\/index.php?rest_route=%2Fwp%2Fv2%2Fmedia&parent=666792"}],"wp:term":[{"taxonomy":"category","embeddable":true,"href":"https:\/\/diariodominicano.com\/index.php?rest_route=%2Fwp%2Fv2%2Fcategories&post=666792"},{"taxonomy":"post_tag","embeddable":true,"href":"https:\/\/diariodominicano.com\/index.php?rest_route=%2Fwp%2Fv2%2Ftags&post=666792"}],"curies":[{"name":"wp","href":"https:\/\/api.w.org\/{rel}","templated":true}]}}