{"id":666655,"date":"2026-02-22T18:27:55","date_gmt":"2026-02-22T22:27:55","guid":{"rendered":"https:\/\/diariodominicano.com\/?p=666655"},"modified":"2026-02-22T20:34:33","modified_gmt":"2026-02-23T00:34:33","slug":"direccion-de-desarrollo-social-superate-estrecha-vinculos-con-familias-del-sur-para-acelerar-la-superacion-de-la-pobreza","status":"publish","type":"post","link":"https:\/\/diariodominicano.com\/?p=666655","title":{"rendered":"Direcci\u00f3n de Desarrollo Social Sup\u00e9rate informa estrecha v\u00ednculos con familias del Sur para acelerar la superaci\u00f3n de la pobreza"},"content":{"rendered":"\n<p><strong><em>El despliegue de la entidad en tres provincias del Sur responde a la estrategia de articulaci\u00f3n territorial que busca que las pol\u00edticas p\u00fablicas est\u00e9n presentes en la vida y los hogares de la gente<\/em><\/strong><\/p>\n\n\n\n<p><strong>Santo Domingo, RD.\u00a0La Direcci\u00f3n de Desarrollo Social Sup\u00e9rate, inform\u00f3 el domingo que en el fin de semana desarroll\u00f3 una intensa agenda de trabajo en la regi\u00f3n Sur del pa\u00eds, encabezando encuentros territoriales en las provincias de\u00a0Barahona, Azua y San Crist\u00f3bal a los que asistieron un total de 1,800 familias beneficiarias de los subsidios de Alim\u00e9ntate, Bono Gas, Bono Luz, Aprende, Avanza, Sup\u00e9rate Mujer, Fondo Discapacidad, que otorga el Gobierno dominicano.<\/strong><\/p>\n\n\n\n<p><strong>La directora general de la Direcci\u00f3n de Desarrollo Social Sup\u00e9rate, Mayra Jim\u00e9nez se\u00f1al\u00f3 que estas jornadas han sido dise\u00f1adas como un ejercicio de escucha activa y di\u00e1logo social, para interactuar de manera directa con miles de familias beneficiarias de los programas lo para recoger experiencias e identificar desaf\u00edos en el acceso a servicios.<\/strong><\/p>\n\n\n\n<figure class=\"wp-block-gallery has-nested-images columns-default is-cropped wp-block-gallery-1 is-layout-flex wp-block-gallery-is-layout-flex\">\n<figure class=\"wp-block-image size-large\"><img loading=\"lazy\" decoding=\"async\" width=\"1024\" height=\"673\" data-id=\"666670\" src=\"https:\/\/diariodominicano.com\/wp-content\/uploads\/2026\/02\/Durante-encuentro-territorial-en-Barahona-Mayra-Jimenez-y-todo-el-equipo-de-la-Direccion-de-Desarrollo-Social-Superate-1024x673.jpg\" alt=\"\" class=\"wp-image-666670\" srcset=\"https:\/\/diariodominicano.com\/wp-content\/uploads\/2026\/02\/Durante-encuentro-territorial-en-Barahona-Mayra-Jimenez-y-todo-el-equipo-de-la-Direccion-de-Desarrollo-Social-Superate-1024x673.jpg 1024w, https:\/\/diariodominicano.com\/wp-content\/uploads\/2026\/02\/Durante-encuentro-territorial-en-Barahona-Mayra-Jimenez-y-todo-el-equipo-de-la-Direccion-de-Desarrollo-Social-Superate-300x197.jpg 300w, https:\/\/diariodominicano.com\/wp-content\/uploads\/2026\/02\/Durante-encuentro-territorial-en-Barahona-Mayra-Jimenez-y-todo-el-equipo-de-la-Direccion-de-Desarrollo-Social-Superate-768x505.jpg 768w, https:\/\/diariodominicano.com\/wp-content\/uploads\/2026\/02\/Durante-encuentro-territorial-en-Barahona-Mayra-Jimenez-y-todo-el-equipo-de-la-Direccion-de-Desarrollo-Social-Superate-1536x1010.jpg 1536w, https:\/\/diariodominicano.com\/wp-content\/uploads\/2026\/02\/Durante-encuentro-territorial-en-Barahona-Mayra-Jimenez-y-todo-el-equipo-de-la-Direccion-de-Desarrollo-Social-Superate-2048x1346.jpg 2048w, https:\/\/diariodominicano.com\/wp-content\/uploads\/2026\/02\/Durante-encuentro-territorial-en-Barahona-Mayra-Jimenez-y-todo-el-equipo-de-la-Direccion-de-Desarrollo-Social-Superate-816x536.jpg 816w\" sizes=\"auto, (max-width: 1024px) 100vw, 1024px\" \/><figcaption class=\"wp-element-caption\">Durante encuentro territorial en Barahona, Mayra Jim\u00e9nez y todo el equipo de la Direcci\u00f3n de Desarrollo Social Sup\u00e9rate <\/figcaption><\/figure>\n<\/figure>\n\n\n\n<p><strong>El despliegue en estas tres provincias del Sur responde a la estrategia de articulaci\u00f3n territorial que busca que las pol\u00edticas p\u00fablicas est\u00e9n presentes en la vida y los hogares de la gente. Del escritorio al territorio, procura responder fielmente a las realidades y din\u00e1micas de cada comunidad.&nbsp;<\/strong><\/p>\n\n\n\n<p><strong>Con estas acciones, desde el Gobierno del presidente Luis Abinader y Sup\u00e9rate se refuerza la ruta cr\u00edtica para eliminar la pobreza extrema hacia el a\u00f1o 2028 y lograr Hambre Cero, dando con ello, cumplimiento a unos de los Objetivo de Desarrollo Sostenible (ODS) m\u00e1s importantes para la dignidad humana. De igual manera, se busca que cada intervenci\u00f3n social contribuya de manera tangible a la protecci\u00f3n de derechos y al fortalecimiento de las capacidades de las familias en situaci\u00f3n de vulnerabilidad.<\/strong><\/p>\n\n\n\n<figure class=\"wp-block-gallery has-nested-images columns-default is-cropped wp-block-gallery-2 is-layout-flex wp-block-gallery-is-layout-flex\">\n<figure class=\"wp-block-image size-large\"><img loading=\"lazy\" decoding=\"async\" width=\"1024\" height=\"683\" data-id=\"666671\" src=\"https:\/\/diariodominicano.com\/wp-content\/uploads\/2026\/02\/Comunitarias-felices-por-la-iniciativa-de-la-Direccion-de-Superate-y-el-calido-acercarse-a-sus-localidades-1024x683.jpg\" alt=\"\" class=\"wp-image-666671\" srcset=\"https:\/\/diariodominicano.com\/wp-content\/uploads\/2026\/02\/Comunitarias-felices-por-la-iniciativa-de-la-Direccion-de-Superate-y-el-calido-acercarse-a-sus-localidades-1024x683.jpg 1024w, https:\/\/diariodominicano.com\/wp-content\/uploads\/2026\/02\/Comunitarias-felices-por-la-iniciativa-de-la-Direccion-de-Superate-y-el-calido-acercarse-a-sus-localidades-300x200.jpg 300w, https:\/\/diariodominicano.com\/wp-content\/uploads\/2026\/02\/Comunitarias-felices-por-la-iniciativa-de-la-Direccion-de-Superate-y-el-calido-acercarse-a-sus-localidades-768x512.jpg 768w, https:\/\/diariodominicano.com\/wp-content\/uploads\/2026\/02\/Comunitarias-felices-por-la-iniciativa-de-la-Direccion-de-Superate-y-el-calido-acercarse-a-sus-localidades-816x544.jpg 816w, https:\/\/diariodominicano.com\/wp-content\/uploads\/2026\/02\/Comunitarias-felices-por-la-iniciativa-de-la-Direccion-de-Superate-y-el-calido-acercarse-a-sus-localidades.jpg 1200w\" sizes=\"auto, (max-width: 1024px) 100vw, 1024px\" \/><figcaption class=\"wp-element-caption\">Comunitarias felices por la iniciativa de la Direcci\u00f3n de Sup\u00e9rate y el c\u00e1lido acercarse a sus localidades <\/figcaption><\/figure>\n<\/figure>\n\n\n\n<p><strong>Estos encuentros en la Regi\u00f3n Sur y los que se desarrollar\u00e1n en las dem\u00e1s provincias del pa\u00eds son una pieza clave de la nueva institucionalidad dispuesta por el Decreto n\u00fam.&nbsp;160-25, la cual unifica responsabilidades para lograr una mayor consolidaci\u00f3n en los programas de protecci\u00f3n social.&nbsp;<\/strong><\/p>\n\n\n\n<p><strong>Durante las sesiones, las personas beneficiarias compartieron el impacto que han tenido en sus hogares los componentes de Apoyo Alimentario, Cuidados, Sup\u00e9rate Mujer y el Acompa\u00f1amiento Sociofamiliar integral.&nbsp;El di\u00e1logo, permiti\u00f3, adem\u00e1s evaluar los avances en programas de formaci\u00f3n para el empleo y emprendimiento, elementos clave para que los hogares logren una autonom\u00eda econ\u00f3mica sostenible.<\/strong><\/p>\n\n\n\n<p><strong>Para el trabajo territorial, Sup\u00e9rate se ha organizado de acuerdo a las 10 diez regiones de planificaci\u00f3n establecidas a nivel nacional, las cuales representan espacios estrat\u00e9gicos para la articulaci\u00f3n de la pol\u00edtica social, donde convergen programas, servicios, autoridades provinciales locales y comunitarios.<\/strong><\/p>\n\n\n\n<p><strong>Prensa Direcci\u00f3n Desarrollo Social Sup\u00e9rate<\/strong><\/p>\n\n\n\n<p><strong>Sup\u00e9rate Prensa <a href=\"mailto:superateprensa@gmail.com\">superateprensa@gmail.com<\/a> &nbsp;<\/strong><\/p>\n","protected":false},"excerpt":{"rendered":"<p>El despliegue de la entidad en tres provincias del Sur responde a la estrategia de articulaci\u00f3n territorial que busca que las pol\u00edticas p\u00fablicas est\u00e9n presentes en la vida y los hogares de la gente Santo Domingo, RD.\u00a0La Direcci\u00f3n de Desarrollo Social Sup\u00e9rate, inform\u00f3 el domingo que en el fin de semana desarroll\u00f3 una intensa agenda [&hellip;]<\/p>\n","protected":false},"author":7,"featured_media":666669,"comment_status":"closed","ping_status":"closed","sticky":false,"template":"","format":"standard","meta":{"footnotes":""},"categories":[36],"tags":[4743,388],"class_list":["post-666655","post","type-post","status-publish","format-standard","has-post-thumbnail","hentry","category-hombresmujeresycosas","tag-direccion-de-desarrollo-social-superate","tag-superate"],"_links":{"self":[{"href":"https:\/\/diariodominicano.com\/index.php?rest_route=\/wp\/v2\/posts\/666655","targetHints":{"allow":["GET"]}}],"collection":[{"href":"https:\/\/diariodominicano.com\/index.php?rest_route=\/wp\/v2\/posts"}],"about":[{"href":"https:\/\/diariodominicano.com\/index.php?rest_route=\/wp\/v2\/types\/post"}],"author":[{"embeddable":true,"href":"https:\/\/diariodominicano.com\/index.php?rest_route=\/wp\/v2\/users\/7"}],"replies":[{"embeddable":true,"href":"https:\/\/diariodominicano.com\/index.php?rest_route=%2Fwp%2Fv2%2Fcomments&post=666655"}],"version-history":[{"count":2,"href":"https:\/\/diariodominicano.com\/index.php?rest_route=\/wp\/v2\/posts\/666655\/revisions"}],"predecessor-version":[{"id":666674,"href":"https:\/\/diariodominicano.com\/index.php?rest_route=\/wp\/v2\/posts\/666655\/revisions\/666674"}],"wp:featuredmedia":[{"embeddable":true,"href":"https:\/\/diariodominicano.com\/index.php?rest_route=\/wp\/v2\/media\/666669"}],"wp:attachment":[{"href":"https:\/\/diariodominicano.com\/index.php?rest_route=%2Fwp%2Fv2%2Fmedia&parent=666655"}],"wp:term":[{"taxonomy":"category","embeddable":true,"href":"https:\/\/diariodominicano.com\/index.php?rest_route=%2Fwp%2Fv2%2Fcategories&post=666655"},{"taxonomy":"post_tag","embeddable":true,"href":"https:\/\/diariodominicano.com\/index.php?rest_route=%2Fwp%2Fv2%2Ftags&post=666655"}],"curies":[{"name":"wp","href":"https:\/\/api.w.org\/{rel}","templated":true}]}}