{"id":666559,"date":"2026-02-22T00:32:41","date_gmt":"2026-02-22T04:32:41","guid":{"rendered":"https:\/\/diariodominicano.com\/?p=666559"},"modified":"2026-02-22T00:32:46","modified_gmt":"2026-02-22T04:32:46","slug":"compartiendo-dialogos-conmigo-mismo-81","status":"publish","type":"post","link":"https:\/\/diariodominicano.com\/?p=666559","title":{"rendered":"COMPARTIENDO DI\u00c1LOGOS CONMIGO MISMO"},"content":{"rendered":"\n<p><strong>EL ESP\u00cdRITU DEL MAL;<\/strong><\/p>\n\n\n\n<p><strong>A COMBATE<\/strong><\/p>\n\n\n\n<p><strong><em>EL HIJO RESISTE LA TENTATIVA DE LEALTAD AL PADRE: En este hecho, percibimos la reyerta de dimensi\u00f3n universal, donde las fuerzas del maligno son tentadoras, contrarias al plan salv\u00edfico que Jes\u00fas proclama y vive en primera persona. Realmente, con Cristo se inicia el tiempo de la nueva creaci\u00f3n, bajo el paraguas de una in\u00e9dita y perfecta alianza, entre lo divino y lo humano. Esta lucha contra el mal, nos implica a cada uno de nosotros, llamados a seguir el modelo del Maestro.<\/em><\/strong><\/p>\n\n\n\n<p><strong>I.- \u00bfC\u00d3MO SE GANAN EL PAN LOS POBRES?<a><\/a><a><\/a><a><\/a><a><\/a><a><\/a><a><\/a><a><\/a><a><\/a><a><\/a><a><\/a><a><\/a><a><\/a><a><\/a><a><\/a><a><\/a><a><\/a><a><\/a><a><\/a><a><\/a><a><\/a><a><\/a><a><\/a><a><\/a><a><\/a>:<\/strong><\/p>\n\n\n\n<p><strong>CON EL PENITENTE ESP\u00cdRITU ORANTE<\/strong><\/p>\n\n\n\n<p><a>La fuerza de los d\u00edas es un sondear,<\/a><\/p>\n\n\n\n<p>un crecer y un recrearse convenido;<\/p>\n\n\n\n<p>pues no hay mejor correspondencia,<\/p>\n\n\n\n<p>que estimarse para articular latidos,<\/p>\n\n\n\n<p>y valorar el v\u00ednculo de lo amistoso.<\/p>\n\n\n\n<p>Es verdad que todos formamos uno,<\/p>\n\n\n\n<p>y que nadie es dispensa de ninguno;<\/p>\n\n\n\n<p>tampoco el Hijo de Dios se aplaude,<\/p>\n\n\n\n<p>no ingiere privilegio alguno de ello,<\/p>\n\n\n\n<p>y justifica ganar el pan con el sudor.<\/p>\n\n\n\n<p>As\u00ed prefiere ser como sus hermanos,<\/p>\n\n\n\n<p>se niega a las ventajas que le ofrece<\/p>\n\n\n\n<p>el diablo, mientras \u00c9l pasa hambre,<\/p>\n\n\n\n<p>y siente sed de justicia en un globo,<\/p>\n\n\n\n<p>mal vestido y revestido de ego\u00edsmo.<\/p>\n\n\n\n<p><strong>II.- \u00bfPARA QU\u00c9 HEMOS VENIDO AL MUNDO?:<\/strong><\/p>\n\n\n\n<p><strong>PARA APROXIMARNOS A DIOS Y ENTRE S\u00cd<\/strong><\/p>\n\n\n\n<p>Satan\u00e1s llev\u00f3 a Jes\u00fas al lugar santo,<\/p>\n\n\n\n<p>lo llam\u00f3 a subir al alero del templo,<\/p>\n\n\n\n<p>a tirarse desde lo alto del pedestal,&nbsp;<\/p>\n\n\n\n<p>para ser recogido por los serafines,<\/p>\n\n\n\n<p>y acogido por las ternuras celestes.<\/p>\n\n\n\n<p>Objetar los bandos de la naturaleza,<\/p>\n\n\n\n<p>es contradecir el oriundo horizonte;<\/p>\n\n\n\n<p>es moverse y removerse en el caos,<\/p>\n\n\n\n<p>porque hemos venido a respetarnos,<\/p>\n\n\n\n<p>a ser el armaz\u00f3n de uni\u00f3n y unidad.<\/p>\n\n\n\n<p>Nuestro fin es desvivirnos por vivir,<\/p>\n\n\n\n<p>hasta volver amigos a los enemigos,<\/p>\n\n\n\n<p>restaurando maldades por bondades,<\/p>\n\n\n\n<p>que la vida es conciliarse y hallarse,<\/p>\n\n\n\n<p>con el vivo empe\u00f1o de fraternizarse.<\/p>\n\n\n\n<p><strong>III.- \u00bfPERO DE QUI\u00c9N ES ESTE MUNDO?:<\/strong><\/p>\n\n\n\n<p><strong>SER\u00c1 DEL BIEN, NUNCA DEL MAL<\/strong><\/p>\n\n\n\n<p>El demonio trama su oferta a Jes\u00fas,<\/p>\n\n\n\n<p>como si fuese el patr\u00f3n del mundo,<\/p>\n\n\n\n<p>y todo el cosmos le correspondiese;<\/p>\n\n\n\n<p>su af\u00e1n es suplantar al mismo Dios,<\/p>\n\n\n\n<p>y su desvelo tener adoraci\u00f3n diaria.<\/p>\n\n\n\n<p>La invitaci\u00f3n del perverso es feroz,<\/p>\n\n\n\n<p>vocea un beneficio muy agonizante;&nbsp;<\/p>\n\n\n\n<p>que el Hijo desatienda el itinerario,<\/p>\n\n\n\n<p>proyectado por el Padre y se revele<\/p>\n\n\n\n<p>contra s\u00ed, que es la verdad y el todo.<\/p>\n\n\n\n<p>La respuesta de Jes\u00fas es primordial,<\/p>\n\n\n\n<p>a la hora de asistirnos y de velarnos;<\/p>\n\n\n\n<p>pues no s\u00f3lo la fortuna nos reanima,<\/p>\n\n\n\n<p>es preciso mover el don del esp\u00edritu,<\/p>\n\n\n\n<p>quitarse de aqu\u00ed y subir a las alturas.<\/p>\n\n\n\n<p><strong>V\u00edctor CORCOBA HERRERO<\/strong><strong><\/strong><\/p>\n\n\n\n<p><a href=\"mailto:corcoba@telefonica.net\" target=\"_blank\" rel=\"noreferrer noopener\"><strong>corcoba@telefonica.net<\/strong><\/a><\/p>\n\n\n\n<p><strong>21 de febrero de 2025.-<\/strong><\/p>\n","protected":false},"excerpt":{"rendered":"<p>EL ESP\u00cdRITU DEL MAL; A COMBATE EL HIJO RESISTE LA TENTATIVA DE LEALTAD AL PADRE: En este hecho, percibimos la reyerta de dimensi\u00f3n universal, donde las fuerzas del maligno son tentadoras, contrarias al plan salv\u00edfico que Jes\u00fas proclama y vive en primera persona. Realmente, con Cristo se inicia el tiempo de la nueva creaci\u00f3n, bajo [&hellip;]<\/p>\n","protected":false},"author":28,"featured_media":497476,"comment_status":"open","ping_status":"closed","sticky":false,"template":"","format":"standard","meta":{"footnotes":""},"categories":[21,36,19],"tags":[4725],"class_list":["post-666559","post","type-post","status-publish","format-standard","has-post-thumbnail","hentry","category-cultura","category-hombresmujeresycosas","category-mi-voz","tag-el-espitu-del-mal"],"_links":{"self":[{"href":"https:\/\/diariodominicano.com\/index.php?rest_route=\/wp\/v2\/posts\/666559","targetHints":{"allow":["GET"]}}],"collection":[{"href":"https:\/\/diariodominicano.com\/index.php?rest_route=\/wp\/v2\/posts"}],"about":[{"href":"https:\/\/diariodominicano.com\/index.php?rest_route=\/wp\/v2\/types\/post"}],"author":[{"embeddable":true,"href":"https:\/\/diariodominicano.com\/index.php?rest_route=\/wp\/v2\/users\/28"}],"replies":[{"embeddable":true,"href":"https:\/\/diariodominicano.com\/index.php?rest_route=%2Fwp%2Fv2%2Fcomments&post=666559"}],"version-history":[{"count":1,"href":"https:\/\/diariodominicano.com\/index.php?rest_route=\/wp\/v2\/posts\/666559\/revisions"}],"predecessor-version":[{"id":666560,"href":"https:\/\/diariodominicano.com\/index.php?rest_route=\/wp\/v2\/posts\/666559\/revisions\/666560"}],"wp:featuredmedia":[{"embeddable":true,"href":"https:\/\/diariodominicano.com\/index.php?rest_route=\/wp\/v2\/media\/497476"}],"wp:attachment":[{"href":"https:\/\/diariodominicano.com\/index.php?rest_route=%2Fwp%2Fv2%2Fmedia&parent=666559"}],"wp:term":[{"taxonomy":"category","embeddable":true,"href":"https:\/\/diariodominicano.com\/index.php?rest_route=%2Fwp%2Fv2%2Fcategories&post=666559"},{"taxonomy":"post_tag","embeddable":true,"href":"https:\/\/diariodominicano.com\/index.php?rest_route=%2Fwp%2Fv2%2Ftags&post=666559"}],"curies":[{"name":"wp","href":"https:\/\/api.w.org\/{rel}","templated":true}]}}