{"id":666525,"date":"2026-02-21T23:25:55","date_gmt":"2026-02-22T03:25:55","guid":{"rendered":"https:\/\/diariodominicano.com\/?p=666525"},"modified":"2026-02-21T23:28:32","modified_gmt":"2026-02-22T03:28:32","slug":"la-corriente-magisterial-eugenio-maria-de-hostos-del-pld-juramenta-coordinaciones-municipales-y-provincial-de-la-vega","status":"publish","type":"post","link":"https:\/\/diariodominicano.com\/?p=666525","title":{"rendered":"La corriente magisterial Eugenio Mar\u00eda de Hostos del PLD\u00a0\u00a0juramenta\u00a0\u00a0coordinaciones municipales y provincial de La Vega"},"content":{"rendered":"\n<p>El Partido de la Liberaci\u00f3n Dominicana (PLD) jurament\u00f3 y dej\u00f3 en funcionamiento los equipos&nbsp;&nbsp;magisteriales de la provincia La Vega , que incluye las direcciones&nbsp;&nbsp;municipales en la Concepci\u00f3n de La Vega, Jima, Jarabacoa , Constanza y la del distrito Juan Rodr\u00edguez (de Barranca)de la corriente Magisterial Eugenio Mar\u00eda de Hostos,<\/p>\n\n\n\n<figure class=\"wp-block-image size-large\"><img loading=\"lazy\" decoding=\"async\" width=\"1024\" height=\"509\" src=\"https:\/\/diariodominicano.com\/wp-content\/uploads\/2026\/02\/PLD-de-La-Vega-3-1024x509.jpg\" alt=\"\" class=\"wp-image-666527\" srcset=\"https:\/\/diariodominicano.com\/wp-content\/uploads\/2026\/02\/PLD-de-La-Vega-3-1024x509.jpg 1024w, https:\/\/diariodominicano.com\/wp-content\/uploads\/2026\/02\/PLD-de-La-Vega-3-300x149.jpg 300w, https:\/\/diariodominicano.com\/wp-content\/uploads\/2026\/02\/PLD-de-La-Vega-3-768x382.jpg 768w, https:\/\/diariodominicano.com\/wp-content\/uploads\/2026\/02\/PLD-de-La-Vega-3-816x405.jpg 816w, https:\/\/diariodominicano.com\/wp-content\/uploads\/2026\/02\/PLD-de-La-Vega-3-400x200.jpg 400w, https:\/\/diariodominicano.com\/wp-content\/uploads\/2026\/02\/PLD-de-La-Vega-3.jpg 1280w\" sizes=\"auto, (max-width: 1024px) 100vw, 1024px\" \/><\/figure>\n\n\n\n<p>&nbsp;Radham\u00e9s Camacho, miembro del Comit\u00e9 pol\u00edtico, titular&nbsp;&nbsp;de Secretar\u00eda de Asuntos Magisteriales del PLD y coordinador nacional de la corriente Eugenio Mar\u00eda de Hostos, tom\u00f3 el juramento a los equipos municipales y provincial de La Vega.<\/p>\n\n\n\n<p>&nbsp;Adem\u00e1s del juramento de los equipos magisteriales Radham\u00e9s Camacho, Julio&nbsp;&nbsp;Cesar Correa y Rafael Mart\u00ednez arengaron sobre la situaci\u00f3n pol\u00edtica actual y la necesidad de proseguir el trabajo de fortalecimiento org\u00e1nico en el PLD.&nbsp;&nbsp;<\/p>\n\n\n\n<p>Los equipos conformados tienen la responsabilidad de trabajar por el fortalecimiento de esa entidad gremial y los compromisos asumidos para defender el sistema educativo.<\/p>\n\n\n\n<p>En la actividad particip\u00f3&nbsp;&nbsp;Bol\u00edvar Marte, presidente provincial del PLD,&nbsp;&nbsp;Rafael Mart\u00ednez, presidente municipal, Julio Correa, miembro de Comit\u00e9 Central, Franklin Ferreras, directivo de la corriente Eugenio Mar\u00eda de Hostos&nbsp;&nbsp;y miembro de la Direcci\u00f3n Nacional la ADP, Andr\u00e9s Hern\u00e1ndez Fa\u00f1a, presidente del Comit\u00e9 Municipal del PLD en&nbsp;&nbsp;Jarabacoa, Manuel Pe\u00f1a, Mario Bruno, Pedro Antonio Flete, Narciso Brito, Juli\u00e1n El\u00edas Pichardo, Gudvin de Le\u00f3n, , Bernardo Acosta, miembros del Comit\u00e9 Central , Rafael Flores, presidente provincial de la Corriente magisterial, La Maestra Orqu\u00eddea Rosario, miembro del CC y secretaria del PLD en Jima Abajo.<\/p>\n\n\n\n<p>Tambi\u00e9n particip\u00f3&nbsp;&nbsp;Alexis Evangelista, presidente de la Asociaci\u00f3n Dominicana de Profesores de Jima Abajo.<\/p>\n\n\n\n<p>Los coordinadores juramentados juntos a sus equipos fueron: Sarath Mar\u00eda Guti\u00e9rrez, coordinadora municipal por la seccional La Vega Este, Leonel Far\u00edas, coordinador municipal por la seccional La vega Oeste, Leonarda P\u00e9rez Custodio, por el municipio de Constanza, Yilenia Castillo, coordinadora del municipio de Jarabacoa,&nbsp;&nbsp;Yordy Castillo, coordinador del municipio de Jima Abajo, Denny L\u00f3pez coordinadora del distrito municipal Juan Rodr\u00edguez, (Barranca), entre otros.<\/p>\n\n\n\n<p><strong>SECRETARIA COMUNICACIONES<\/strong><\/p>\n\n\n\n<p><strong>21 FEBRERO 2026<\/strong><\/p>\n","protected":false},"excerpt":{"rendered":"<p>El Partido de la Liberaci\u00f3n Dominicana (PLD) jurament\u00f3 y dej\u00f3 en funcionamiento los equipos&nbsp;&nbsp;magisteriales de la provincia La Vega , que incluye las direcciones&nbsp;&nbsp;municipales en la Concepci\u00f3n de La Vega, Jima, Jarabacoa , Constanza y la del distrito Juan Rodr\u00edguez (de Barranca)de la corriente Magisterial Eugenio Mar\u00eda de Hostos, &nbsp;Radham\u00e9s Camacho, miembro del Comit\u00e9 pol\u00edtico, [&hellip;]<\/p>\n","protected":false},"author":2,"featured_media":666526,"comment_status":"open","ping_status":"closed","sticky":false,"template":"","format":"standard","meta":{"footnotes":""},"categories":[22],"tags":[4717,4718],"class_list":["post-666525","post","type-post","status-publish","format-standard","has-post-thumbnail","hentry","category-politica","tag-eugenio-maria-de-hostos","tag-pld-juramenta"],"_links":{"self":[{"href":"https:\/\/diariodominicano.com\/index.php?rest_route=\/wp\/v2\/posts\/666525","targetHints":{"allow":["GET"]}}],"collection":[{"href":"https:\/\/diariodominicano.com\/index.php?rest_route=\/wp\/v2\/posts"}],"about":[{"href":"https:\/\/diariodominicano.com\/index.php?rest_route=\/wp\/v2\/types\/post"}],"author":[{"embeddable":true,"href":"https:\/\/diariodominicano.com\/index.php?rest_route=\/wp\/v2\/users\/2"}],"replies":[{"embeddable":true,"href":"https:\/\/diariodominicano.com\/index.php?rest_route=%2Fwp%2Fv2%2Fcomments&post=666525"}],"version-history":[{"count":1,"href":"https:\/\/diariodominicano.com\/index.php?rest_route=\/wp\/v2\/posts\/666525\/revisions"}],"predecessor-version":[{"id":666528,"href":"https:\/\/diariodominicano.com\/index.php?rest_route=\/wp\/v2\/posts\/666525\/revisions\/666528"}],"wp:featuredmedia":[{"embeddable":true,"href":"https:\/\/diariodominicano.com\/index.php?rest_route=\/wp\/v2\/media\/666526"}],"wp:attachment":[{"href":"https:\/\/diariodominicano.com\/index.php?rest_route=%2Fwp%2Fv2%2Fmedia&parent=666525"}],"wp:term":[{"taxonomy":"category","embeddable":true,"href":"https:\/\/diariodominicano.com\/index.php?rest_route=%2Fwp%2Fv2%2Fcategories&post=666525"},{"taxonomy":"post_tag","embeddable":true,"href":"https:\/\/diariodominicano.com\/index.php?rest_route=%2Fwp%2Fv2%2Ftags&post=666525"}],"curies":[{"name":"wp","href":"https:\/\/api.w.org\/{rel}","templated":true}]}}