{"id":666506,"date":"2026-02-21T16:28:18","date_gmt":"2026-02-21T20:28:18","guid":{"rendered":"https:\/\/diariodominicano.com\/?p=666506"},"modified":"2026-02-21T23:15:52","modified_gmt":"2026-02-22T03:15:52","slug":"valentin-perez-mediante-decreto-34-25-que-instruye-al-conep-administrar-recursos-financieros-de-la-policia-envia-mensaje-funesto-a-la-ciudadania","status":"publish","type":"post","link":"https:\/\/diariodominicano.com\/?p=666506","title":{"rendered":"Valent\u00edn P\u00e9rez: Mediante decreto 34-25 que instruye al CONEP administrar Recursos financieros de la Polic\u00eda env\u00eda mensaje funesto a la ciudadan\u00eda"},"content":{"rendered":"\n<p>\u201cY esa es la reforma que se est\u00e1 impulsado acrecentado la desconfianza de la gente en la Polic\u00eda\u201d<\/p>\n\n\n\n<p>Santo Domingo, RD: &#8211; El comunicador Valent\u00edn P\u00e9rez, manifest\u00f3 que con el decreto 34-25 que instruye al Consejo Nacional de la Empresa Privada (CONEP), administrar los recursos econ\u00f3micos de la Polic\u00eda Nacional se le propina un duro golpe a esa instituci\u00f3n del orden y a sus ejecutivos, porque le ata de manos, retrasa los procesos y quita autoridad en la toma de decisiones, adem\u00e1s env\u00eda un mensaje funesto al pueblo que genera a\u00fan m\u00e1s desconfianza.<\/p>\n\n\n\n<p>\u201cLo primero es que ese decreto viola la ley 590-16, de la Polic\u00eda Nacional, en su art\u00edculo 28, inciso 3, que reza de la siguiente manera: Dentro de las atribuciones del director est\u00e1: Administrar los recursos financieros destinados a la Polic\u00eda Nacional en el Presupuesto General del Estado, de acuerdo a las leyes y regulaciones sobre la materia\u201d, fin de cita.<\/p>\n\n\n\n<p>\u00bfEsa es la reforma policial que se est\u00e1 promoviendo?, lo que el CONEP debe hacer es comprar un robot en China, La India o Jap\u00f3n y ponerlo a dirigir la Polic\u00eda Nacional, porque eso es un abuso y atropello a esa instituci\u00f3n y a sus autoridades, eso es inaceptable, cuestion\u00f3 P\u00e9rez.<\/p>\n\n\n\n<p>Concluy\u00f3 diciendo, que si hoy la Polic\u00eda Nacional est\u00e1 cuestionada se debe a acciones como esa que laceran su integridad y la manera en c\u00f3mo la poblaci\u00f3n la percibe.<\/p>\n","protected":false},"excerpt":{"rendered":"<p>\u201cY esa es la reforma que se est\u00e1 impulsado acrecentado la desconfianza de la gente en la Polic\u00eda\u201d Santo Domingo, RD: &#8211; El comunicador Valent\u00edn P\u00e9rez, manifest\u00f3 que con el decreto 34-25 que instruye al Consejo Nacional de la Empresa Privada (CONEP), administrar los recursos econ\u00f3micos de la Polic\u00eda Nacional se le propina un duro [&hellip;]<\/p>\n","protected":false},"author":7,"featured_media":499807,"comment_status":"closed","ping_status":"closed","sticky":false,"template":"","format":"standard","meta":{"footnotes":""},"categories":[16],"tags":[377,1070,1661],"class_list":["post-666506","post","type-post","status-publish","format-standard","has-post-thumbnail","hentry","category-opiniones","tag-conep","tag-policia-nacional","tag-valentin-perez"],"_links":{"self":[{"href":"https:\/\/diariodominicano.com\/index.php?rest_route=\/wp\/v2\/posts\/666506","targetHints":{"allow":["GET"]}}],"collection":[{"href":"https:\/\/diariodominicano.com\/index.php?rest_route=\/wp\/v2\/posts"}],"about":[{"href":"https:\/\/diariodominicano.com\/index.php?rest_route=\/wp\/v2\/types\/post"}],"author":[{"embeddable":true,"href":"https:\/\/diariodominicano.com\/index.php?rest_route=\/wp\/v2\/users\/7"}],"replies":[{"embeddable":true,"href":"https:\/\/diariodominicano.com\/index.php?rest_route=%2Fwp%2Fv2%2Fcomments&post=666506"}],"version-history":[{"count":3,"href":"https:\/\/diariodominicano.com\/index.php?rest_route=\/wp\/v2\/posts\/666506\/revisions"}],"predecessor-version":[{"id":666522,"href":"https:\/\/diariodominicano.com\/index.php?rest_route=\/wp\/v2\/posts\/666506\/revisions\/666522"}],"wp:featuredmedia":[{"embeddable":true,"href":"https:\/\/diariodominicano.com\/index.php?rest_route=\/wp\/v2\/media\/499807"}],"wp:attachment":[{"href":"https:\/\/diariodominicano.com\/index.php?rest_route=%2Fwp%2Fv2%2Fmedia&parent=666506"}],"wp:term":[{"taxonomy":"category","embeddable":true,"href":"https:\/\/diariodominicano.com\/index.php?rest_route=%2Fwp%2Fv2%2Fcategories&post=666506"},{"taxonomy":"post_tag","embeddable":true,"href":"https:\/\/diariodominicano.com\/index.php?rest_route=%2Fwp%2Fv2%2Ftags&post=666506"}],"curies":[{"name":"wp","href":"https:\/\/api.w.org\/{rel}","templated":true}]}}