{"id":666459,"date":"2026-02-21T01:26:05","date_gmt":"2026-02-21T05:26:05","guid":{"rendered":"https:\/\/diariodominicano.com\/?p=666459"},"modified":"2026-02-21T02:24:35","modified_gmt":"2026-02-21T06:24:35","slug":"oit-denuncia-violaciones-a-la-libertad-sindical-en-panama","status":"publish","type":"post","link":"https:\/\/diariodominicano.com\/?p=666459","title":{"rendered":"OIT denuncia violaciones a la libertad sindical en Panam\u00e1"},"content":{"rendered":"\n<p>Ciudad de Panam\u00e1, 20 feb (Prensa Latina) La Organizaci\u00f3n Internacional del Trabajo (OIT) denunci\u00f3 violaciones a la libertad sindical, demoras en personer\u00edas jur\u00eddicas y falta de avances legislativos en Panam\u00e1, en medio del debilitamiento del di\u00e1logo social, destacan hoy medios locales de prensa.<\/p>\n\n\n\n<p><a href=\"https:\/\/www.prensa-latina.cu\/2026\/02\/20\/\"><time>febrero 20, 2026 | 23:49<\/time><\/a> <\/p>\n\n\n\n<p>El informe de la Comisi\u00f3n de Expertos en Aplicaci\u00f3n de Convenios y Recomendaciones de la OIT se nutre de observaciones de organizaciones sindicales nacionales e internacionales sobre \u00abserias violaciones de los derechos del&nbsp;Sindicato \u00danico Nacional de Trabajadores de la Industria de la Construcci\u00f3n y Similares&nbsp;(Suntracs) y de sus dirigentes por parte de las autoridades p\u00fablicas\u201d, de acuerdo con el reporte de LATAM GREMIAL.<\/p>\n\n\n\n<p>Seg\u00fan el documento, tales hechos se encuentran bajo el examen del Comit\u00e9 de Libertad Sindical en el marco del caso n\u00famero 3456.<\/p>\n\n\n\n<p>Asimismo, descubre que las comisiones tripartitas creadas por el acuerdo de Panam\u00e1 de 2012 \u201cno funcionan desde abril del 2020\u201d debido a desacuerdos sobre criterios de representatividad, por lo que lamenta \u201cla ausencia de progreso en la reactivaci\u00f3n\u00bb de estos \u00f3rganos.<\/p>\n\n\n\n<p>En este escenario, la Comisi\u00f3n \u201cinsta al Gobierno\u201d a que, en consulta con los interlocutores sociales,&nbsp;adopte medidas para restablecer su funcionamiento, ante la importancia de estos espacios para la aplicaci\u00f3n efectiva del Convenio sobre libertad sindical.<\/p>\n\n\n\n<p>En materia legislativa, la Comisi\u00f3n reiter\u00f3 observaciones formuladas desde hace varios a\u00f1os sobre&nbsp;disposiciones que limitan la constituci\u00f3n de organizaciones, restringen el derecho de huelga y establecen requisitos elevados para formar sindicatos, tanto en el sector privado como p\u00fablico.<\/p>\n\n\n\n<p>Adem\u00e1s, lament\u00f3 la falta de avance en la armonizaci\u00f3n normativa, al tiempo que record\u00f3 que \u201clas garant\u00edas establecidas en el Convenio son aplicables a todos los trabajadores sin ninguna distinci\u00f3n, incluidos los empleados del Estado\u201d.<\/p>\n\n\n\n<p>Sobre la aplicaci\u00f3n pr\u00e1ctica, el informe advierte que los per\u00edodos de resoluci\u00f3n para el otorgamiento de personer\u00edas jur\u00eddicas \u201cson excesivos\u201d, pues en 12 de 20 solicitudes el tiempo transcurrido super\u00f3 el a\u00f1o.<\/p>\n\n\n\n<p>rc\/abp<\/p>\n\n\n\n<ul class=\"wp-block-list\">\n<li>#<a href=\"https:\/\/www.prensa-latina.cu\/etiqueta\/trabajo-sindical\/\">trabajo sindical<\/a><\/li>\n<\/ul>\n\n\n\n<p>MINUTO A MINUTO<\/p>\n\n\n\n<ul class=\"wp-block-list\">\n<li>00:21<\/li>\n<\/ul>\n\n\n\n<p><a href=\"https:\/\/www.prensa-latina.cu\/2026\/02\/21\/lizt-alfonso-y-sus-alas-como-metafora-de-resistencia-y-renovacion\/\">Lizt Alfonso y sus Alas como met\u00e1fora de resistencia y renovaci\u00f3n<\/a><\/p>\n\n\n\n<ul class=\"wp-block-list\">\n<li>00:20<\/li>\n<\/ul>\n\n\n\n<p><a href=\"https:\/\/www.prensa-latina.cu\/2026\/02\/21\/ballet-nacional-de-cuba-revive-encanto-de-giselle\/\">Ballet Nacional de Cuba revive encanto de Giselle<\/a><\/p>\n\n\n\n<ul class=\"wp-block-list\">\n<li>00:13<\/li>\n<\/ul>\n\n\n\n<p><a href=\"https:\/\/www.prensa-latina.cu\/2026\/02\/21\/presidente-dominicano-inaugurara-obras-sociales-en-tres-provincias\/\">Presidente dominicano inaugurar\u00e1 obras sociales en tres provincias<\/a><\/p>\n\n\n\n<ul class=\"wp-block-list\">\n<li>00:06<\/li>\n<\/ul>\n\n\n\n<p><a href=\"https:\/\/www.prensa-latina.cu\/2026\/02\/21\/etiopia-y-turkiye-reforzaron-nexos-bilaterales-con-visita-de-erdogan\/\">Etiop\u00eda y T\u00fcrkiye reforzaron nexos bilaterales con visita de Erdogan<\/a><\/p>\n\n\n\n<ul class=\"wp-block-list\">\n<li>00:05<\/li>\n<\/ul>\n\n\n\n<p><a href=\"https:\/\/www.prensa-latina.cu\/2026\/02\/21\/anuncian-en-mexico-concierto-en-washington-contra-bloqueo-a-cuba\/\">Anuncian en M\u00e9xico concierto en Washington contra bloqueo a Cuba<\/a><\/p>\n\n\n\n<ul class=\"wp-block-list\">\n<li>23:52<\/li>\n<\/ul>\n\n\n\n<p><a href=\"https:\/\/www.prensa-latina.cu\/2026\/02\/20\/ramadan-mes-de-fe-y-solidaridad-que-une-al-mundo-musulman\/\">Ramad\u00e1n, mes de fe y solidaridad que une al mundo musulm\u00e1n<\/a><\/p>\n\n\n\n<p>relacionadas<\/p>\n\n\n\n<p>TASAS DE CAMBIO \/ EXCHANGE RATES<\/p>\n\n\n\n<p>21 &#8211; febrero &#8211; 2026<\/p>\n\n\n\n<p><img decoding=\"async\" src=\"https:\/\/www.bc.gob.cu\/images\/flags\/us.png\" alt=\"USD\">USD<\/p>\n\n\n\n<p><strong>\u2191+5.00<\/strong>463,00&nbsp;<small>CUP<\/small><\/p>\n\n\n\n<p><img decoding=\"async\" src=\"https:\/\/www.bc.gob.cu\/images\/flags\/eu.png\" alt=\"EUR\">EUR<\/p>\n\n\n\n<p><strong>\u2191+5.20<\/strong>545,09&nbsp;<small>CUP<\/small><\/p>\n\n\n\n<p><img decoding=\"async\" src=\"https:\/\/www.bc.gob.cu\/images\/flags\/ca.png\" alt=\"CAD\">CAD<\/p>\n\n\n\n<p><strong>\u2191+3.69<\/strong>338,15&nbsp;<small>CUP<\/small><\/p>\n\n\n\n<p><img decoding=\"async\" src=\"https:\/\/www.bc.gob.cu\/images\/flags\/ru.png\" alt=\"RUB\">RUB<\/p>\n\n\n\n<p><strong>\u2191+0.06<\/strong>6,03&nbsp;<small>CUP<\/small><\/p>\n\n\n\n<p><img decoding=\"async\" src=\"https:\/\/www.bc.gob.cu\/images\/flags\/mx.png\" alt=\"MXN\">MXN<\/p>\n\n\n\n<p><strong>\u2191+0.23<\/strong>26,83&nbsp;<small>CUP<\/small><\/p>\n\n\n\n<p><img decoding=\"async\" src=\"https:\/\/www.bc.gob.cu\/images\/flags\/cn.png\" alt=\"CNY\">CNY<\/p>\n\n\n\n<p><strong>\u2191+0.72<\/strong>67,02&nbsp;<small>CUP<\/small><\/p>\n\n\n\n<p><img decoding=\"async\" src=\"https:\/\/www.bc.gob.cu\/images\/flags\/gb.png\" alt=\"GBP\">GBP<\/p>\n\n\n\n<p><strong>\u2191+4.95<\/strong>623,41&nbsp;<small>CUP<\/small><\/p>\n\n\n\n<p><img decoding=\"async\" src=\"https:\/\/www.bc.gob.cu\/images\/flags\/jp.png\" alt=\"JPY\">JPY&nbsp;*<\/p>\n\n\n\n<p>0,33&nbsp;<small>CUP<\/small><\/p>\n\n\n\n<p>Fuente: Banco Central de Cuba<\/p>\n","protected":false},"excerpt":{"rendered":"<p>Ciudad de Panam\u00e1, 20 feb (Prensa Latina) La Organizaci\u00f3n Internacional del Trabajo (OIT) denunci\u00f3 violaciones a la libertad sindical, demoras en personer\u00edas jur\u00eddicas y falta de avances legislativos en Panam\u00e1, en medio del debilitamiento del di\u00e1logo social, destacan hoy medios locales de prensa. febrero 20, 2026 | 23:49 El informe de la Comisi\u00f3n de Expertos [&hellip;]<\/p>\n","protected":false},"author":2,"featured_media":666498,"comment_status":"closed","ping_status":"closed","sticky":false,"template":"","format":"standard","meta":{"footnotes":""},"categories":[23],"tags":[2545,3358],"class_list":["post-666459","post","type-post","status-publish","format-standard","has-post-thumbnail","hentry","category-internacional","tag-oit","tag-panama"],"_links":{"self":[{"href":"https:\/\/diariodominicano.com\/index.php?rest_route=\/wp\/v2\/posts\/666459","targetHints":{"allow":["GET"]}}],"collection":[{"href":"https:\/\/diariodominicano.com\/index.php?rest_route=\/wp\/v2\/posts"}],"about":[{"href":"https:\/\/diariodominicano.com\/index.php?rest_route=\/wp\/v2\/types\/post"}],"author":[{"embeddable":true,"href":"https:\/\/diariodominicano.com\/index.php?rest_route=\/wp\/v2\/users\/2"}],"replies":[{"embeddable":true,"href":"https:\/\/diariodominicano.com\/index.php?rest_route=%2Fwp%2Fv2%2Fcomments&post=666459"}],"version-history":[{"count":2,"href":"https:\/\/diariodominicano.com\/index.php?rest_route=\/wp\/v2\/posts\/666459\/revisions"}],"predecessor-version":[{"id":666499,"href":"https:\/\/diariodominicano.com\/index.php?rest_route=\/wp\/v2\/posts\/666459\/revisions\/666499"}],"wp:featuredmedia":[{"embeddable":true,"href":"https:\/\/diariodominicano.com\/index.php?rest_route=\/wp\/v2\/media\/666498"}],"wp:attachment":[{"href":"https:\/\/diariodominicano.com\/index.php?rest_route=%2Fwp%2Fv2%2Fmedia&parent=666459"}],"wp:term":[{"taxonomy":"category","embeddable":true,"href":"https:\/\/diariodominicano.com\/index.php?rest_route=%2Fwp%2Fv2%2Fcategories&post=666459"},{"taxonomy":"post_tag","embeddable":true,"href":"https:\/\/diariodominicano.com\/index.php?rest_route=%2Fwp%2Fv2%2Ftags&post=666459"}],"curies":[{"name":"wp","href":"https:\/\/api.w.org\/{rel}","templated":true}]}}