{"id":666455,"date":"2026-02-21T01:12:06","date_gmt":"2026-02-21T05:12:06","guid":{"rendered":"https:\/\/diariodominicano.com\/?p=666455"},"modified":"2026-02-21T01:12:12","modified_gmt":"2026-02-21T05:12:12","slug":"ramadan-mes-de-fe-y-solidaridad-que-une-al-mundo-musulman","status":"publish","type":"post","link":"https:\/\/diariodominicano.com\/?p=666455","title":{"rendered":"Ramad\u00e1n, mes de fe y solidaridad que une al mundo musulm\u00e1n"},"content":{"rendered":"\n<p>Damasco, 20 feb (Prensa Latina) El Ramad\u00e1n, noveno mes del calendario isl\u00e1mico, constituye uno de los per\u00edodos m\u00e1s sagrados para los musulmanes en todo el mundo y representa una etapa de profunda espiritualidad, disciplina y cohesi\u00f3n social.<\/p>\n\n\n\n<ul class=\"wp-block-list\">\n<li><a href=\"https:\/\/www.prensa-latina.cu\/2026\/02\/20\/\"><time>febrero 20, 2026 | 23:52<\/time><\/a><\/li>\n<\/ul>\n\n\n\n<ul class=\"wp-block-list\">\n<li><a href=\"https:\/\/www.prensa-latina.cu\/2026\/02\/20\/ramadan-mes-de-fe-y-solidaridad-que-une-al-mundo-musulman\/#\"><\/a><\/li>\n\n\n\n<li><a href=\"https:\/\/www.prensa-latina.cu\/2026\/02\/20\/ramadan-mes-de-fe-y-solidaridad-que-une-al-mundo-musulman\/#\"><\/a><\/li>\n\n\n\n<li><a href=\"https:\/\/www.prensa-latina.cu\/2026\/02\/20\/ramadan-mes-de-fe-y-solidaridad-que-une-al-mundo-musulman\/#\"><\/a><\/li>\n\n\n\n<li><a href=\"https:\/\/www.prensa-latina.cu\/2026\/02\/20\/ramadan-mes-de-fe-y-solidaridad-que-une-al-mundo-musulman\/#\"><\/a><\/li>\n<\/ul>\n\n\n\n<p>En Siria, como en las dem\u00e1s naciones musulmanas, esta celebraci\u00f3n trasciende el cumplimiento religioso del ayuno y se convierte en una manifestaci\u00f3n viva de identidad cultural, solidaridad colectiva y esperanza compartida.<\/p>\n\n\n\n<p>Durante 29 o 30 d\u00edas, los fieles practican el ayuno diario desde el amanecer hasta la puesta del sol, en cumplimiento de uno de los cinco pilares del Islam. Sin embargo, el significado del Ramad\u00e1n va m\u00e1s all\u00e1 de la abstinencia de alimentos y bebidas: simboliza autocontrol, purificaci\u00f3n del alma y compromiso con los valores humanos esenciales.<\/p>\n\n\n\n<p>En territorio sirio, el Ramad\u00e1n transforma por completo el paisaje urbano y rural. Las calles, mezquitas y viviendas se adornan con luces multicolores, faroles tradicionales conocidos como fanous y pancartas con mensajes como \u201cRamad\u00e1n Kareem\u201d. En ciudades hist\u00f3ricas como Damasco, Alepo y Homs, la vida adquiere un ritmo distinto.<\/p>\n\n\n\n<p>Al caer la noche y tras el iftar, la comida con la que se rompe el ayuno, los mercados y zocos recobran vitalidad. Familias enteras salen a pasear, adquirir dulces t\u00edpicos como qatayef, ma\u2019amoul y baklava, o compartir en cafeter\u00edas que permanecen abiertas hasta altas horas.<\/p>\n\n\n\n<p>Los mercados tradicionales de la capital siria recuperan su dinamismo habitual durante este mes. Un recorrido de Prensa Latina por los emblem\u00e1ticos zocos de Al-Hamidiyah y Al-Asrouniyah confirm\u00f3 el incremento de la actividad comercial, impulsada por la demanda de decoraciones y productos tradicionales.<\/p>\n\n\n\n<p>M\u00e1s all\u00e1 del movimiento econ\u00f3mico, residentes de la capital subrayaron el significado simb\u00f3lico de las decoraciones que representan \u201cun mensaje de alegr\u00eda y esperanza\u201d y evidencian el apego de la comunidad a sus tradiciones, incluso en medio de desaf\u00edos.<\/p>\n\n\n\n<p>Seg\u00fan afirman los residentes a Prensa Latina, la iluminaci\u00f3n y los faroles forman parte de una costumbre transmitida de generaci\u00f3n en generaci\u00f3n, que fortalece la vida comunitaria antes y despu\u00e9s del iftar.<\/p>\n\n\n\n<p>Otra figura tradicional que a\u00fan persiste en algunos barrios es el musaharati, quien recorre las calles antes del amanecer tocando un tambor para despertar a la poblaci\u00f3n para el suhoor, la comida previa al inicio del ayuno, una costumbre profundamente arraigada en la memoria colectiva siria.<\/p>\n\n\n\n<p>Uno de los pilares fundamentales del Ramad\u00e1n es la solidaridad social. En Siria, este valor adquiere una dimensi\u00f3n especial debido a las dificultades econ\u00f3micas y sociales que ha atravesado el pa\u00eds en los \u00faltimos a\u00f1os.<\/p>\n\n\n\n<p>Durante el mes sagrado se intensifican las acciones caritativas: distribuci\u00f3n de alimentos a familias vulnerables, organizaci\u00f3n de mesas comunitarias de iftar, entrega de ropa y donaciones econ\u00f3micas. Asimismo, se cumple con el pago del Zakat al-Fitr, caridad obligatoria destinada a los m\u00e1s necesitados antes de la festividad del Eid al-Fitr.<\/p>\n\n\n\n<p>El ayuno permite experimentar, aunque sea temporalmente, el hambre y la sed que millones de personas enfrentan a diario. En el contexto sirio, donde numerosas familias viven situaciones complejas, el Ramad\u00e1n se convierte en un recordatorio constante de la importancia de la empat\u00eda y la compasi\u00f3n.<\/p>\n\n\n\n<p>La abstinencia voluntaria despierta la conciencia social y fomenta una actitud m\u00e1s solidaria hacia quienes padecen privaciones.<\/p>\n\n\n\n<p>El Ramad\u00e1n tambi\u00e9n es un mes de uni\u00f3n familiar. Cada noche, las familias sirias se re\u00fanen en torno a la mesa del iftar. Estas reuniones representan momentos de di\u00e1logo, afecto y fortalecimiento de los lazos familiares.<\/p>\n\n\n\n<p>El mes sagrado funciona como una escuela de valores que impacta tanto al individuo como a la sociedad. Entre los principios que promueve destaca la paciencia (sabr), pues ayunar durante largas horas exige autocontrol y resistencia. Asimismo, fortalece la generosidad, la espiritualidad y la reflexi\u00f3n.<\/p>\n\n\n\n<p>El Ramad\u00e1n crea adem\u00e1s un sentido de igualdad: ricos y pobres ayunan por igual y comparten la misma experiencia diaria, lo que reduce barreras sociales y refuerza el sentimiento de pertenencia comunitaria.<\/p>\n\n\n\n<p>As\u00ed, cada a\u00f1o, el Ramad\u00e1n regresa no solo como una obligaci\u00f3n religiosa, sino como una oportunidad para reconstruir corazones, fortalecer comunidades y renovar la esperanza en Siria y en todo el mundo musulm\u00e1n.<\/p>\n\n\n\n<p>rc\/fm<\/p>\n\n\n\n<ul class=\"wp-block-list\">\n<li>#<a href=\"https:\/\/www.prensa-latina.cu\/etiqueta\/musulmanes\/\">musulmanes<\/a>\u00a0#<a href=\"https:\/\/www.prensa-latina.cu\/etiqueta\/siria\/\">siria<\/a><\/li>\n<\/ul>\n","protected":false},"excerpt":{"rendered":"<p>Damasco, 20 feb (Prensa Latina) El Ramad\u00e1n, noveno mes del calendario isl\u00e1mico, constituye uno de los per\u00edodos m\u00e1s sagrados para los musulmanes en todo el mundo y representa una etapa de profunda espiritualidad, disciplina y cohesi\u00f3n social. En Siria, como en las dem\u00e1s naciones musulmanas, esta celebraci\u00f3n trasciende el cumplimiento religioso del ayuno y se [&hellip;]<\/p>\n","protected":false},"author":2,"featured_media":0,"comment_status":"open","ping_status":"closed","sticky":false,"template":"","format":"standard","meta":{"footnotes":""},"categories":[21,23],"tags":[4700],"class_list":["post-666455","post","type-post","status-publish","format-standard","hentry","category-cultura","category-internacional","tag-ramadan"],"_links":{"self":[{"href":"https:\/\/diariodominicano.com\/index.php?rest_route=\/wp\/v2\/posts\/666455","targetHints":{"allow":["GET"]}}],"collection":[{"href":"https:\/\/diariodominicano.com\/index.php?rest_route=\/wp\/v2\/posts"}],"about":[{"href":"https:\/\/diariodominicano.com\/index.php?rest_route=\/wp\/v2\/types\/post"}],"author":[{"embeddable":true,"href":"https:\/\/diariodominicano.com\/index.php?rest_route=\/wp\/v2\/users\/2"}],"replies":[{"embeddable":true,"href":"https:\/\/diariodominicano.com\/index.php?rest_route=%2Fwp%2Fv2%2Fcomments&post=666455"}],"version-history":[{"count":1,"href":"https:\/\/diariodominicano.com\/index.php?rest_route=\/wp\/v2\/posts\/666455\/revisions"}],"predecessor-version":[{"id":666456,"href":"https:\/\/diariodominicano.com\/index.php?rest_route=\/wp\/v2\/posts\/666455\/revisions\/666456"}],"wp:attachment":[{"href":"https:\/\/diariodominicano.com\/index.php?rest_route=%2Fwp%2Fv2%2Fmedia&parent=666455"}],"wp:term":[{"taxonomy":"category","embeddable":true,"href":"https:\/\/diariodominicano.com\/index.php?rest_route=%2Fwp%2Fv2%2Fcategories&post=666455"},{"taxonomy":"post_tag","embeddable":true,"href":"https:\/\/diariodominicano.com\/index.php?rest_route=%2Fwp%2Fv2%2Ftags&post=666455"}],"curies":[{"name":"wp","href":"https:\/\/api.w.org\/{rel}","templated":true}]}}