{"id":666376,"date":"2026-02-20T23:54:57","date_gmt":"2026-02-21T03:54:57","guid":{"rendered":"https:\/\/diariodominicano.com\/?p=666376"},"modified":"2026-02-20T23:58:01","modified_gmt":"2026-02-21T03:58:01","slug":"danilo-medina-se-reune-con-miembros-del-comite-central-del-pld-de-new-york","status":"publish","type":"post","link":"https:\/\/diariodominicano.com\/?p=666376","title":{"rendered":"Danilo Medina se re\u00fane con miembros del Comit\u00e9 Central del PLD de New York"},"content":{"rendered":"\n<p>En v\u00edsperas de la reuni\u00f3n del Comit\u00e9 Central del Partido de la Liberaci\u00f3n Dominicana (PLD), una representaci\u00f3n de las seccionales de la organizaci\u00f3n pol\u00edtica en el exterior sostuvo un encuentro con el ex Presidente de la Rep\u00fablica, Danilo Medina, Presidente del PLD.<\/p>\n\n\n\n<figure class=\"wp-block-image size-large\"><img loading=\"lazy\" decoding=\"async\" width=\"752\" height=\"1024\" src=\"https:\/\/diariodominicano.com\/wp-content\/uploads\/2026\/02\/Danilo-en-NY-2-752x1024.jpeg\" alt=\"\" class=\"wp-image-666378\" srcset=\"https:\/\/diariodominicano.com\/wp-content\/uploads\/2026\/02\/Danilo-en-NY-2-752x1024.jpeg 752w, https:\/\/diariodominicano.com\/wp-content\/uploads\/2026\/02\/Danilo-en-NY-2-220x300.jpeg 220w, https:\/\/diariodominicano.com\/wp-content\/uploads\/2026\/02\/Danilo-en-NY-2-768x1045.jpeg 768w, https:\/\/diariodominicano.com\/wp-content\/uploads\/2026\/02\/Danilo-en-NY-2-816x1111.jpeg 816w, https:\/\/diariodominicano.com\/wp-content\/uploads\/2026\/02\/Danilo-en-NY-2.jpeg 1003w\" sizes=\"auto, (max-width: 752px) 100vw, 752px\" \/><\/figure>\n\n\n\n<p>El encuentro de Medina, realizado en la oficina del presidente del PLD, se realiz\u00f3 con Pedro Pablo Zorrilla, miembro del Comit\u00e9 Central por la Seccional de New York; y con el representante del PLD ante la Junta Central Electoral en el Estado de New York, Emiliano P\u00e9rez Espinosa.<\/p>\n\n\n\n<p>Los miembros del Comit\u00e9 Central expresaron sus inquietudes sobre el programa de Formaci\u00f3n Pol\u00edtica y sobre la reuni\u00f3n del Comit\u00e9 Central de este domingo, 22 de febrero a las 10:00 a. m., entre otros temas.&nbsp;<\/p>\n\n\n\n<p>&nbsp;\u201cDestacamos tambi\u00e9n los aportes de la gesti\u00f3n de gobierno del presidente Danilo Medina, que transformaron a la Rep\u00fablica Dominicana en una naci\u00f3n moderna, en contraste con la situaci\u00f3n actual que vive el pa\u00eds\u201d, explic\u00f3 Pedro Pablo Zorrilla, al concluir el encuentro.<\/p>\n\n\n\n<p>Emiliano P\u00e9rez Espinosa indic\u00f3 que fue una reuni\u00f3n cordial y que quisieron escuchar directamente al presidente Danilo Medina c\u00f3mo ve la situaci\u00f3n del pa\u00eds y el futuro del PLD en este contexto que sirva de orientaci\u00f3n a los miembros del Partido en Nueva York.<\/p>\n\n\n\n<p><strong>SECRETAR\u00cdA DE COMUNICACIONES<\/strong><\/p>\n\n\n\n<p><strong>20 DE FEBRERO DE 2026&nbsp;<\/strong><\/p>\n","protected":false},"excerpt":{"rendered":"<p>En v\u00edsperas de la reuni\u00f3n del Comit\u00e9 Central del Partido de la Liberaci\u00f3n Dominicana (PLD), una representaci\u00f3n de las seccionales de la organizaci\u00f3n pol\u00edtica en el exterior sostuvo un encuentro con el ex Presidente de la Rep\u00fablica, Danilo Medina, Presidente del PLD. El encuentro de Medina, realizado en la oficina del presidente del PLD, se [&hellip;]<\/p>\n","protected":false},"author":28,"featured_media":666377,"comment_status":"open","ping_status":"closed","sticky":false,"template":"","format":"standard","meta":{"footnotes":""},"categories":[22],"tags":[],"class_list":["post-666376","post","type-post","status-publish","format-standard","has-post-thumbnail","hentry","category-politica"],"_links":{"self":[{"href":"https:\/\/diariodominicano.com\/index.php?rest_route=\/wp\/v2\/posts\/666376","targetHints":{"allow":["GET"]}}],"collection":[{"href":"https:\/\/diariodominicano.com\/index.php?rest_route=\/wp\/v2\/posts"}],"about":[{"href":"https:\/\/diariodominicano.com\/index.php?rest_route=\/wp\/v2\/types\/post"}],"author":[{"embeddable":true,"href":"https:\/\/diariodominicano.com\/index.php?rest_route=\/wp\/v2\/users\/28"}],"replies":[{"embeddable":true,"href":"https:\/\/diariodominicano.com\/index.php?rest_route=%2Fwp%2Fv2%2Fcomments&post=666376"}],"version-history":[{"count":1,"href":"https:\/\/diariodominicano.com\/index.php?rest_route=\/wp\/v2\/posts\/666376\/revisions"}],"predecessor-version":[{"id":666379,"href":"https:\/\/diariodominicano.com\/index.php?rest_route=\/wp\/v2\/posts\/666376\/revisions\/666379"}],"wp:featuredmedia":[{"embeddable":true,"href":"https:\/\/diariodominicano.com\/index.php?rest_route=\/wp\/v2\/media\/666377"}],"wp:attachment":[{"href":"https:\/\/diariodominicano.com\/index.php?rest_route=%2Fwp%2Fv2%2Fmedia&parent=666376"}],"wp:term":[{"taxonomy":"category","embeddable":true,"href":"https:\/\/diariodominicano.com\/index.php?rest_route=%2Fwp%2Fv2%2Fcategories&post=666376"},{"taxonomy":"post_tag","embeddable":true,"href":"https:\/\/diariodominicano.com\/index.php?rest_route=%2Fwp%2Fv2%2Ftags&post=666376"}],"curies":[{"name":"wp","href":"https:\/\/api.w.org\/{rel}","templated":true}]}}