{"id":666290,"date":"2026-02-20T14:14:46","date_gmt":"2026-02-20T18:14:46","guid":{"rendered":"https:\/\/diariodominicano.com\/?p=666290"},"modified":"2026-02-20T14:16:43","modified_gmt":"2026-02-20T18:16:43","slug":"ministerio-publico-pide-prision-preventiva-contra-hombre-acusado-de-ultimar-a-uno-y-herir-a-otro-en-villa-francisca","status":"publish","type":"post","link":"https:\/\/diariodominicano.com\/?p=666290","title":{"rendered":"Ministerio P\u00fablico pide prisi\u00f3n preventiva contra hombre acusado de ultimar a uno y herir a otro en Villa Francisca"},"content":{"rendered":"\n<p><strong>SANTO DOMINGO (Rep\u00fablica Dominicana).-&nbsp; El Ministerio P\u00fablico solicit\u00f3 prisi\u00f3n preventiva, como medida de coerci\u00f3n, contra un imputado por la muerte a tiros de un hombre y herir a otro, durante un hecho ocurrido el pasado 26 de enero de 2026, en el sector Villa Francisca, del Distrito Nacional.<\/strong><\/p>\n\n\n\n<p><strong>La solicitud fue presentada por el Departamento de Cr\u00edmenes y Delitos contra la Persona contra el imputado Jhokomo Hern\u00e1ndez de la Rosa (Yoko, Sinaloa o LR), quien, de acuerdo con la investigaci\u00f3n, actu\u00f3 en asociaci\u00f3n con Jorge Pimentel \u00c1lvarez (Yol) y Joan Manuel Familia (Sin Luz), quienes est\u00e1n pr\u00f3fugos.<\/strong><\/p>\n\n\n\n<p><strong>De acuerdo con la solicitud del \u00f3rgano acusador, el hecho ocurri\u00f3 el 26 de enero de 2026, alrededor de las 8:30 de la noche, cuando las v\u00edctimas Eminen Alexander Payano (tambi\u00e9n identificado como Amezon Stiven Payano o Alexander Payano) y Esteuris Cuevas se desplazaban a bordo de una motocicleta por la calle Licey, en el sector Villa Francisca.<\/strong><\/p>\n\n\n\n<p><strong>En ese momento, fueron interceptados por una yipeta color blanco con franjas negras. Del veh\u00edculo se desmontaron el imputado y los dos pr\u00f3fugos, todos portando armas de fuego tipo pistola. Sin mediar palabras, realizaron m\u00faltiples disparos contra las v\u00edctimas, quienes cayeron al pavimento. Los agresores emprendieron la huida.<\/strong><\/p>\n\n\n\n<p><strong>Como resultado del ataque, Eminen Alexander Payano sufri\u00f3 herida de proyectil de arma de fuego en la regi\u00f3n temporal izquierda sin salida, entre otras lesiones.<\/strong><\/p>\n\n\n\n<p><strong>Fue trasladado al Hospital Traumatol\u00f3gico Dr. Dar\u00edo Contreras, donde permaneci\u00f3 ingresado en la Unidad de Cuidados Intensivos hasta fallecer el 2 de febrero de 2026, conforme al Acta de Levantamiento N\u00fam. 0106735.<\/strong><\/p>\n\n\n\n<p><strong>En tanto, Esteuris Cuevas result\u00f3 con herida de proyectil de arma de fuego en el cuadrante superior interno del gl\u00fateo derecho sin salida. Su estado de salud se encuentra pendiente de evoluci\u00f3n y estudios complementarios debido a la gravedad de la lesi\u00f3n.<\/strong><\/p>\n\n\n\n<p><strong>El 16 de febrero de 2026, a las 5:10 de la tarde, el Ministerio P\u00fablico ejecut\u00f3 un allanamiento en la residencia del imputado, ubicada en el sector Arroyo Hondo, Distrito Nacional, donde fue arrestado.<\/strong><\/p>\n\n\n\n<p><strong>El \u00f3rgano acusador ha otorgado al hecho la calificaci\u00f3n jur\u00eddica provisional de violaci\u00f3n a los art\u00edculos 265, 266, 295 y 304 del C\u00f3digo Penal dominicano, as\u00ed como a los art\u00edculos 66 y 67 de la Ley 631-16 para el Control y Regulaci\u00f3n de Armas, Municiones y Materiales Relacionados, en perjuicio de la v\u00edctima mortal.<\/strong><\/p>\n\n\n\n<p><strong>Asimismo, se les imputa la violaci\u00f3n a los art\u00edculos 265, 266, 2, 295 y 304 del C\u00f3digo Penal dominicano, adem\u00e1s de los art\u00edculos 66 y 67 de la referida Ley 631-16, en perjuicio del herido, Esteuris Cuevas.<\/strong><\/p>\n\n\n\n<p><strong>La audiencia para el conocimiento de la medida de coerci\u00f3n, inicialmente mi\u00e9rcoles, fue aplazada por la jueza F\u00e1tima Veloz, de la Oficina Judicial de Servicios de Atenci\u00f3n Permanente del Distrito Nacional, para el s\u00e1bado 21 de febrero, a las 9:00 de la ma\u00f1ana, a solicitud de la defensa, que requiri\u00f3 m\u00e1s tiempo para preparar sus presupuestos.<\/strong><\/p>\n\n\n\n<p><strong>Direcci\u00f3n General de Comunicaci\u00f3n, Prensa, y RRPP<\/strong><\/p>\n\n\n\n<p><strong>Ministerio P\u00fablico<\/strong><strong>.&nbsp;R<\/strong><strong>.D<\/strong><strong>.<\/strong><\/p>\n\n\n\n<p>Comunicaciones PGR &lt;comunicaciones@pgr.gob.do<\/p>\n","protected":false},"excerpt":{"rendered":"<p>SANTO DOMINGO (Rep\u00fablica Dominicana).-&nbsp; El Ministerio P\u00fablico solicit\u00f3 prisi\u00f3n preventiva, como medida de coerci\u00f3n, contra un imputado por la muerte a tiros de un hombre y herir a otro, durante un hecho ocurrido el pasado 26 de enero de 2026, en el sector Villa Francisca, del Distrito Nacional. La solicitud fue presentada por el Departamento [&hellip;]<\/p>\n","protected":false},"author":7,"featured_media":495896,"comment_status":"closed","ping_status":"closed","sticky":false,"template":"","format":"standard","meta":{"footnotes":""},"categories":[24],"tags":[171],"class_list":["post-666290","post","type-post","status-publish","format-standard","has-post-thumbnail","hentry","category-justicia-y-derecho","tag-ministerio-publico"],"_links":{"self":[{"href":"https:\/\/diariodominicano.com\/index.php?rest_route=\/wp\/v2\/posts\/666290","targetHints":{"allow":["GET"]}}],"collection":[{"href":"https:\/\/diariodominicano.com\/index.php?rest_route=\/wp\/v2\/posts"}],"about":[{"href":"https:\/\/diariodominicano.com\/index.php?rest_route=\/wp\/v2\/types\/post"}],"author":[{"embeddable":true,"href":"https:\/\/diariodominicano.com\/index.php?rest_route=\/wp\/v2\/users\/7"}],"replies":[{"embeddable":true,"href":"https:\/\/diariodominicano.com\/index.php?rest_route=%2Fwp%2Fv2%2Fcomments&post=666290"}],"version-history":[{"count":1,"href":"https:\/\/diariodominicano.com\/index.php?rest_route=\/wp\/v2\/posts\/666290\/revisions"}],"predecessor-version":[{"id":666296,"href":"https:\/\/diariodominicano.com\/index.php?rest_route=\/wp\/v2\/posts\/666290\/revisions\/666296"}],"wp:featuredmedia":[{"embeddable":true,"href":"https:\/\/diariodominicano.com\/index.php?rest_route=\/wp\/v2\/media\/495896"}],"wp:attachment":[{"href":"https:\/\/diariodominicano.com\/index.php?rest_route=%2Fwp%2Fv2%2Fmedia&parent=666290"}],"wp:term":[{"taxonomy":"category","embeddable":true,"href":"https:\/\/diariodominicano.com\/index.php?rest_route=%2Fwp%2Fv2%2Fcategories&post=666290"},{"taxonomy":"post_tag","embeddable":true,"href":"https:\/\/diariodominicano.com\/index.php?rest_route=%2Fwp%2Fv2%2Ftags&post=666290"}],"curies":[{"name":"wp","href":"https:\/\/api.w.org\/{rel}","templated":true}]}}