{"id":666289,"date":"2026-02-20T14:09:21","date_gmt":"2026-02-20T18:09:21","guid":{"rendered":"https:\/\/diariodominicano.com\/?p=666289"},"modified":"2026-02-20T14:11:13","modified_gmt":"2026-02-20T18:11:13","slug":"condenan-a-30-anos-de-prision-a-un-hombre-por-asesinato-y-robo-agravado-en-puerto-plata","status":"publish","type":"post","link":"https:\/\/diariodominicano.com\/?p=666289","title":{"rendered":"Condenan a 30 a\u00f1os de prisi\u00f3n a un hombre por asesinato y robo agravado en Puerto Plata"},"content":{"rendered":"\n<p><strong>SANTO DOMINGO (Rep\u00fablica Dominicana).-&nbsp;El Ministerio P\u00fablico de Puerto Plata obtuvo una condena de 30 a\u00f1os de prisi\u00f3n en contra de un hombre que asesin\u00f3 a otro y, adem\u00e1s, por el uso ilegal de arma de fuego y robo agravado.<\/strong><\/p>\n\n\n\n<p><strong>Jorvi Apolinar Severino Genao (el Guardia y\/o Balola) fue condenado por la muerte del se\u00f1or Julio Alberto N\u00fa\u00f1ez.<\/strong><\/p>\n\n\n\n<p><strong>De acuerdo con la investigaci\u00f3n realizada por la fiscal Hilda Patricia Lagombra, el hecho ocurri\u00f3 el 27 de diciembre de 2023, alrededor de las 10:00 de la noche, cuando la v\u00edctima, quien laboraba como motoconchista en las inmediaciones del Parque Central de Puerto Plata, fue abordada en calidad de pasajero por el hoy condenado.<\/strong><\/p>\n\n\n\n<p><strong>El imputado solicit\u00f3 ser trasladado a la urbanizaci\u00f3n Los Maestros y, una vez en el lugar, exigi\u00f3 a la v\u00edctima que se detuviera, la lanz\u00f3 al suelo y le realiz\u00f3 m\u00faltiples disparos con un arma de fuego, ocasion\u00e1ndole la muerte inmediata por heridas m\u00faltiples de proyectil en el t\u00f3rax anterior, seg\u00fan el informe de autopista judicial No. 703-2023, emitido por el Instituto Nacional de Ciencias Forenses (Inacif).<\/strong><\/p>\n\n\n\n<p><strong>Posteriormente, el condenado despoj\u00f3 a la v\u00edctima de su motocicleta marca TVS, modelo Apache RTR 160, emprendiendo la huida. En su intento por evitar ser identificado, tambi\u00e9n realiz\u00f3 disparos contra dos ciudadanos que presenciaron el hecho, logrando herir a uno de ellos.<\/strong><\/p>\n\n\n\n<p><strong>El tribunal acogi\u00f3 en todas sus partes la acusaci\u00f3n presentada por el Ministerio P\u00fablico, representado por el fiscal Jes\u00fas Ernesto Valenzuela, quien demostr\u00f3 la violaci\u00f3n a los art\u00edculos 295, 296, 297, 298 y 302 del C\u00f3digo Penal Dominicano, que tipifican y sancionan el delito de asesinato.<\/strong><\/p>\n\n\n\n<p><strong>Asimismo, el tribunal presidio por la jueza Venecia Rojas estableci\u00f3 la violaci\u00f3n a los art\u00edculos 66, 66 p\u00e1rrafo V, 67 y 78 de la Ley 631-16 sobre Armas, Municiones y Materiales Relacionados.<\/strong><\/p>\n\n\n\n<p><strong>Las pruebas testimoniales, documentales y periciales aportadas durante el juicio fueron determinantes para que el tribunal dictara la pena m\u00e1xima de 30 a\u00f1os de reclusi\u00f3n mayor, reafirmando el compromiso del Ministerio P\u00fablico con la persecuci\u00f3n efectiva del crimen y la defensa de las v\u00edctimas.<\/strong><\/p>\n\n\n\n<p><strong>La condena impuesta deber\u00e1 ser cumplida en el Centro de Correcci\u00f3n y Rehabilitaci\u00f3n San Felipe.<\/strong><\/p>\n\n\n\n<p><strong>Direcci\u00f3n General de Comunicaci\u00f3n, Prensa y RRPP<\/strong><\/p>\n\n\n\n<p><strong>Ministerio P\u00fablico RD<\/strong><\/p>\n\n\n\n<p>Comunicaciones PGR &lt;comunicaciones@pgr.gob.do<\/p>\n","protected":false},"excerpt":{"rendered":"<p>SANTO DOMINGO (Rep\u00fablica Dominicana).-&nbsp;El Ministerio P\u00fablico de Puerto Plata obtuvo una condena de 30 a\u00f1os de prisi\u00f3n en contra de un hombre que asesin\u00f3 a otro y, adem\u00e1s, por el uso ilegal de arma de fuego y robo agravado. Jorvi Apolinar Severino Genao (el Guardia y\/o Balola) fue condenado por la muerte del se\u00f1or Julio [&hellip;]<\/p>\n","protected":false},"author":7,"featured_media":269996,"comment_status":"closed","ping_status":"closed","sticky":false,"template":"","format":"standard","meta":{"footnotes":""},"categories":[24],"tags":[171],"class_list":["post-666289","post","type-post","status-publish","format-standard","has-post-thumbnail","hentry","category-justicia-y-derecho","tag-ministerio-publico"],"_links":{"self":[{"href":"https:\/\/diariodominicano.com\/index.php?rest_route=\/wp\/v2\/posts\/666289","targetHints":{"allow":["GET"]}}],"collection":[{"href":"https:\/\/diariodominicano.com\/index.php?rest_route=\/wp\/v2\/posts"}],"about":[{"href":"https:\/\/diariodominicano.com\/index.php?rest_route=\/wp\/v2\/types\/post"}],"author":[{"embeddable":true,"href":"https:\/\/diariodominicano.com\/index.php?rest_route=\/wp\/v2\/users\/7"}],"replies":[{"embeddable":true,"href":"https:\/\/diariodominicano.com\/index.php?rest_route=%2Fwp%2Fv2%2Fcomments&post=666289"}],"version-history":[{"count":1,"href":"https:\/\/diariodominicano.com\/index.php?rest_route=\/wp\/v2\/posts\/666289\/revisions"}],"predecessor-version":[{"id":666295,"href":"https:\/\/diariodominicano.com\/index.php?rest_route=\/wp\/v2\/posts\/666289\/revisions\/666295"}],"wp:featuredmedia":[{"embeddable":true,"href":"https:\/\/diariodominicano.com\/index.php?rest_route=\/wp\/v2\/media\/269996"}],"wp:attachment":[{"href":"https:\/\/diariodominicano.com\/index.php?rest_route=%2Fwp%2Fv2%2Fmedia&parent=666289"}],"wp:term":[{"taxonomy":"category","embeddable":true,"href":"https:\/\/diariodominicano.com\/index.php?rest_route=%2Fwp%2Fv2%2Fcategories&post=666289"},{"taxonomy":"post_tag","embeddable":true,"href":"https:\/\/diariodominicano.com\/index.php?rest_route=%2Fwp%2Fv2%2Ftags&post=666289"}],"curies":[{"name":"wp","href":"https:\/\/api.w.org\/{rel}","templated":true}]}}