{"id":666196,"date":"2026-02-20T00:23:31","date_gmt":"2026-02-20T04:23:31","guid":{"rendered":"https:\/\/diariodominicano.com\/?p=666196"},"modified":"2026-02-20T02:28:28","modified_gmt":"2026-02-20T06:28:28","slug":"no-es-presion-politica-es-terrorismo-con-hambre-contra-cuba","status":"publish","type":"post","link":"https:\/\/diariodominicano.com\/?p=666196","title":{"rendered":"No es presi\u00f3n pol\u00edtica, es terrorismo con hambre contra Cuba"},"content":{"rendered":"\n<p>Montevideo, 19 feb (Prensa Latina) Estados Unidos aplica contra Cuba un terrorismo con hambre, denunci\u00f3 el diputado uruguayo Pablo Inthamoussu en mensaje audiovisual divulgado hoy aqu\u00ed.<\/p>\n\n\n\n<ul class=\"wp-block-list\">\n<li><a href=\"https:\/\/www.prensa-latina.cu\/2026\/02\/19\/\"><time>febrero 19, 2026 | 10:16<\/time><\/a><\/li>\n<\/ul>\n\n\n\n<ul class=\"wp-block-list\">\n<li><a href=\"https:\/\/www.prensa-latina.cu\/2026\/02\/19\/no-es-presion-politica-es-terrorismo-con-hambre-contra-cuba\/#\"><\/a><\/li>\n\n\n\n<li><a href=\"https:\/\/www.prensa-latina.cu\/2026\/02\/19\/no-es-presion-politica-es-terrorismo-con-hambre-contra-cuba\/#\"><\/a><\/li>\n\n\n\n<li><a href=\"https:\/\/www.prensa-latina.cu\/2026\/02\/19\/no-es-presion-politica-es-terrorismo-con-hambre-contra-cuba\/#\"><\/a><\/li>\n\n\n\n<li><a href=\"https:\/\/www.prensa-latina.cu\/2026\/02\/19\/no-es-presion-politica-es-terrorismo-con-hambre-contra-cuba\/#\"><\/a><\/li>\n<\/ul>\n\n\n\n<p>Resulta una reacci\u00f3n del legislador por el Frente Amplio a la Carta Abierta al Mundo suscrita por una ciudadana cubana, Ikay Romay, que se ha hecho viral en las redes.<\/p>\n\n\n\n<p>La misiva narra las vicisitudes provocadas en la poblaci\u00f3n de la isla por el f\u00e9rreo cerco de Estados Unidos y que ahora suma el bloque a los suministros de petr\u00f3leo a la isla.<\/p>\n\n\n\n<p>La carta de Romay apela a gobiernos y ciudadanos del mundo a apoyar el derecho a la vida de los cubanos.<\/p>\n\n\n\n<p>He recibido la carta desesperada de Ikay Romay, una ciudadana cubana de a pie. Como diputado uruguayo y latinoamericano no puedo hacer menos que amplificar su voz y denunciar este crimen que el mundo no parece querer ver, dijo Inthamoussu.<\/p>\n\n\n\n<p>Opin\u00f3 que lo que est\u00e1 haciendo Washington contra la mayor de las Antillas no es presi\u00f3n pol\u00edtica.<\/p>\n\n\n\n<p>\u201cEs terrorismo con hambre. Llamemos la cosa por su nombre, el bloqueo a Cuba es un crimen de lesa humanidad\u201d, fustig\u00f3.<\/p>\n\n\n\n<p>Subray\u00f3 que su pa\u00eds no olvida la Operaci\u00f3n Milagro por la que m\u00e9dicos cubanos han salvado la visi\u00f3n a miles de uruguayos que carec\u00edan de recursos para pagar una intervenci\u00f3n quir\u00fargica<\/p>\n\n\n\n<p>Acot\u00f3 que en Cuba los m\u00e9dicos no cuentan con insumos \u201cporque el bloqueo impide la llegada de medicamentos esenciales\u201d.<\/p>\n\n\n\n<p>\u201cBasta de llenarse la boca con libertad y democracia cuando asfixian a un pueblo y las incubadoras se apagan por falta de energ\u00eda\u201d, expres\u00f3 en video el parlamentario.<\/p>\n\n\n\n<p>\u00abSe\u00f1ores del gobierno de Estados Unidos dejen vivir a Cuba. Oc\u00fapense de sus propios problemas, que no son pocos\u00bb, concluy\u00f3.<\/p>\n\n\n\n<p>ro\/ool<\/p>\n\n\n\n<ul class=\"wp-block-list\">\n<li>#<a href=\"https:\/\/www.prensa-latina.cu\/etiqueta\/bloqueo\/\">bloqueo<\/a>\u00a0#<a href=\"https:\/\/www.prensa-latina.cu\/etiqueta\/carta-al-mundo\/\">carta al mundo<\/a>\u00a0#<a href=\"https:\/\/www.prensa-latina.cu\/etiqueta\/cuba\/\">cuba<\/a>\u00a0#<a href=\"https:\/\/www.prensa-latina.cu\/etiqueta\/denuncia\/\">denuncia<\/a>\u00a0#<a href=\"https:\/\/www.prensa-latina.cu\/etiqueta\/diputado\/\">diputado<\/a>\u00a0#<a href=\"https:\/\/www.prensa-latina.cu\/etiqueta\/uruguay\/\">uruguay<\/a><\/li>\n<\/ul>\n","protected":false},"excerpt":{"rendered":"<p>Montevideo, 19 feb (Prensa Latina) Estados Unidos aplica contra Cuba un terrorismo con hambre, denunci\u00f3 el diputado uruguayo Pablo Inthamoussu en mensaje audiovisual divulgado hoy aqu\u00ed. Resulta una reacci\u00f3n del legislador por el Frente Amplio a la Carta Abierta al Mundo suscrita por una ciudadana cubana, Ikay Romay, que se ha hecho viral en las [&hellip;]<\/p>\n","protected":false},"author":28,"featured_media":666197,"comment_status":"open","ping_status":"closed","sticky":false,"template":"","format":"standard","meta":{"footnotes":""},"categories":[36],"tags":[3100],"class_list":["post-666196","post","type-post","status-publish","format-standard","has-post-thumbnail","hentry","category-hombresmujeresycosas","tag-cuba"],"_links":{"self":[{"href":"https:\/\/diariodominicano.com\/index.php?rest_route=\/wp\/v2\/posts\/666196","targetHints":{"allow":["GET"]}}],"collection":[{"href":"https:\/\/diariodominicano.com\/index.php?rest_route=\/wp\/v2\/posts"}],"about":[{"href":"https:\/\/diariodominicano.com\/index.php?rest_route=\/wp\/v2\/types\/post"}],"author":[{"embeddable":true,"href":"https:\/\/diariodominicano.com\/index.php?rest_route=\/wp\/v2\/users\/28"}],"replies":[{"embeddable":true,"href":"https:\/\/diariodominicano.com\/index.php?rest_route=%2Fwp%2Fv2%2Fcomments&post=666196"}],"version-history":[{"count":1,"href":"https:\/\/diariodominicano.com\/index.php?rest_route=\/wp\/v2\/posts\/666196\/revisions"}],"predecessor-version":[{"id":666198,"href":"https:\/\/diariodominicano.com\/index.php?rest_route=\/wp\/v2\/posts\/666196\/revisions\/666198"}],"wp:featuredmedia":[{"embeddable":true,"href":"https:\/\/diariodominicano.com\/index.php?rest_route=\/wp\/v2\/media\/666197"}],"wp:attachment":[{"href":"https:\/\/diariodominicano.com\/index.php?rest_route=%2Fwp%2Fv2%2Fmedia&parent=666196"}],"wp:term":[{"taxonomy":"category","embeddable":true,"href":"https:\/\/diariodominicano.com\/index.php?rest_route=%2Fwp%2Fv2%2Fcategories&post=666196"},{"taxonomy":"post_tag","embeddable":true,"href":"https:\/\/diariodominicano.com\/index.php?rest_route=%2Fwp%2Fv2%2Ftags&post=666196"}],"curies":[{"name":"wp","href":"https:\/\/api.w.org\/{rel}","templated":true}]}}