{"id":666195,"date":"2026-02-20T00:26:55","date_gmt":"2026-02-20T04:26:55","guid":{"rendered":"https:\/\/diariodominicano.com\/?p=666195"},"modified":"2026-02-20T02:28:50","modified_gmt":"2026-02-20T06:28:50","slug":"no-es-presion-politica-es-terrorismo-con-hambre-contra-cuba-2","status":"publish","type":"post","link":"https:\/\/diariodominicano.com\/?p=666195","title":{"rendered":"Embajador japon\u00e9s resalt\u00f3 los nexos con Cuba durante Fiesta Nacional"},"content":{"rendered":"\n<p>La Habana, 19 feb (Prensa Latina) Con motivo de la Fiesta Nacional de Jap\u00f3n, a prop\u00f3sito del cumplea\u00f1os 66 del emperador Naruhito, el embajador de esa naci\u00f3n, Nakamura Kazuhito, reafirm\u00f3 hoy la voluntad de Tokio de fortalecer las relaciones diplom\u00e1ticas con Cuba.<\/p>\n\n\n\n<ul class=\"wp-block-list\">\n<li><a href=\"https:\/\/www.prensa-latina.cu\/2026\/02\/19\/\"><time>febrero 19, 2026 | 22:06<\/time><\/a><\/li>\n<\/ul>\n\n\n\n<ul class=\"wp-block-list\">\n<li><a href=\"https:\/\/www.prensa-latina.cu\/2026\/02\/19\/embajador-japones-resalto-los-nexos-con-cuba-durante-fiesta-nacional\/#\"><\/a><\/li>\n\n\n\n<li><a href=\"https:\/\/www.prensa-latina.cu\/2026\/02\/19\/embajador-japones-resalto-los-nexos-con-cuba-durante-fiesta-nacional\/#\"><\/a><\/li>\n\n\n\n<li><a href=\"https:\/\/www.prensa-latina.cu\/2026\/02\/19\/embajador-japones-resalto-los-nexos-con-cuba-durante-fiesta-nacional\/#\"><\/a><\/li>\n\n\n\n<li><a href=\"https:\/\/www.prensa-latina.cu\/2026\/02\/19\/embajador-japones-resalto-los-nexos-con-cuba-durante-fiesta-nacional\/#\"><\/a><\/li>\n<\/ul>\n\n\n\n<p>La embajada de ese pa\u00eds en Cuba ofreci\u00f3 una recepci\u00f3n esta tarde en la capital, donde el diplom\u00e1tico destac\u00f3 que Jap\u00f3n, tras m\u00e1s de ocho d\u00e9cadas desde el fin de la Segunda Guerra Mundial (1939-1945), ha seguido una pol\u00edtica exterior basada en el di\u00e1logo y la reconciliaci\u00f3n, principios que tambi\u00e9n gu\u00edan su relaci\u00f3n con la isla caribe\u00f1a.<\/p>\n\n\n\n<p>Jap\u00f3n y la Rep\u00fablica de Cuba celebrar\u00e1n en 2029 el centenario del establecimiento de sus relaciones diplom\u00e1ticas y en 2028, 130 a\u00f1os de la primera inmigraci\u00f3n japonesa a Cuba, record\u00f3 Kazuhito durante su intervenci\u00f3n.<\/p>\n\n\n\n<figure class=\"wp-block-image\"><img decoding=\"async\" src=\"https:\/\/www.prensa-latina.cu\/wp-content\/uploads\/2026\/02\/Recepcion-Embajada-Japon-en-Habana.jpg\" alt=\"\" class=\"wp-image-1709969\"\/><\/figure>\n\n\n\n<p>Al acto asistieron el vice primer ministro Eduardo Mart\u00ednez, el ministro de Educaci\u00f3n Superior, Walter Baluja; el ministro de Ciencia, Tecnolog\u00eda y Medio Ambiente, Armando Rodr\u00edguez, la viceministra de Relaciones Exteriores Anayansi Rodr\u00edguez, la viceministra de cultura, Lizette Mart\u00ednez, as\u00ed como miembros del cuerpo diplom\u00e1tico acreditado en Cuba y representantes de la comunidad de descendientes japoneses.<\/p>\n\n\n\n<p>Kazuhito resalt\u00f3 el acompa\u00f1amiento de Jap\u00f3n a los esfuerzos del pueblo cubano, mediante proyectos de ayuda humanitaria, iniciativas de infraestructura y programas culturales que fortalecen los lazos hist\u00f3ricos entre ambas naciones.<\/p>\n\n\n\n<p>La Fiesta Nacional es siempre una excelente oportunidad para reafirmar las largas y excelentes relaciones de amistad y cooperaci\u00f3n entre nuestros pa\u00edses, que abarcan todos los \u00e1mbitos del v\u00ednculo bilateral y se cimentan en el respeto y la comprensi\u00f3n mutua, destac\u00f3 el embajador.<\/p>\n\n\n\n<p>La velada cont\u00f3 con el acompa\u00f1amiento musical del percusionista japon\u00e9s Haruhiko Kono, quien reside en la isla caribe\u00f1a desde hace casi 40 a\u00f1os, y el saxofonista C\u00e9sar L\u00f3pez, referente cubano del jazz; ambos interpretaron las piezas Plastic Love (1984), autor\u00eda de Mariya Takeuchi, y Dile a Catalina (1942), del compositor Arsenio Rodr\u00edguez.<\/p>\n\n\n\n<p>Pese a los desaf\u00edos actuales, como el cambio clim\u00e1tico, la salud mundial, la ciberseguridad y la delincuencia transnacional, subray\u00f3 Kazuhito, la comunidad internacional debe apostar por la cooperaci\u00f3n y el entendimiento mutuo.<\/p>\n\n\n\n<p>Finalmente, reiter\u00f3 la voluntad de su naci\u00f3n de continuar trabajando con constancia y solidaridad, en un clima de respeto y amistad, para que las relaciones bilaterales sigan siendo un ejemplo de cooperaci\u00f3n en el \u00e1mbito iberoamericano y asi\u00e1tico.<\/p>\n\n\n\n<p>lam\/vnl<\/p>\n\n\n\n<ul class=\"wp-block-list\">\n<li>#<a href=\"https:\/\/www.prensa-latina.cu\/etiqueta\/cuba\/\">cuba<\/a>\u00a0#<a href=\"https:\/\/www.prensa-latina.cu\/etiqueta\/cultura\/\">cultura<\/a><\/li>\n<\/ul>\n\n\n\n<p><\/p>\n","protected":false},"excerpt":{"rendered":"<p>La Habana, 19 feb (Prensa Latina) Con motivo de la Fiesta Nacional de Jap\u00f3n, a prop\u00f3sito del cumplea\u00f1os 66 del emperador Naruhito, el embajador de esa naci\u00f3n, Nakamura Kazuhito, reafirm\u00f3 hoy la voluntad de Tokio de fortalecer las relaciones diplom\u00e1ticas con Cuba. La embajada de ese pa\u00eds en Cuba ofreci\u00f3 una recepci\u00f3n esta tarde en [&hellip;]<\/p>\n","protected":false},"author":28,"featured_media":666206,"comment_status":"open","ping_status":"closed","sticky":false,"template":"","format":"standard","meta":{"footnotes":""},"categories":[23],"tags":[3100,4177],"class_list":["post-666195","post","type-post","status-publish","format-standard","has-post-thumbnail","hentry","category-internacional","tag-cuba","tag-japon-2"],"_links":{"self":[{"href":"https:\/\/diariodominicano.com\/index.php?rest_route=\/wp\/v2\/posts\/666195","targetHints":{"allow":["GET"]}}],"collection":[{"href":"https:\/\/diariodominicano.com\/index.php?rest_route=\/wp\/v2\/posts"}],"about":[{"href":"https:\/\/diariodominicano.com\/index.php?rest_route=\/wp\/v2\/types\/post"}],"author":[{"embeddable":true,"href":"https:\/\/diariodominicano.com\/index.php?rest_route=\/wp\/v2\/users\/28"}],"replies":[{"embeddable":true,"href":"https:\/\/diariodominicano.com\/index.php?rest_route=%2Fwp%2Fv2%2Fcomments&post=666195"}],"version-history":[{"count":2,"href":"https:\/\/diariodominicano.com\/index.php?rest_route=\/wp\/v2\/posts\/666195\/revisions"}],"predecessor-version":[{"id":666207,"href":"https:\/\/diariodominicano.com\/index.php?rest_route=\/wp\/v2\/posts\/666195\/revisions\/666207"}],"wp:featuredmedia":[{"embeddable":true,"href":"https:\/\/diariodominicano.com\/index.php?rest_route=\/wp\/v2\/media\/666206"}],"wp:attachment":[{"href":"https:\/\/diariodominicano.com\/index.php?rest_route=%2Fwp%2Fv2%2Fmedia&parent=666195"}],"wp:term":[{"taxonomy":"category","embeddable":true,"href":"https:\/\/diariodominicano.com\/index.php?rest_route=%2Fwp%2Fv2%2Fcategories&post=666195"},{"taxonomy":"post_tag","embeddable":true,"href":"https:\/\/diariodominicano.com\/index.php?rest_route=%2Fwp%2Fv2%2Ftags&post=666195"}],"curies":[{"name":"wp","href":"https:\/\/api.w.org\/{rel}","templated":true}]}}