{"id":66619,"date":"2011-12-21T15:17:09","date_gmt":"2011-12-21T15:17:09","guid":{"rendered":"http:\/\/diariodominicano.ddns.net\/?p=66619"},"modified":"2011-12-21T15:17:09","modified_gmt":"2011-12-21T15:17:09","slug":"premio-nacional-artes-plasticas-a-ada-balcacer-en-dominicana","status":"publish","type":"post","link":"https:\/\/diariodominicano.com\/?p=66619","title":{"rendered":"Premio Nacional Artes Pl\u00e1sticas a Ada Balc\u00e1cer en Dominicana"},"content":{"rendered":"<p><body><\/p>\n<p><span class=\"text1noticias\">Santo Domingo, 20 dic (PL) El premio nacional de Artes Pl\u00e1sticas 2011 fue otorgado aqu\u00ed a la prestigiosa creadora dominicana Ada Balc\u00e1cer, quien cumple 60 a\u00f1os de vida art\u00edstica.<\/span><\/p>\n<\/p>\n<p><span class=\"text1noticias\">El jurado tom\u00f3 en consideraci\u00f3n que Balc\u00e1cer es una reconocida dibujante, dise\u00f1adora, grabadora, pintora, muralista, gestora cultural, te\u00f3rica del arte y profesora que ha diseminado sus conocimientos y experiencias por toda Rep\u00fablica Dominicana.<\/span><\/p>\n<\/p>\n<p><span class=\"text1noticias\">Adem\u00e1s ha dado a conocer su quehacer art\u00edstico en el Caribe, Am\u00e9rica Latina, Europa y los Estados Unidos, donde reside desde hace a\u00f1os.<\/span><\/p>\n<\/p>\n<p><span class=\"text1noticias\">Se trata de una personalidad art\u00edstica de dimensi\u00f3n caribe\u00f1a, cuyos planteamientos est\u00e9ticos y te\u00f3ricos, y la calidad de sus realizaciones la convierten en figura imprescindible en la historia del arte del Caribe y Latinoam\u00e9rica, afirm\u00f3 el jurado en su veredicto.<\/span><\/p>\n<\/p>\n<p><span class=\"text1noticias\">El dictamen otorg\u00e1ndole el premio recuerda su trayectoria como alumna aventajada, su presencia en el Frente Cultural junto a Ram\u00f3n Oviedo y Silvano Lora durante la revoluci\u00f3n de abril de 1965, y la \u00fanica mujer y alentadora principal del grupo Proyecta, en 1968, conformado por Domingo Liz, Fernando Pe\u00f1a Defill\u00f3, Leopoldo P\u00e9rez, Thimo Pimentel y Gaspar Mario Cruz, entre otros.<\/span><\/p>\n<\/p>\n<p><span class=\"text1noticias\">El jurado determin\u00f3 que Ada Balc\u00e1cer recupera la memoria oral y las tradiciones dominicanas, creando registros visuales que han quedado fijados en el imaginario nacional.<\/span><\/p>\n<\/p>\n<p><span class=\"text1noticias\">Ella ha desentra\u00f1ado las formas y colores tropicales en la vegetaci\u00f3n, la devastaci\u00f3n ambiental, la luminosidad del Caribe, el paisaje tropical, la diversidad de los ecosistemas de la Rep\u00fablica Dominicana y la revalorizaci\u00f3n de la flora y la fauna nativas.<\/span><\/p>\n<\/p>\n<p><span class=\"text1noticias\">Ada Balc\u00e1cer, recibi\u00f3 el galard\u00f3n de manos del Ministro de Cultura, Jos\u00e9 Rafael Lantigua, quien, adem\u00e1s, entreg\u00f3 el lauro post mortem a los familiares de los maestros C\u00e1ndido Bid\u00f3, Paul Giudicelli y Gilberto Hern\u00e1ndez Ortega<\/span>.<\/p>\n<h6> 2011-12-21 15:17:09 <\/h6>\n<p><!--\n<link rel=\"stylesheet\" href=\"css\/bootstrap.min.css\">\n\n\n<ul class=\"pagination\">\n\t    \n\t\n\n<li >\n\t<a href='?page_no=18296'>Previous<\/a>\n\t<\/li>\n\n\n       \n    \n\n<li><a href='?page_no=1'>1<\/a><\/li>\n\n\n\n<li><a href='?page_no=2'>2<\/a><\/li>\n\n\n\n<li><a>...<\/a><\/li>\n\n\n\n<li><a href='?page_no=18295'>18295<\/a><\/li>\n\n\n\n<li><a href='?page_no=18296'>18296<\/a><\/li>\n\n\n\n<li class='active'><a>18297<\/a><\/li>\n\n\n\n<li><a href='?page_no=18298'>18298<\/a><\/li>\n\n\n\n<li><a href='?page_no=18299'>18299<\/a><\/li>\n\n\n\n<li><a>...<\/a><\/li>\n\n\n\n<li><a href='?page_no=22911'>22911<\/a><\/li>\n\n\n\n<li><a href='?page_no=22912'>22912<\/a><\/li>\n\n    \n\t\n\n<li >\n\t<a href='?page_no=18298'>Next<\/a>\n\t<\/li>\n\n\n    \n\n<li><a href='?page_no=22912'>Last &rsaquo;&rsaquo;<\/a><\/li>\n\n<\/ul>\n\n\n--><br \/>\n<\/body><\/p>\n","protected":false},"excerpt":{"rendered":"<p>Santo Domingo, 20 dic (PL) El premio nacional de Artes Pl\u00e1sticas 2011 fue otorgado aqu\u00ed a la prestigiosa creadora dominicana Ada Balc\u00e1cer, quien cumple 60 a\u00f1os de vida art\u00edstica. El jurado tom\u00f3 en consideraci\u00f3n que Balc\u00e1cer es una reconocida dibujante, dise\u00f1adora, grabadora, pintora, muralista, gestora cultural, te\u00f3rica del arte y profesora que ha diseminado sus [&hellip;]<\/p>\n","protected":false},"author":3,"featured_media":0,"comment_status":"open","ping_status":"open","sticky":false,"template":"","format":"standard","meta":{"footnotes":""},"categories":[21],"tags":[],"class_list":["post-66619","post","type-post","status-publish","format-standard","hentry","category-cultura"],"_links":{"self":[{"href":"https:\/\/diariodominicano.com\/index.php?rest_route=\/wp\/v2\/posts\/66619","targetHints":{"allow":["GET"]}}],"collection":[{"href":"https:\/\/diariodominicano.com\/index.php?rest_route=\/wp\/v2\/posts"}],"about":[{"href":"https:\/\/diariodominicano.com\/index.php?rest_route=\/wp\/v2\/types\/post"}],"author":[{"embeddable":true,"href":"https:\/\/diariodominicano.com\/index.php?rest_route=\/wp\/v2\/users\/3"}],"replies":[{"embeddable":true,"href":"https:\/\/diariodominicano.com\/index.php?rest_route=%2Fwp%2Fv2%2Fcomments&post=66619"}],"version-history":[{"count":0,"href":"https:\/\/diariodominicano.com\/index.php?rest_route=\/wp\/v2\/posts\/66619\/revisions"}],"wp:attachment":[{"href":"https:\/\/diariodominicano.com\/index.php?rest_route=%2Fwp%2Fv2%2Fmedia&parent=66619"}],"wp:term":[{"taxonomy":"category","embeddable":true,"href":"https:\/\/diariodominicano.com\/index.php?rest_route=%2Fwp%2Fv2%2Fcategories&post=66619"},{"taxonomy":"post_tag","embeddable":true,"href":"https:\/\/diariodominicano.com\/index.php?rest_route=%2Fwp%2Fv2%2Ftags&post=66619"}],"curies":[{"name":"wp","href":"https:\/\/api.w.org\/{rel}","templated":true}]}}