{"id":666159,"date":"2026-02-19T22:48:15","date_gmt":"2026-02-20T02:48:15","guid":{"rendered":"https:\/\/diariodominicano.com\/?p=666159"},"modified":"2026-02-20T02:25:27","modified_gmt":"2026-02-20T06:25:27","slug":"reunion-del-secretario-rubio-con-el-viceprimer-ministro-y-ministro-de-asuntos-exteriores-de-los-eau-el-jeque-abdullah-bin-zayed-al-nahyan","status":"publish","type":"post","link":"https:\/\/diariodominicano.com\/?p=666159","title":{"rendered":"Reuni\u00f3n del Secretario Rubio con el viceprimer ministro y ministro de Asuntos Exteriores de los EAU, el jeque Abdullah bin Zayed Al Nahyan"},"content":{"rendered":"\n<p>19 de febrero de 2026:<\/p>\n\n\n\n<p>El Secretario de Estado, Marco Rubio, se reuni\u00f3 el jueves  con el Viceprimer Ministro y Ministro de Asuntos Exteriores de los Emiratos \u00c1rabes Unidos, el Jeque Abdullah bin Zayed Al Nahyan, comunic\u00f3 el jueves el portavoz adjunto principal Tommy Pigott.<\/p>\n\n\n\n<p> El Secretario y el Ministro de Asuntos Exteriores conversaron sobre la Junta de Paz y la implementaci\u00f3n de la Fase Dos del plan de paz para Gaza del presidente Trump. El Secretario expres\u00f3 su gratitud a los Emiratos \u00c1rabes Unidos por su generosa contribuci\u00f3n de 1.200 millones de d\u00f3lares para lograr la paz, la prosperidad y la seguridad en Gaza. <\/p>\n\n\n\n<p>Hablaron sobre los acontecimientos en curso en Sud\u00e1n y la continua necesidad de una tregua humanitaria. Adem\u00e1s, el Secretario y el Ministro de Asuntos Exteriores destacaron la s\u00f3lida cooperaci\u00f3n y alianza en materia de inteligencia artificial entre Estados Unidos y los Emiratos \u00c1rabes Unidos. <\/p>\n\n\n\n<p>Acordaron continuar la coordinaci\u00f3n en apoyo de la seguridad, la estabilidad y la prosperidad econ\u00f3mica regionales.&nbsp;<\/p>\n\n\n\n<p>U.S. Department of State<\/p>\n\n\n\n<p><a target=\"_blank\" href=\"mailto:usstatebpa@public.govdelivery.com\" rel=\"noreferrer noopener\">usstatebpa@public.govdelivery.com<\/a><\/p>\n","protected":false},"excerpt":{"rendered":"<p>19 de febrero de 2026: El Secretario de Estado, Marco Rubio, se reuni\u00f3 el jueves con el Viceprimer Ministro y Ministro de Asuntos Exteriores de los Emiratos \u00c1rabes Unidos, el Jeque Abdullah bin Zayed Al Nahyan, comunic\u00f3 el jueves el portavoz adjunto principal Tommy Pigott. El Secretario y el Ministro de Asuntos Exteriores conversaron sobre [&hellip;]<\/p>\n","protected":false},"author":2,"featured_media":454961,"comment_status":"closed","ping_status":"closed","sticky":false,"template":"","format":"standard","meta":{"footnotes":""},"categories":[23],"tags":[4077],"class_list":["post-666159","post","type-post","status-publish","format-standard","has-post-thumbnail","hentry","category-internacional","tag-eau"],"_links":{"self":[{"href":"https:\/\/diariodominicano.com\/index.php?rest_route=\/wp\/v2\/posts\/666159","targetHints":{"allow":["GET"]}}],"collection":[{"href":"https:\/\/diariodominicano.com\/index.php?rest_route=\/wp\/v2\/posts"}],"about":[{"href":"https:\/\/diariodominicano.com\/index.php?rest_route=\/wp\/v2\/types\/post"}],"author":[{"embeddable":true,"href":"https:\/\/diariodominicano.com\/index.php?rest_route=\/wp\/v2\/users\/2"}],"replies":[{"embeddable":true,"href":"https:\/\/diariodominicano.com\/index.php?rest_route=%2Fwp%2Fv2%2Fcomments&post=666159"}],"version-history":[{"count":2,"href":"https:\/\/diariodominicano.com\/index.php?rest_route=\/wp\/v2\/posts\/666159\/revisions"}],"predecessor-version":[{"id":666161,"href":"https:\/\/diariodominicano.com\/index.php?rest_route=\/wp\/v2\/posts\/666159\/revisions\/666161"}],"wp:featuredmedia":[{"embeddable":true,"href":"https:\/\/diariodominicano.com\/index.php?rest_route=\/wp\/v2\/media\/454961"}],"wp:attachment":[{"href":"https:\/\/diariodominicano.com\/index.php?rest_route=%2Fwp%2Fv2%2Fmedia&parent=666159"}],"wp:term":[{"taxonomy":"category","embeddable":true,"href":"https:\/\/diariodominicano.com\/index.php?rest_route=%2Fwp%2Fv2%2Fcategories&post=666159"},{"taxonomy":"post_tag","embeddable":true,"href":"https:\/\/diariodominicano.com\/index.php?rest_route=%2Fwp%2Fv2%2Ftags&post=666159"}],"curies":[{"name":"wp","href":"https:\/\/api.w.org\/{rel}","templated":true}]}}