{"id":66612,"date":"2011-12-22T15:43:55","date_gmt":"2011-12-22T15:43:55","guid":{"rendered":"http:\/\/diariodominicano.ddns.net\/?p=66612"},"modified":"2011-12-22T15:43:55","modified_gmt":"2011-12-22T15:43:55","slug":"los-sucesos-que-marcaron-la-politica-cultural-a-lo-largo-de-este-ano","status":"publish","type":"post","link":"https:\/\/diariodominicano.com\/?p=66612","title":{"rendered":"Los sucesos que marcaron la pol\u00edtica cultural a lo largo de este a\u00f1o"},"content":{"rendered":"<p><body><\/p>\n<p><span class=\"text1noticias\">M\u00e9xico, 22 dic.- Algunos hechos que matizaron la pol\u00edtica cultural en el mundo en el a\u00f1o 2011 que agoniza y que dejaron muchos comentarios, a trav\u00e9s del tiempo.<\/span><\/p>\n<\/p>\n<p><span class=\"text1noticias\">Octubre 10<\/span><\/p>\n<\/p>\n<p><span class=\"text1noticias\">La comunidad danc\u00edstica escribi\u00f3 una carta dirigida a los legisladores para solicitar las modificaciones necesarias a la Ley del Impuesto sobre la Renta que permitan otorgar est\u00edmulos fiscales a los contribuyentes de dicho impuesto para que aporten recursos econ\u00f3micos a la producci\u00f3n, exhibici\u00f3n y difusi\u00f3n de la danza nacional que centre su valor en la expresi\u00f3n art\u00edstica y que por sus caracter\u00edsticas enriquezcan el patrimonio cultural del pa\u00eds.<\/span><\/p>\n<\/p>\n<p><span class=\"text1noticias\">El est\u00edmulo, conocido como el 226 bis, actualmente es aplicado para la producci\u00f3n cinematogr\u00e1fica y teatral. <\/span><\/p>\n<\/p>\n<p><span class=\"text1noticias\">Cancelan A\u00f1o de M\u00e9xico en Francia<\/span><\/p>\n<\/p>\n<p><span class=\"text1noticias\">Febrero 15<\/span><\/p>\n<\/p>\n<p><span class=\"text1noticias\">El gobierno federal cancel\u00f3 la participaci\u00f3n de su representaci\u00f3n art\u00edstica en el denominado A\u00f1o de M\u00e9xico en Francia, luego de las declaraciones del mandatario franc\u00e9s Nicolas Sarkozy, quien anunci\u00f3 que todos los eventos enmarcados en dicha celebraci\u00f3n estar\u00edan dedicados a Florence Cassez, condenada a 60 a\u00f1os de prisi\u00f3n en nuestro pa\u00eds por formar parte de una banda delictiva dedicada al secuestro. <\/span><\/p>\n<p><span class=\"text1noticias\">Al respecto, el escritor Carlos Fuentes asegur\u00f3 que el Presidente franc\u00e9s empa\u00f1\u00f3 un evento cultural sin precedentes.<\/span><\/p>\n<\/p>\n<p><span class=\"text1noticias\">El evento se hab\u00eda proyectado como una v\u00eda para dar una \u00abimagen rica, compleja y actual\u00bb de M\u00e9xico y fortalecer las relaciones entre estas dos naciones a trav\u00e9s del \u00e1mbito cultural.<\/span><\/p>\n<\/p>\n<p><span class=\"text1noticias\">El A\u00f1o de M\u00e9xico en Francia inclu\u00eda una destacada retrospectiva in\u00e9dita del artista mexicano Rufino Tamayo en el Petit Palais, as\u00ed como una exposici\u00f3n dedicada a la obra de Diego Rivera y Frida Kahlo en el Museo de l&#8217;Orangerie; un homenaje a la fotograf\u00eda mexicana, que inclu\u00edan trabajos de Manuel \u00c1lvarez Bravo y la maleta mexicana de Robert Cappa. Entre los invitados especiales se contaba a Carlos Fuentes y a Jorge Volpi. Se ten\u00edan contemplados m\u00e1s de 350 eventos, en los que se destacar\u00eda la cultura y arte mexicanos.<\/span><\/p>\n<\/p>\n<p><span class=\"text1noticias\">Proyectan renovaci\u00f3n de la Cineteca<\/span><\/p>\n<\/p>\n<p><span class=\"text1noticias\">Julio 12<\/span><\/p>\n<\/p>\n<p><span class=\"text1noticias\">El Consejo Nacional para la Cultura y las Artes anunci\u00f3 que la construcci\u00f3n de cuatro nuevas salas equipadas con los mejores sistemas de sonido y proyecci\u00f3n, la de dos nuevas b\u00f3vedas que cumplir\u00e1n con las condiciones de conservaci\u00f3n y preservaci\u00f3n, as\u00ed como la de un laboratorio de restauraci\u00f3n digital con lo \u00faltimo en tecnolog\u00eda para digitalizaci\u00f3n y restauraci\u00f3n de material f\u00edlmico, dotar\u00e1n a la Cineteca Nacional de una infraestructura que le permitir\u00e1 fortalecer su misi\u00f3n de preservar y difundir el acervo f\u00edlmico que le ha sido encomendado. <\/span><\/p>\n<p><span class=\"text1noticias\">La llamada Cineteca Nacional del Siglo XX, a cargo del despacho Rojkind Arquitectos, podr\u00eda quedar lista para el oto\u00f1o de 2012. De acuerdo con la dependencia, el actual edificio construido en 1984 por el arquitecto Manuel Rocha D\u00edaz quedar\u00e1 convertido en el \u00abespacio cinematogr\u00e1fico m\u00e1s vanguardista y completo de Iberoam\u00e9rica\u00bb.<\/span><\/p>\n<\/p>\n<p><span class=\"text1noticias\">El espacio contar\u00e1 con cuatro salas nuevas de 250 espectadores cada una y la renovaci\u00f3n y equipamiento tecnol\u00f3gico de las ya existentes. Con ello sumar\u00e1 mil butacas m\u00e1s, lo que significar\u00e1 un crecimiento de 36% de la oferta program\u00e1tica, ampliando de seis a 10 el n\u00famero de pantallas.<\/span><\/p>\n<\/p>\n<p><span class=\"text1noticias\">Se construir\u00e1n tambi\u00e9n dos nuevas b\u00f3vedas que cumplir\u00e1n \u00abcon todas las condiciones de conservaci\u00f3n y preservaci\u00f3n marcadas por la Federaci\u00f3n Internacional de Archivos F\u00edlmicos (FIAF)\u00bb.<\/span><\/p>\n<\/p>\n<p><span class=\"text1noticias\">De acuerdo con las autoridades, se aprovechar\u00e1 al m\u00e1ximo el terreno donde actualmente se encuentra el estacionamiento, ya que \u00e9ste ocupa 42.47% del \u00e1rea total de la Cineteca. Este proyecto contempla que el nuevo estacionamiento tenga seis niveles y una capacidad para 528 autom\u00f3viles, lo que liberar\u00e1 alrededor de 70% del espacio, que se aprovechar\u00e1 en \u00e1reas verdes y foros de usos m\u00faltiples para funciones gratuitas al aire libre con capacidad para alrededor de 700 espectadores; en total se construir\u00e1n 28 mil 897 metros cuadrados. Los locales comerciales tambi\u00e9n tendr\u00e1n una mayor presencia aumentando de cinco a 11. El presupuesto destinado es de 380 millones de pesos.<\/span><\/p>\n<\/p>\n<p><span class=\"text1noticias\">Acaba pol\u00e9mica por remodelaci\u00f3n en BA<\/span><\/p>\n<\/p>\n<p><span class=\"text1noticias\">Agosto 7<\/span><\/p>\n<\/p>\n<p><span class=\"text1noticias\">Luego de casi un a\u00f1o de controversias, el Instituto Nacional de Bellas Artes dio carpetazo al esc\u00e1ndalo que gener\u00f3 la remodelaci\u00f3n del Palacio de Bellas Artes, al dar a conocer, a trav\u00e9s de un bolet\u00edn, que ocho especialistas -contratados por la propia dependencia-, avalaron los trabajos. <\/span><\/p>\n<p><span class=\"text1noticias\">El instituto dio a conocer una carta con seis consideraciones y cinco recomendaciones, firmada por Salvador Aceves, Carolina Castellanos, Ignacio G\u00f3mez Arriola, William Monge, Louise Noelle, Jos\u00e9 de Nordenflycht, Francisco P\u00e9rez de Salazar y Juan Ruesga, como Comit\u00e9 T\u00e9cnico; y Xavier Cort\u00e9s Rocha, C\u00e9sar Guerrero, Inti Mu\u00f1oz y Francisco Vidargas.<\/span><\/p>\n<\/p>\n<p><span class=\"text1noticias\">El Comit\u00e9 Nacional Mexicano del Consejo Internacional de Monumentos y Sitios (ICOMOS), dirigido por la arquitecta Olga Orive, insisti\u00f3 en que un grupo de expertos deb\u00eda revisar con pulcritud los trabajos realizados con un monto de 700 millones de pesos.<\/span><\/p>\n<\/p>\n<p><span class=\"text1noticias\">La revisi\u00f3n sucedi\u00f3 luego de que el presidente de ICOMOS, Gustavo Araoz, viniera a M\u00e9xico para mediar entre la delegaci\u00f3n mexicana y la dependencia. Desde entonces, los detractores tambi\u00e9n han guardado silencio.<\/span><\/p>\n<\/p>\n<p><span class=\"text1noticias\">Remodelaci\u00f3n mayor, en los legendarios Estudios Churubusco<\/span><\/p>\n<\/p>\n<p><span class=\"text1noticias\">Septiembre 6<\/span><\/p>\n<\/p>\n<p><span class=\"text1noticias\">Los Estudios Churubusco, creados hace m\u00e1s de 65 a\u00f1os, contar\u00e1n con un nuevo y moderno edificio de posproducci\u00f3n, equipado con lo \u00faltimo en tecnolog\u00eda, en el que se invertir\u00e1n 240 millones de pesos. <\/span><\/p>\n<p><span class=\"text1noticias\">La obra, que planea abrir en octubre de 2012, proyecta la creaci\u00f3n de un edificio de cuatro plantas que incluir\u00e1 un laboratorio digital de 2 mil 800 metros cuadrados, bodegas de servicio a la producci\u00f3n, la ampliaci\u00f3n del estacionamiento y la construcci\u00f3n de oficinas a donde se trasladar\u00e1 el Instituto Mexicano de Cinematograf\u00eda (Imcine).<\/span><\/p>\n<\/p>\n<p><span class=\"text1noticias\">Dise\u00f1ado por los arquitectos Jos\u00e9 Castillo y Saidee Springall, del despacho Arquitectura 911sc, el inmueble se construir\u00e1 en el espacio que actualmente ocupan los edificios de camerinos Luis Bu\u00f1uel y Tin-T\u00e1n, creados en 1940 y que ahora funcionan como oficinas.<\/span><\/p>\n<\/p>\n<p><span class=\"text1noticias\">De acuerdo con el Consejo Nacional para la Cultura y las Artes, se trata de \u00abun ambicioso proyecto que colocar\u00e1 a los Estudios Churubusco como el m\u00e1s importante centro de producci\u00f3n cinematogr\u00e1fica en M\u00e9xico y en Am\u00e9rica Latina\u00bb.<\/span><\/p>\n<\/p>\n<p><span class=\"text1noticias\">El anuncio sembr\u00f3 dudas y malestar entre miembros de la comunidad cinematogr\u00e1fica mexicana. En noviembre, la Academia de Ciencias y Artes Cinematogr\u00e1ficas de M\u00e9xico solicit\u00f3 al director de los Estudios Churubusco, Manuel Gameros, los detalles del proyecto.<\/span><\/p>\n<\/p>\n<p><span class=\"text1noticias\">Quitan puesto a diputada inculta<\/span><\/p>\n<\/p>\n<p><span class=\"text1noticias\">Octubre 11<\/span><\/p>\n<\/p>\n<p><span class=\"text1noticias\">El 3 de junio en entrevista con EL UNIVERSAL, la diputada perredista Edith Ruiz Mendicuti y entonces presidenta de la Comisi\u00f3n de Cultura de la Asamblea Legislativa del DF, reconoci\u00f3 que era ajena al \u00e1mbito cultural, que no gustaba de la literatura y que hab\u00eda aceptado la comisi\u00f3n porque no hab\u00eda algo mejor para ella. <\/span><\/p>\n<p><span class=\"text1noticias\">Las declaraciones de la legisladora se sumaron a la serie de pifias cometidas durante su gesti\u00f3n, como atribuir a Jos\u00e9 Emilio Pacheco obras que no escribi\u00f3 o manifestarse en contra del llamado perreo.<\/span><\/p>\n<\/p>\n<p><span class=\"text1noticias\">Ante esto se desencaden\u00f3 un movimiento en su contra en las redes sociales, una serie de publicaciones en blogs, columnas en diversos peri\u00f3dicos y una carta firmada por personajes destacados de la comunidad cultural.<\/span><\/p>\n<\/p>\n<p><span class=\"text1noticias\">La legisladora mantuvo discusiones con sus detractores a trav\u00e9s de Internet y minimiz\u00f3 las manifestaciones en su contra.<\/span><\/p>\n<\/p>\n<p><span class=\"text1noticias\">Al poco tiempo, Ruiz Mendicuti fue acusada de motivar a algunos ni\u00f1os a \u00abtomar\u00bb la tribuna de la Asamblea, durante una visita escolar. El esc\u00e1ndalo se reaviv\u00f3.<\/span><\/p>\n<\/p>\n<p><span class=\"text1noticias\">Ante la presi\u00f3n de la sociedad, la Comisi\u00f3n de Gobierno anunci\u00f3 que de com\u00fan acuerdo la legisladora hab\u00eda aceptado renunciar a la presidencia de la comisi\u00f3n. En su lugar se nombr\u00f3 al diputado Fernando Cu\u00e9llar.<\/span><\/p>\n<\/p>\n<p><span class=\"text1noticias\">Seguridad Social pende de un hilo<\/span><\/p>\n<\/p>\n<p><span class=\"text1noticias\">Noviembre 24<\/span><\/p>\n<\/p>\n<p><span class=\"text1noticias\">El Senado aprob\u00f3 por unanimidad la Ley que crea el Fondo para el Acceso de Artistas, Creadores y Gestores Culturales a la seguridad social, el cual ser\u00e1 administrado por un fideicomiso y se integrar\u00e1 con aportaciones de trabajadores, gobierno federal y donaciones. <\/span><\/p>\n<p><span class=\"text1noticias\">La iniciativa presentada por la perredista y actriz Mar\u00eda Rojo subraya que los trabajadores de la comunidad art\u00edstica y cultural laboran en condiciones excepcionales, pues rara vez son contratados mediante una relaci\u00f3n laboral que los incorporar\u00eda al IMSS.<\/span><\/p>\n<\/p>\n<p><span class=\"text1noticias\">Rojo, consciente de la dif\u00edcil realidad que enfrenta el gremio art\u00edstico y en respuesta a la demanda a\u00f1eja de los trabajadores de la cultura que no cuentan con un empleo permanente, realiz\u00f3 un intenso trabajo durante a\u00f1o y medio para lograr la aprobaci\u00f3n en el Senado, que incluy\u00f3 una carta firmada por al menos siete mil miembros de la comunidad cultural. La iniciativa fue turnada a la C\u00e1mara de Diputados para ser revisada por tres comisiones: Presupuesto, Hacienda y Seguridad Social. Sin embargo, contrario a lo que Rojo vislumbraba, la minuta continua en revisi\u00f3n y ser\u00e1 durante el segundo periodo del tercer a\u00f1o legislativo cuando, quiz\u00e1, se apruebe en el pleno, es decir, entre febrero y marzo del 2012<\/span>.<\/p>\n<h6> 2011-12-22 15:43:55 <\/h6>\n<p><!--\n<link rel=\"stylesheet\" href=\"css\/bootstrap.min.css\">\n\n\n<ul class=\"pagination\">\n\t    \n\t\n\n<li >\n\t<a href='?page_no=18289'>Previous<\/a>\n\t<\/li>\n\n\n       \n    \n\n<li><a href='?page_no=1'>1<\/a><\/li>\n\n\n\n<li><a href='?page_no=2'>2<\/a><\/li>\n\n\n\n<li><a>...<\/a><\/li>\n\n\n\n<li><a href='?page_no=18288'>18288<\/a><\/li>\n\n\n\n<li><a href='?page_no=18289'>18289<\/a><\/li>\n\n\n\n<li class='active'><a>18290<\/a><\/li>\n\n\n\n<li><a href='?page_no=18291'>18291<\/a><\/li>\n\n\n\n<li><a href='?page_no=18292'>18292<\/a><\/li>\n\n\n\n<li><a>...<\/a><\/li>\n\n\n\n<li><a href='?page_no=22911'>22911<\/a><\/li>\n\n\n\n<li><a href='?page_no=22912'>22912<\/a><\/li>\n\n    \n\t\n\n<li >\n\t<a href='?page_no=18291'>Next<\/a>\n\t<\/li>\n\n\n    \n\n<li><a href='?page_no=22912'>Last &rsaquo;&rsaquo;<\/a><\/li>\n\n<\/ul>\n\n\n--><br \/>\n<\/body><\/p>\n","protected":false},"excerpt":{"rendered":"<p>M\u00e9xico, 22 dic.- Algunos hechos que matizaron la pol\u00edtica cultural en el mundo en el a\u00f1o 2011 que agoniza y que dejaron muchos comentarios, a trav\u00e9s del tiempo. Octubre 10 La comunidad danc\u00edstica escribi\u00f3 una carta dirigida a los legisladores para solicitar las modificaciones necesarias a la Ley del Impuesto sobre la Renta que permitan [&hellip;]<\/p>\n","protected":false},"author":3,"featured_media":0,"comment_status":"open","ping_status":"open","sticky":false,"template":"","format":"standard","meta":{"footnotes":""},"categories":[21],"tags":[],"class_list":["post-66612","post","type-post","status-publish","format-standard","hentry","category-cultura"],"_links":{"self":[{"href":"https:\/\/diariodominicano.com\/index.php?rest_route=\/wp\/v2\/posts\/66612","targetHints":{"allow":["GET"]}}],"collection":[{"href":"https:\/\/diariodominicano.com\/index.php?rest_route=\/wp\/v2\/posts"}],"about":[{"href":"https:\/\/diariodominicano.com\/index.php?rest_route=\/wp\/v2\/types\/post"}],"author":[{"embeddable":true,"href":"https:\/\/diariodominicano.com\/index.php?rest_route=\/wp\/v2\/users\/3"}],"replies":[{"embeddable":true,"href":"https:\/\/diariodominicano.com\/index.php?rest_route=%2Fwp%2Fv2%2Fcomments&post=66612"}],"version-history":[{"count":0,"href":"https:\/\/diariodominicano.com\/index.php?rest_route=\/wp\/v2\/posts\/66612\/revisions"}],"wp:attachment":[{"href":"https:\/\/diariodominicano.com\/index.php?rest_route=%2Fwp%2Fv2%2Fmedia&parent=66612"}],"wp:term":[{"taxonomy":"category","embeddable":true,"href":"https:\/\/diariodominicano.com\/index.php?rest_route=%2Fwp%2Fv2%2Fcategories&post=66612"},{"taxonomy":"post_tag","embeddable":true,"href":"https:\/\/diariodominicano.com\/index.php?rest_route=%2Fwp%2Fv2%2Ftags&post=66612"}],"curies":[{"name":"wp","href":"https:\/\/api.w.org\/{rel}","templated":true}]}}