{"id":665915,"date":"2026-02-18T00:53:30","date_gmt":"2026-02-18T04:53:30","guid":{"rendered":"https:\/\/diariodominicano.com\/?p=665915"},"modified":"2026-02-20T02:05:09","modified_gmt":"2026-02-20T06:05:09","slug":"saidel-horta-abre-con-victoria-para-cuba-en-copa-independencia-boxeo","status":"publish","type":"post","link":"https:\/\/diariodominicano.com\/?p=665915","title":{"rendered":"Saidel Horta abre con victoria para Cuba en Copa Independencia Boxeo"},"content":{"rendered":"\n<p>Santiago de los Caballeros, Rep\u00fablica Dominicana, 17 feb (Prensa Latina) El cubano Saidel Horta, subcampe\u00f3n mundial, debut\u00f3 hoy con victoria en la Copa Independencia de Boxeo, que se celebra en la provincia dominicana de Santiago de los Caballeros.<\/p>\n\n\n\n<ul class=\"wp-block-list\">\n<li><a href=\"https:\/\/www.prensa-latina.cu\/2026\/02\/17\/\"><time>febrero 17, 2026 | 22:55<\/time><\/a><\/li>\n<\/ul>\n\n\n\n<ul class=\"wp-block-list\">\n<li><a href=\"https:\/\/www.prensa-latina.cu\/2026\/02\/17\/saidel-horta-abre-con-victoria-para-cuba-en-copa-independencia-boxeo\/#\"><\/a><\/li>\n\n\n\n<li><a href=\"https:\/\/www.prensa-latina.cu\/2026\/02\/17\/saidel-horta-abre-con-victoria-para-cuba-en-copa-independencia-boxeo\/#\"><\/a><\/li>\n\n\n\n<li><a href=\"https:\/\/www.prensa-latina.cu\/2026\/02\/17\/saidel-horta-abre-con-victoria-para-cuba-en-copa-independencia-boxeo\/#\"><\/a><\/li>\n\n\n\n<li><a href=\"https:\/\/www.prensa-latina.cu\/2026\/02\/17\/saidel-horta-abre-con-victoria-para-cuba-en-copa-independencia-boxeo\/#\"><\/a><\/li>\n<\/ul>\n\n\n\n<p>Horta (60 kg) se impuso por cerrado veredicto de 3-2 ante el local Estrella \u00c1ngel, representante del equipo de Santiago, en un combate de alto nivel t\u00e9cnico.<\/p>\n\n\n\n<p>El jefe t\u00e9cnico de la selecci\u00f3n cubana, Eulises Pouyout Despaigne, destac\u00f3 a Prensa Latina el desempe\u00f1o del p\u00fagil cienfueguero.<\/p>\n\n\n\n<p>\u201cRealiz\u00f3 un buen combate y demostr\u00f3, una vez m\u00e1s, la calidad de la escuela cubana de boxeo\u201d, afirm\u00f3.<\/p>\n\n\n\n<p>Tras el triunfo, Horta valor\u00f3 la importancia de su primera presentaci\u00f3n en el torneo.<\/p>\n\n\n\n<p>\u201cFue una pelea muy importante, un bonito espect\u00e1culo, y me permiti\u00f3 avanzar a semifinales. Ahora toca seguir prepar\u00e1ndome para las pr\u00f3ximas competencias\u201d, expres\u00f3 a Prensa Latina.<\/p>\n\n\n\n<p>La acci\u00f3n continuar\u00e1 ma\u00f1ana con la salida al cuadril\u00e1tero de dos grandes figuras cubanas: el campe\u00f3n ol\u00edmpico de Par\u00eds 2024 Erislandy \u00c1lvarez (65 kg), quien enfrentar\u00e1 a Esequiel Mart\u00ednez, de Santiago, y el doble campe\u00f3n ol\u00edmpico Julio C\u00e9sar La Cruz (+90 kg), que pelear\u00e1 ante Seht Lawrense, de Barbados.<\/p>\n\n\n\n<p>\u00c1lvarez debut\u00f3 el lunes pasado por la puerta ancha al ganar 3-2 a Miguel \u00c1ngel Encarnaci\u00f3n, del equipo dominicano A.<\/p>\n\n\n\n<p>El torneo re\u00fane hasta el s\u00e1bado a boxeadores de Cuba, Estados Unidos, Francia, Ecuador, Guatemala, Barbados, Antigua y Barbuda, adem\u00e1s de las selecciones dominicanas A y B, y dos equipos de Santiago de los Caballeros.<\/p>\n\n\n\n<p>La Copa Independencia de Boxeo tiene una importancia clave para el camino hacia los Juegos Centroamericanos y del Caribe Santo Domingo 2026.<\/p>\n\n\n\n<p>En primer lugar, es un escenario ideal de fogueo internacional, ya que re\u00fane a selecciones de diferentes pa\u00edses y obliga a los boxeadores a medirse con estilos variados antes del evento clasificatorio que tendr\u00e1 lugar en marzo pr\u00f3ximo en M\u00e9xico.<\/p>\n\n\n\n<p>Adem\u00e1s, el evento sirve para que entrenadores y cuerpos t\u00e9cnicos ajusten aspectos t\u00e1cticos y f\u00edsicos.<\/p>\n\n\n\n<p>Por eso, m\u00e1s all\u00e1 de su tradici\u00f3n regional, la Copa Independencia se consolida como una plataforma estrat\u00e9gica rumbo al clasificatorio continental, donde estar\u00e1n en juego plazas para los JCC que se celebrar\u00e1n del 24 de julio al 8 de agosto.<\/p>\n\n\n\n<p>rgh\/mpv<\/p>\n\n\n\n<ul class=\"wp-block-list\">\n<li>#<a href=\"https:\/\/www.prensa-latina.cu\/etiqueta\/cuba\/\">cuba<\/a><\/li>\n<\/ul>\n","protected":false},"excerpt":{"rendered":"<p>Santiago de los Caballeros, Rep\u00fablica Dominicana, 17 feb (Prensa Latina) El cubano Saidel Horta, subcampe\u00f3n mundial, debut\u00f3 hoy con victoria en la Copa Independencia de Boxeo, que se celebra en la provincia dominicana de Santiago de los Caballeros. Horta (60 kg) se impuso por cerrado veredicto de 3-2 ante el local Estrella \u00c1ngel, representante del [&hellip;]<\/p>\n","protected":false},"author":28,"featured_media":0,"comment_status":"open","ping_status":"closed","sticky":false,"template":"","format":"standard","meta":{"footnotes":""},"categories":[17],"tags":[4649,3100],"class_list":["post-665915","post","type-post","status-publish","format-standard","hentry","category-deportes","tag-copa-independencia-boxeo","tag-cuba"],"_links":{"self":[{"href":"https:\/\/diariodominicano.com\/index.php?rest_route=\/wp\/v2\/posts\/665915","targetHints":{"allow":["GET"]}}],"collection":[{"href":"https:\/\/diariodominicano.com\/index.php?rest_route=\/wp\/v2\/posts"}],"about":[{"href":"https:\/\/diariodominicano.com\/index.php?rest_route=\/wp\/v2\/types\/post"}],"author":[{"embeddable":true,"href":"https:\/\/diariodominicano.com\/index.php?rest_route=\/wp\/v2\/users\/28"}],"replies":[{"embeddable":true,"href":"https:\/\/diariodominicano.com\/index.php?rest_route=%2Fwp%2Fv2%2Fcomments&post=665915"}],"version-history":[{"count":1,"href":"https:\/\/diariodominicano.com\/index.php?rest_route=\/wp\/v2\/posts\/665915\/revisions"}],"predecessor-version":[{"id":665916,"href":"https:\/\/diariodominicano.com\/index.php?rest_route=\/wp\/v2\/posts\/665915\/revisions\/665916"}],"wp:attachment":[{"href":"https:\/\/diariodominicano.com\/index.php?rest_route=%2Fwp%2Fv2%2Fmedia&parent=665915"}],"wp:term":[{"taxonomy":"category","embeddable":true,"href":"https:\/\/diariodominicano.com\/index.php?rest_route=%2Fwp%2Fv2%2Fcategories&post=665915"},{"taxonomy":"post_tag","embeddable":true,"href":"https:\/\/diariodominicano.com\/index.php?rest_route=%2Fwp%2Fv2%2Ftags&post=665915"}],"curies":[{"name":"wp","href":"https:\/\/api.w.org\/{rel}","templated":true}]}}