{"id":665696,"date":"2026-02-17T01:43:05","date_gmt":"2026-02-17T05:43:05","guid":{"rendered":"https:\/\/diariodominicano.com\/?p=665696"},"modified":"2026-02-17T01:43:06","modified_gmt":"2026-02-17T05:43:06","slug":"policia-nacional-detiene-a-dos-hombres-presuntamente-vinculados-a-la-muerte-de-una-joven-en-el-municipio-de-guerra","status":"publish","type":"post","link":"https:\/\/diariodominicano.com\/?p=665696","title":{"rendered":"Polic\u00eda Nacional detiene a dos hombres presuntamente vinculados a la muerte de una joven en el municipio de Guerra"},"content":{"rendered":"\n<p>*<strong>-Activa la b\u00fasqueda de un tercer implicado identificado como \u201cPatr\u00f3n\u201d, quien permanece pr\u00f3fugo.<\/strong>*<\/p>\n\n\n\n<p>La Polic\u00eda Nacional inform\u00f3 sobre la detenci\u00f3n de dos hombres y las labores de b\u00fasqueda de un tercero por su presunta vinculaci\u00f3n en la muerte de la joven Reynalda Carrasco Antoine, de 22 a\u00f1os, cuyo cuerpo fue hallado dentro de una cisterna en el sector El Capacito, municipio San Antonio de Guerra.<\/p>\n\n\n\n<p>Por el hecho fueron arrestados Jason Stward Javier Cabral (a) \u201cCopiloto\u201d, de 24 a\u00f1os, y Pablo Antonio Calca\u00f1o Silverio (a) \u201cMaiky\u201d, de 43, quienes se encuentran bajo custodia en la Divisi\u00f3n de Delitos Contra la Persona (Homicidios), tras ser capturados en flagrante delito.<\/p>\n\n\n\n<p>Asimismo, las autoridades persiguen activamente a un hombre identificado solo con el alias \u201cPatr\u00f3n\u201d y\/o \u201cCapital\u201d, se\u00f1alado como presunto autor principal del crimen.<\/p>\n\n\n\n<p>Seg\u00fan el informe preliminar, los agentes investigadores fueron alertados sobre la presencia de una persona muerta en el interior de una cisterna. Al llegar al lugar, los agentes confirmaron el hallazgo del cuerpo de la joven.<\/p>\n\n\n\n<p>Posteriormente, los miembros policiales procedieron con el el proceso de entrevistas y recolecci\u00f3n de evidencias con el fin de identificar a los presuntos responsables.<\/p>\n\n\n\n<p>En la escena fueron colectadas como evidencias una varilla de 28 pulgadas, cinta adhesiva de color blanco, varias muestras de sustancia pardo-rojiza y varios pa\u00f1os (wipers) con manchas, elementos que forman parte del proceso investigativo.<\/p>\n\n\n\n<p>El caso se encuentra bajo investigaci\u00f3n para esclarecer las circunstancias del hecho y determinar responsabilidades.<\/p>\n\n\n\n<p>Los detenidos ser\u00e1n puestos a disposici\u00f3n del Ministerio P\u00fablico, mientras contin\u00faan los operativos para capturar al pr\u00f3fugo.<\/p>\n","protected":false},"excerpt":{"rendered":"<p>*-Activa la b\u00fasqueda de un tercer implicado identificado como \u201cPatr\u00f3n\u201d, quien permanece pr\u00f3fugo.* La Polic\u00eda Nacional inform\u00f3 sobre la detenci\u00f3n de dos hombres y las labores de b\u00fasqueda de un tercero por su presunta vinculaci\u00f3n en la muerte de la joven Reynalda Carrasco Antoine, de 22 a\u00f1os, cuyo cuerpo fue hallado dentro de una cisterna [&hellip;]<\/p>\n","protected":false},"author":7,"featured_media":665705,"comment_status":"closed","ping_status":"closed","sticky":false,"template":"","format":"standard","meta":{"footnotes":""},"categories":[29],"tags":[1070],"class_list":["post-665696","post","type-post","status-publish","format-standard","has-post-thumbnail","hentry","category-policiasucesos","tag-policia-nacional"],"_links":{"self":[{"href":"https:\/\/diariodominicano.com\/index.php?rest_route=\/wp\/v2\/posts\/665696","targetHints":{"allow":["GET"]}}],"collection":[{"href":"https:\/\/diariodominicano.com\/index.php?rest_route=\/wp\/v2\/posts"}],"about":[{"href":"https:\/\/diariodominicano.com\/index.php?rest_route=\/wp\/v2\/types\/post"}],"author":[{"embeddable":true,"href":"https:\/\/diariodominicano.com\/index.php?rest_route=\/wp\/v2\/users\/7"}],"replies":[{"embeddable":true,"href":"https:\/\/diariodominicano.com\/index.php?rest_route=%2Fwp%2Fv2%2Fcomments&post=665696"}],"version-history":[{"count":1,"href":"https:\/\/diariodominicano.com\/index.php?rest_route=\/wp\/v2\/posts\/665696\/revisions"}],"predecessor-version":[{"id":665706,"href":"https:\/\/diariodominicano.com\/index.php?rest_route=\/wp\/v2\/posts\/665696\/revisions\/665706"}],"wp:featuredmedia":[{"embeddable":true,"href":"https:\/\/diariodominicano.com\/index.php?rest_route=\/wp\/v2\/media\/665705"}],"wp:attachment":[{"href":"https:\/\/diariodominicano.com\/index.php?rest_route=%2Fwp%2Fv2%2Fmedia&parent=665696"}],"wp:term":[{"taxonomy":"category","embeddable":true,"href":"https:\/\/diariodominicano.com\/index.php?rest_route=%2Fwp%2Fv2%2Fcategories&post=665696"},{"taxonomy":"post_tag","embeddable":true,"href":"https:\/\/diariodominicano.com\/index.php?rest_route=%2Fwp%2Fv2%2Ftags&post=665696"}],"curies":[{"name":"wp","href":"https:\/\/api.w.org\/{rel}","templated":true}]}}