{"id":66559,"date":"2012-01-02T13:39:19","date_gmt":"2012-01-02T13:39:19","guid":{"rendered":"http:\/\/diariodominicano.ddns.net\/?p=66559"},"modified":"2012-01-02T13:39:19","modified_gmt":"2012-01-02T13:39:19","slug":"mpd-recordara-en-cotui-martir-asesinato-hace-39-anos","status":"publish","type":"post","link":"https:\/\/diariodominicano.com\/?p=66559","title":{"rendered":"MPD recordar\u00e1 en Cotu\u00ed m\u00e1rtir asesinato hace 39 a\u00f1os"},"content":{"rendered":"<p><body><\/p>\n<p><img decoding=\"async\" src=\"img3\/Fernando Hernandez vocero MPD.JPG\" \/>  <\/p>\n<p><span class=\"text1noticias\">Santo Domingo, 2 enero 2012.-   El Movimiento Popular Dominicano (MPD) conmemorar\u00e1 este martes 3 de enero en Cotu\u00ed el aniversario del asesinato de Alejandro Alberty Fr\u00f3meta Santos,  ocurrida a manos de la polic\u00eda balaguerista hace 39 a\u00f1os.<\/span><\/p>\n<p><span class=\"text1noticias\">Fernando Hern\u00e1ndez, vocero nacional del MPD, inform\u00f3 que la actividad conmemorativa consistir\u00e1 en una ofrenda floral en la tumba donde descansa el extinto militante de la organizaci\u00f3n de izquierda en el cementerio municipal de Cotu\u00ed<\/span><\/p>\n<p><span class=\"text1noticias\">Dijo que all\u00ed realizar\u00e1n un acto en el que estar\u00e1 presente Jorge Puello Soriano (el Men), familiares, amigos y compa\u00f1eros de lucha de Fr\u00f3meta Santos, en el que se evocar\u00e1 su ejemplo revolucionario y har\u00e1n un juramento revolucionario de continuar luchando con firmeza hasta ver  hecho realidad el sue\u00f1o de Berty de un mejor pa\u00eds.<\/span><\/p>\n<p><span class=\"text1noticias\">El dirigente de izquierda record\u00f3 que Alejando Alberty Fr\u00f3meta (Berty) fue un l\u00edder estudiantil del municipio Villa La Mata que con apenas 16 a\u00f1os de edad \u00abcay\u00f3 herido el 23 de diciembre de 1972 a manos de la polic\u00eda criminal balaguerista en momentos en que buscaba recursos entre colaboradores para la cena de navidad de los presos pol\u00edticos del MPD, muriendo el 3 de enero de 1973 en el hospital San Vicente de Pa\u00fal de San Francisco de Macor\u00eds\u00bb.<\/span><\/p>\n<p><span class=\"text1noticias\">\u00abBerty se supo ganar el aprecio de todo aquel le trat\u00f3, porque fue un revolucionario extraordinario, inolvidable, de actitud ejemplar hacia sus compa\u00f1eros y consecuente con la lucha del pueblo, por lo que su ejemplo de sacrificio y de lucha por la redenci\u00f3n del pueblo dominicano le han sobrevivido a su muerte\u00bb manifest\u00f3 Fernando Hern\u00e1ndez.<\/span><\/p>\n<p><span class=\"text1noticias\">Seg\u00fan lo declarado por el vocero nacional del MPD, a la ofrenda al m\u00e1rtir revolucionario han sumado sus esfuerzos el Frente Estudiantil de Liberaci\u00f3n Am\u00edn Abel (FELABEL) y el Frente Amplio de Lucha Popular (FALPO) y en ella se pretende reunir, como en otros a\u00f1os, a activistas revolucionarios de distintos pueblos del Cibao para honrar su memoria.<\/span><\/p>\n<p><span class=\"text1noticias\">Hizo un llamado a los compa\u00f1eros de Berty de entonces, a los revolucionarios de hoy y las personas con vocaci\u00f3n democr\u00e1tica a darse cita es este martes 3 de enero de 2012, a las 9:30 de la ma\u00f1ana, en el parque Duarte de Cotu\u00ed, punto de encuentro para desde all\u00ed caminar hasta el cementerio municipal para el solemne y  merecido acto de recordaci\u00f3n del militante emepede\u00edsta<\/span>.<\/p>\n<\/p>\n<h6> 2012-01-02 13:39:19 <\/h6>\n<p><!--\n<link rel=\"stylesheet\" href=\"css\/bootstrap.min.css\">\n\n\n<ul class=\"pagination\">\n\t    \n\t\n\n<li >\n\t<a href='?page_no=18236'>Previous<\/a>\n\t<\/li>\n\n\n       \n    \n\n<li><a href='?page_no=1'>1<\/a><\/li>\n\n\n\n<li><a href='?page_no=2'>2<\/a><\/li>\n\n\n\n<li><a>...<\/a><\/li>\n\n\n\n<li><a href='?page_no=18235'>18235<\/a><\/li>\n\n\n\n<li><a href='?page_no=18236'>18236<\/a><\/li>\n\n\n\n<li class='active'><a>18237<\/a><\/li>\n\n\n\n<li><a href='?page_no=18238'>18238<\/a><\/li>\n\n\n\n<li><a href='?page_no=18239'>18239<\/a><\/li>\n\n\n\n<li><a>...<\/a><\/li>\n\n\n\n<li><a href='?page_no=22911'>22911<\/a><\/li>\n\n\n\n<li><a href='?page_no=22912'>22912<\/a><\/li>\n\n    \n\t\n\n<li >\n\t<a href='?page_no=18238'>Next<\/a>\n\t<\/li>\n\n\n    \n\n<li><a href='?page_no=22912'>Last &rsaquo;&rsaquo;<\/a><\/li>\n\n<\/ul>\n\n\n--><br \/>\n<\/body><\/p>\n","protected":false},"excerpt":{"rendered":"<p>Santo Domingo, 2 enero 2012.- El Movimiento Popular Dominicano (MPD) conmemorar\u00e1 este martes 3 de enero en Cotu\u00ed el aniversario del asesinato de Alejandro Alberty Fr\u00f3meta Santos, ocurrida a manos de la polic\u00eda balaguerista hace 39 a\u00f1os. Fernando Hern\u00e1ndez, vocero nacional del MPD, inform\u00f3 que la actividad conmemorativa consistir\u00e1 en una ofrenda floral en la [&hellip;]<\/p>\n","protected":false},"author":3,"featured_media":0,"comment_status":"open","ping_status":"open","sticky":false,"template":"","format":"standard","meta":{"footnotes":""},"categories":[21],"tags":[],"class_list":["post-66559","post","type-post","status-publish","format-standard","hentry","category-cultura"],"_links":{"self":[{"href":"https:\/\/diariodominicano.com\/index.php?rest_route=\/wp\/v2\/posts\/66559","targetHints":{"allow":["GET"]}}],"collection":[{"href":"https:\/\/diariodominicano.com\/index.php?rest_route=\/wp\/v2\/posts"}],"about":[{"href":"https:\/\/diariodominicano.com\/index.php?rest_route=\/wp\/v2\/types\/post"}],"author":[{"embeddable":true,"href":"https:\/\/diariodominicano.com\/index.php?rest_route=\/wp\/v2\/users\/3"}],"replies":[{"embeddable":true,"href":"https:\/\/diariodominicano.com\/index.php?rest_route=%2Fwp%2Fv2%2Fcomments&post=66559"}],"version-history":[{"count":0,"href":"https:\/\/diariodominicano.com\/index.php?rest_route=\/wp\/v2\/posts\/66559\/revisions"}],"wp:attachment":[{"href":"https:\/\/diariodominicano.com\/index.php?rest_route=%2Fwp%2Fv2%2Fmedia&parent=66559"}],"wp:term":[{"taxonomy":"category","embeddable":true,"href":"https:\/\/diariodominicano.com\/index.php?rest_route=%2Fwp%2Fv2%2Fcategories&post=66559"},{"taxonomy":"post_tag","embeddable":true,"href":"https:\/\/diariodominicano.com\/index.php?rest_route=%2Fwp%2Fv2%2Ftags&post=66559"}],"curies":[{"name":"wp","href":"https:\/\/api.w.org\/{rel}","templated":true}]}}