{"id":66558,"date":"2012-01-02T17:40:34","date_gmt":"2012-01-02T17:40:34","guid":{"rendered":"http:\/\/diariodominicano.ddns.net\/?p=66558"},"modified":"2012-01-02T17:40:34","modified_gmt":"2012-01-02T17:40:34","slug":"direccion-general-de-embellecimiento-reacondiciona-faro-a-colon","status":"publish","type":"post","link":"https:\/\/diariodominicano.com\/?p=66558","title":{"rendered":"Direcci\u00f3n General de Embellecimiento reacondiciona Faro a Col\u00f3n"},"content":{"rendered":"<p><body><\/p>\n<p><img decoding=\"async\" src=\"img3\/Faro a colon patio.JPG\" \/>  <\/p>\n<p><span class=\"text1noticias\">Santo Domingo, RD,  2 de Enero del 2012.-   La Direcci\u00f3n General de Embellecimiento de Carreteras y Avenidas de Circunvalaci\u00f3n del Pa\u00eds (DIGECAC) desarroll\u00f3 un amplio operativo de limpieza y reacondicionamiento de cada una de las \u00e1reas del Faro a Col\u00f3n, ubicado en el municipio Santo Domingo Este.<\/span><\/p>\n<p><span class=\"text1noticias\">Los trabajos de remozamiento del monumento hist\u00f3rico se llevaron a cabo por instrucciones espec\u00edficas del presidente de la Rep\u00fablica, doctor Leonel Fern\u00e1ndez, y fueron dirigidos personalmente por el director de la DIGECAC, Andr\u00e9s Antonio Henr\u00edquez Polanco.<\/span><\/p>\n<p><span class=\"text1noticias\">El funcionario, tras supervisar las brigadas de obreros, manifest\u00f3 que no escatimaron esfuerzos ni recursos para dejar totalmente remozado este importante monumento que es visitado diariamente por estudiantes y turistas nacionales y extranjeros.<\/span><\/p>\n<p><span class=\"text1noticias\">Explic\u00f3 que en las labores que realizaron los t\u00e9cnicos y obreros al servicio de la entidad que dirige utilizaron maquinarias de \u00faltima generaci\u00f3n en el \u00e1rea de la limpieza, as\u00ed como camiones y otros enseres.<\/span><\/p>\n<p><span class=\"text1noticias\">\u00abTrabajamos arduamente para dejar totalmente reacondicionado este monumento que es un orgullo para los residentes en la parte Este de Santo Domingo y para toda la provincia\u00bb, recalc\u00f3 Henr\u00edquez Polanco.<\/span><\/p>\n<p><span class=\"text1noticias\">De inmediato, vecinos de los sectores circundantes al Faro a Col\u00f3n, se mostraron complacidos con los trabajos de remozamiento, ya que debido a la maleza que exist\u00eda se produc\u00eda una gran cantidad de robos y asaltos.<\/span><\/p>\n<p><span class=\"text1noticias\">Concomitantemente con la labor de limpieza del Faro a Col\u00f3n la DIGECAC est\u00e1  realizando trabajos de rescates de distintas \u00e1reas verdes y reacondicionando de las diferentes avenidas y carreteras en el territorio nacional<\/span>.<\/p>\n<h6> 2012-01-02 17:40:34 <\/h6>\n<p><!--\n<link rel=\"stylesheet\" href=\"css\/bootstrap.min.css\">\n\n\n<ul class=\"pagination\">\n\t    \n\t\n\n<li >\n\t<a href='?page_no=18235'>Previous<\/a>\n\t<\/li>\n\n\n       \n    \n\n<li><a href='?page_no=1'>1<\/a><\/li>\n\n\n\n<li><a href='?page_no=2'>2<\/a><\/li>\n\n\n\n<li><a>...<\/a><\/li>\n\n\n\n<li><a href='?page_no=18234'>18234<\/a><\/li>\n\n\n\n<li><a href='?page_no=18235'>18235<\/a><\/li>\n\n\n\n<li class='active'><a>18236<\/a><\/li>\n\n\n\n<li><a href='?page_no=18237'>18237<\/a><\/li>\n\n\n\n<li><a href='?page_no=18238'>18238<\/a><\/li>\n\n\n\n<li><a>...<\/a><\/li>\n\n\n\n<li><a href='?page_no=22911'>22911<\/a><\/li>\n\n\n\n<li><a href='?page_no=22912'>22912<\/a><\/li>\n\n    \n\t\n\n<li >\n\t<a href='?page_no=18237'>Next<\/a>\n\t<\/li>\n\n\n    \n\n<li><a href='?page_no=22912'>Last &rsaquo;&rsaquo;<\/a><\/li>\n\n<\/ul>\n\n\n--><br \/>\n<\/body><\/p>\n","protected":false},"excerpt":{"rendered":"<p>Santo Domingo, RD, 2 de Enero del 2012.- La Direcci\u00f3n General de Embellecimiento de Carreteras y Avenidas de Circunvalaci\u00f3n del Pa\u00eds (DIGECAC) desarroll\u00f3 un amplio operativo de limpieza y reacondicionamiento de cada una de las \u00e1reas del Faro a Col\u00f3n, ubicado en el municipio Santo Domingo Este. Los trabajos de remozamiento del monumento hist\u00f3rico se [&hellip;]<\/p>\n","protected":false},"author":3,"featured_media":0,"comment_status":"open","ping_status":"open","sticky":false,"template":"","format":"standard","meta":{"footnotes":""},"categories":[21],"tags":[],"class_list":["post-66558","post","type-post","status-publish","format-standard","hentry","category-cultura"],"_links":{"self":[{"href":"https:\/\/diariodominicano.com\/index.php?rest_route=\/wp\/v2\/posts\/66558","targetHints":{"allow":["GET"]}}],"collection":[{"href":"https:\/\/diariodominicano.com\/index.php?rest_route=\/wp\/v2\/posts"}],"about":[{"href":"https:\/\/diariodominicano.com\/index.php?rest_route=\/wp\/v2\/types\/post"}],"author":[{"embeddable":true,"href":"https:\/\/diariodominicano.com\/index.php?rest_route=\/wp\/v2\/users\/3"}],"replies":[{"embeddable":true,"href":"https:\/\/diariodominicano.com\/index.php?rest_route=%2Fwp%2Fv2%2Fcomments&post=66558"}],"version-history":[{"count":0,"href":"https:\/\/diariodominicano.com\/index.php?rest_route=\/wp\/v2\/posts\/66558\/revisions"}],"wp:attachment":[{"href":"https:\/\/diariodominicano.com\/index.php?rest_route=%2Fwp%2Fv2%2Fmedia&parent=66558"}],"wp:term":[{"taxonomy":"category","embeddable":true,"href":"https:\/\/diariodominicano.com\/index.php?rest_route=%2Fwp%2Fv2%2Fcategories&post=66558"},{"taxonomy":"post_tag","embeddable":true,"href":"https:\/\/diariodominicano.com\/index.php?rest_route=%2Fwp%2Fv2%2Ftags&post=66558"}],"curies":[{"name":"wp","href":"https:\/\/api.w.org\/{rel}","templated":true}]}}