{"id":66555,"date":"2012-01-03T20:15:29","date_gmt":"2012-01-03T20:15:29","guid":{"rendered":"http:\/\/diariodominicano.ddns.net\/?p=66555"},"modified":"2012-01-03T20:15:29","modified_gmt":"2012-01-03T20:15:29","slug":"seleccionan-jovenes-representaran-barahona-en-premio-nacional-de-la-juventud-2012","status":"publish","type":"post","link":"https:\/\/diariodominicano.com\/?p=66555","title":{"rendered":"&#13;Seleccionan j\u00f3venes representar\u00e1n Barahona en Premio Nacional de la Juventud 2012&#13;"},"content":{"rendered":"<p><body><\/p>\n<p><img decoding=\"async\" src=\"img3\/juventud.jpg\" \/><br \/><img decoding=\"async\" src=\"img3\/Consejo juventud.jpg\" \/>  <\/p>\n<p><span class=\"text1noticias\">BARAHONA, 03 Ene 2012.- El Consejo Provincial del Premio Nacional de la Juventud, seleccion\u00f3 a diez j\u00f3venes que representar\u00e1n a esta provincia, en el Premio Nacional a celebrarse en el Teatro Nacional el martes 31 de este mes partir de la siete de la noche.<\/span><\/p>\n<p><span class=\"text1noticias\"> <\/span><\/p>\n<p><span class=\"text1noticias\">Los  seleccionados fueron Javier de Jes\u00fas Batista Matos en el regl\u00f3n Aportes a la Preservaci\u00f3n del Medio Ambiente, el doctor Jos\u00e9 Luis F\u00e9liz en Aportes a la Salud, y Emmanuel Ricardo L\u00f3pez Segura en el rengl\u00f3n Aportes a los Derechos Humanos (Ni\u00f1ez y Juventud).<\/span><\/p>\n<p><span class=\"text1noticias\"> <\/span><\/p>\n<p><span class=\"text1noticias\">Tambi\u00e9n fueron escogidos en la categor\u00eda Bienestar Social Roc\u00edo Alboleda F\u00e9liz, en Desarrollo Cultural, Natalia Aurora Suero Alm\u00e1nzar. Ronald Ulises F\u00e9liz Cuevas en el rengl\u00f3n Liderazgo Religioso, y en M\u00e9rito Estudiantil, el joven Eiron L\u00f3pez Cuello.<\/span><\/p>\n<p><span class=\"text1noticias\"> <\/span><\/p>\n<p><span class=\"text1noticias\">Adem\u00e1s Edgar Ricardo Heredia P\u00e9rez fue escogido en el rengl\u00f3n Servicios Sociales Voluntarios a Favor de la Comunidad, Paloma Liliana F\u00e9liz Batista en Servicios y Liderazgo Rural, y en el rengl\u00f3n Superaci\u00f3n y Logros Personales, el doctor Natanael Guti\u00e9rrez P\u00e9rez.<\/span><\/p>\n<p><span class=\"text1noticias\"> <\/span><\/p>\n<p><span class=\"text1noticias\">El Consejo Provincial del Premio Nacional de la Juventud estuvo encabezado por el licenciado Pr\u00f3spero David Ortiz Heredia en representaci\u00f3n del Ministro de la Juventud, licenciado Franklin Rodr\u00edguez, Homasi Matos de la Pastoral Juvenil de la Iglesia Cat\u00f3lica, Ram\u00f3n Alberto L\u00f3pez Ynoa del Ministerio de Educaci\u00f3n.<\/span><\/p>\n<p><span class=\"text1noticias\"> <\/span><\/p>\n<p><span class=\"text1noticias\">Tambi\u00e9n Emma P\u00e9rez de la Gobernaci\u00f3n Provincial, Jos\u00e9 Alberto Lembert por la Asociaci\u00f3n de J\u00f3venes Evang\u00e9licos (AJEC), Augusto Moreta por la Defensa Civil, Bernandino F\u00e9liz F\u00e9liz y Alfonso Castillo por el Ministerio de la Juventud.<\/span><\/p>\n<p><span class=\"text1noticias\"> <\/span><\/p>\n<p><span class=\"text1noticias\"> Ortiz Heredia que represent\u00f3 al  Ministro de la Juventud licenciado Franklin Rodr\u00edguez supervis\u00f3 la actividad aunque no particip\u00f3 en la toma de decisi\u00f3n, o votaci\u00f3n, del Consejo.<\/span><\/p>\n<p><span class=\"text1noticias\"> <\/span><\/p>\n<p><span class=\"text1noticias\">La selecci\u00f3n fue realizada en las oficina  en las oficinas del Ministerio de  de la Juventud ubicada en la gobernaci\u00f3n civil de esta provincia.<\/span><\/p>\n<p><span class=\"text1noticias\"> <\/span><\/p>\n<p><span class=\"text1noticias\"><strong><u>Seis renglones desiertos<\/u><\/strong><\/span><\/p>\n<p><span class=\"text1noticias\"> <\/span><\/p>\n<p><span class=\"text1noticias\">Como en a\u00f1os anteriores esta vez volvi\u00f3 a quedar desierto el rengl\u00f3n Aportes a la Cultura de la Paz al que se present\u00f3 un aspirante pero no llen\u00f3 los requisitos exigidos por el Premio Nacional de la Juventud.<\/span><\/p>\n<p><span class=\"text1noticias\"> <\/span><\/p>\n<p><span class=\"text1noticias\">Los dem\u00e1s renglones que quedaron desiertos fueron Desarrollo y superaci\u00f3n Empresarial en la Comunidad al que no se present\u00f3 ning\u00fan postulante, Joven Dominicano Destacado en el Exterior, M\u00e9ritos Deportivos y Liderazgo Profesional a los que no se presentaron aspirantes, en el rengl\u00f3n Liderazgo Pol\u00edtico hubo un postulante pero no cumpli\u00f3 con los requisitos.<\/span><\/p>\n<\/p>\n<h6> 2012-01-03 20:15:29 <\/h6>\n<p><!--\n<link rel=\"stylesheet\" href=\"css\/bootstrap.min.css\">\n\n\n<ul class=\"pagination\">\n\t    \n\t\n\n<li >\n\t<a href='?page_no=18232'>Previous<\/a>\n\t<\/li>\n\n\n       \n    \n\n<li><a href='?page_no=1'>1<\/a><\/li>\n\n\n\n<li><a href='?page_no=2'>2<\/a><\/li>\n\n\n\n<li><a>...<\/a><\/li>\n\n\n\n<li><a href='?page_no=18231'>18231<\/a><\/li>\n\n\n\n<li><a href='?page_no=18232'>18232<\/a><\/li>\n\n\n\n<li class='active'><a>18233<\/a><\/li>\n\n\n\n<li><a href='?page_no=18234'>18234<\/a><\/li>\n\n\n\n<li><a href='?page_no=18235'>18235<\/a><\/li>\n\n\n\n<li><a>...<\/a><\/li>\n\n\n\n<li><a href='?page_no=22911'>22911<\/a><\/li>\n\n\n\n<li><a href='?page_no=22912'>22912<\/a><\/li>\n\n    \n\t\n\n<li >\n\t<a href='?page_no=18234'>Next<\/a>\n\t<\/li>\n\n\n    \n\n<li><a href='?page_no=22912'>Last &rsaquo;&rsaquo;<\/a><\/li>\n\n<\/ul>\n\n\n--><br \/>\n<\/body><\/p>\n","protected":false},"excerpt":{"rendered":"<p>BARAHONA, 03 Ene 2012.- El Consejo Provincial del Premio Nacional de la Juventud, seleccion\u00f3 a diez j\u00f3venes que representar\u00e1n a esta provincia, en el Premio Nacional a celebrarse en el Teatro Nacional el martes 31 de este mes partir de la siete de la noche. Los seleccionados fueron Javier de Jes\u00fas Batista Matos en el [&hellip;]<\/p>\n","protected":false},"author":3,"featured_media":0,"comment_status":"open","ping_status":"open","sticky":false,"template":"","format":"standard","meta":{"footnotes":""},"categories":[21],"tags":[],"class_list":["post-66555","post","type-post","status-publish","format-standard","hentry","category-cultura"],"_links":{"self":[{"href":"https:\/\/diariodominicano.com\/index.php?rest_route=\/wp\/v2\/posts\/66555","targetHints":{"allow":["GET"]}}],"collection":[{"href":"https:\/\/diariodominicano.com\/index.php?rest_route=\/wp\/v2\/posts"}],"about":[{"href":"https:\/\/diariodominicano.com\/index.php?rest_route=\/wp\/v2\/types\/post"}],"author":[{"embeddable":true,"href":"https:\/\/diariodominicano.com\/index.php?rest_route=\/wp\/v2\/users\/3"}],"replies":[{"embeddable":true,"href":"https:\/\/diariodominicano.com\/index.php?rest_route=%2Fwp%2Fv2%2Fcomments&post=66555"}],"version-history":[{"count":0,"href":"https:\/\/diariodominicano.com\/index.php?rest_route=\/wp\/v2\/posts\/66555\/revisions"}],"wp:attachment":[{"href":"https:\/\/diariodominicano.com\/index.php?rest_route=%2Fwp%2Fv2%2Fmedia&parent=66555"}],"wp:term":[{"taxonomy":"category","embeddable":true,"href":"https:\/\/diariodominicano.com\/index.php?rest_route=%2Fwp%2Fv2%2Fcategories&post=66555"},{"taxonomy":"post_tag","embeddable":true,"href":"https:\/\/diariodominicano.com\/index.php?rest_route=%2Fwp%2Fv2%2Ftags&post=66555"}],"curies":[{"name":"wp","href":"https:\/\/api.w.org\/{rel}","templated":true}]}}