{"id":66552,"date":"2012-01-04T15:34:55","date_gmt":"2012-01-04T15:34:55","guid":{"rendered":"http:\/\/diariodominicano.ddns.net\/?p=66552"},"modified":"2012-01-04T15:34:55","modified_gmt":"2012-01-04T15:34:55","slug":"trabajo-mas-de-35-anos-para-disney","status":"publish","type":"post","link":"https:\/\/diariodominicano.com\/?p=66552","title":{"rendered":"Trabaj\u00f3 m\u00e1s de 35 a\u00f1os para Disney"},"content":{"rendered":"<p><body><\/p>\n<p><span class=\"text1noticias\">Santiago de Chile, 4 enero.- El dibujante chileno V\u00edctor Arriagada R\u00edos, que desde los a\u00f1os 70 ilustr\u00f3 para el mercado europeo las historietas del Pato Donald, muri\u00f3 este martes en Santiago, a los 77 a\u00f1os, a causa de una leucemia, inform\u00f3 hoy su familia.<\/span><\/p>\n<\/p>\n<p><span class=\"text1noticias\">\u00abVicar\u00bb, como firmaba sus trabajos, naci\u00f3 en Santiago en 1934 y, seg\u00fan sus colegas, nunca dej\u00f3 de dibujar pese a los dolores que le provocaba su enfermedad, destacaron sus familiares.<\/span><\/p>\n<\/p>\n<p><span class=\"text1noticias\">En los a\u00f1os 60 del siglo pasado, Arriagada se radic\u00f3 en Barcelona, donde trabaj\u00f3 para importantes revistas espa\u00f1olas de humor, hasta que unos a\u00f1os despu\u00e9s fue contactado para dibujar al Pato Donald para el mercado alem\u00e1n y escandinavo, lo que continu\u00f3 haciendo hasta su deceso.<\/span><\/p>\n<\/p>\n<p><span class=\"text1noticias\">Trabaj\u00f3 durante m\u00e1s de 35 a\u00f1os para Disney y hasta el propio Carl Barks, creador del personaje, lo destac\u00f3 como el mejor dibujante del Pato Donald.<\/span><\/p>\n<\/p>\n<p><span class=\"text1noticias\">En 2007 fue invitado a participar en un homenaje mundial a Uderzo, en el que hizo viajar a Donald al mundo de Asterix.<\/span><\/p>\n<\/p>\n<p><span class=\"text1noticias\">\u00abSin duda, fue el que mejor dibuj\u00f3 al pato (Donald), yo lo ayud\u00e9 un tiempo, pero no segu\u00ed porque era muy complejo, muy acad\u00e9mico\u00bb, coment\u00f3 a la prensa local el tambi\u00e9n dibujante chileno Hern\u00e1n Vidal (Hervi).<\/span><\/p>\n<\/p>\n<p><span class=\"text1noticias\">En Chile se hizo conocido como colaborador de las desaparecidas revistas Mampato y El Ping\u00faino y como autor de \u00abEl Huaso Ram\u00f3n\u00bb, un popular personaje que cre\u00f3 durante su estancia en Espa\u00f1a.<\/span><\/p>\n<\/p>\n<p><span class=\"text1noticias\">La semana pasada cen\u00f3 con algunos amigos, entre ellos el tambi\u00e9n dibujante Carlos Gonz\u00e1lez (Charles), quien record\u00f3 que al d\u00eda siguiente, el hijo de Arriagada le cont\u00f3 \u00abque estaba desahuciado\u00bb y luego \u00e9l mismo le pidi\u00f3 \u00abque rezara por \u00e9l\u00bb.<\/span><\/p>\n<\/p>\n<p><span class=\"text1noticias\">\u00abVicar combinaba el dibujo y el humor de forma muy talentosa\u00bb, coment\u00f3 otro de sus amigos, el dibujante Percy Eaglehurst (Percy).<\/span><\/p>\n<\/p>\n<p><span class=\"text1noticias\">El a\u00f1o pasado, la Corporaci\u00f3n Cultural del municipio santiaguino de Las Condes mont\u00f3 una exposici\u00f3n que recorri\u00f3 toda su trayectoria.<\/span><\/p>\n<\/p>\n<p><span class=\"text1noticias\">La muestra \u00abfue como una inyecci\u00f3n de vida para \u00e9l. Sigui\u00f3 dibujando hasta el final, siempre muy l\u00facido. Pero ya no resist\u00eda los dolores. Estamos tristes, pero sabemos que est\u00e1 descansando\u00bb, se\u00f1al\u00f3 su hermano, Fernando Arriagada<\/span>.<\/p>\n<\/p>\n<\/p>\n<h6> 2012-01-04 15:34:55 <\/h6>\n<p><!--\n<link rel=\"stylesheet\" href=\"css\/bootstrap.min.css\">\n\n\n<ul class=\"pagination\">\n\t    \n\t\n\n<li >\n\t<a href='?page_no=18229'>Previous<\/a>\n\t<\/li>\n\n\n       \n    \n\n<li><a href='?page_no=1'>1<\/a><\/li>\n\n\n\n<li><a href='?page_no=2'>2<\/a><\/li>\n\n\n\n<li><a>...<\/a><\/li>\n\n\n\n<li><a href='?page_no=18228'>18228<\/a><\/li>\n\n\n\n<li><a href='?page_no=18229'>18229<\/a><\/li>\n\n\n\n<li class='active'><a>18230<\/a><\/li>\n\n\n\n<li><a href='?page_no=18231'>18231<\/a><\/li>\n\n\n\n<li><a href='?page_no=18232'>18232<\/a><\/li>\n\n\n\n<li><a>...<\/a><\/li>\n\n\n\n<li><a href='?page_no=22911'>22911<\/a><\/li>\n\n\n\n<li><a href='?page_no=22912'>22912<\/a><\/li>\n\n    \n\t\n\n<li >\n\t<a href='?page_no=18231'>Next<\/a>\n\t<\/li>\n\n\n    \n\n<li><a href='?page_no=22912'>Last &rsaquo;&rsaquo;<\/a><\/li>\n\n<\/ul>\n\n\n--><br \/>\n<\/body><\/p>\n","protected":false},"excerpt":{"rendered":"<p>Santiago de Chile, 4 enero.- El dibujante chileno V\u00edctor Arriagada R\u00edos, que desde los a\u00f1os 70 ilustr\u00f3 para el mercado europeo las historietas del Pato Donald, muri\u00f3 este martes en Santiago, a los 77 a\u00f1os, a causa de una leucemia, inform\u00f3 hoy su familia. \u00abVicar\u00bb, como firmaba sus trabajos, naci\u00f3 en Santiago en 1934 y, [&hellip;]<\/p>\n","protected":false},"author":3,"featured_media":0,"comment_status":"open","ping_status":"open","sticky":false,"template":"","format":"standard","meta":{"footnotes":""},"categories":[21],"tags":[],"class_list":["post-66552","post","type-post","status-publish","format-standard","hentry","category-cultura"],"_links":{"self":[{"href":"https:\/\/diariodominicano.com\/index.php?rest_route=\/wp\/v2\/posts\/66552","targetHints":{"allow":["GET"]}}],"collection":[{"href":"https:\/\/diariodominicano.com\/index.php?rest_route=\/wp\/v2\/posts"}],"about":[{"href":"https:\/\/diariodominicano.com\/index.php?rest_route=\/wp\/v2\/types\/post"}],"author":[{"embeddable":true,"href":"https:\/\/diariodominicano.com\/index.php?rest_route=\/wp\/v2\/users\/3"}],"replies":[{"embeddable":true,"href":"https:\/\/diariodominicano.com\/index.php?rest_route=%2Fwp%2Fv2%2Fcomments&post=66552"}],"version-history":[{"count":0,"href":"https:\/\/diariodominicano.com\/index.php?rest_route=\/wp\/v2\/posts\/66552\/revisions"}],"wp:attachment":[{"href":"https:\/\/diariodominicano.com\/index.php?rest_route=%2Fwp%2Fv2%2Fmedia&parent=66552"}],"wp:term":[{"taxonomy":"category","embeddable":true,"href":"https:\/\/diariodominicano.com\/index.php?rest_route=%2Fwp%2Fv2%2Fcategories&post=66552"},{"taxonomy":"post_tag","embeddable":true,"href":"https:\/\/diariodominicano.com\/index.php?rest_route=%2Fwp%2Fv2%2Ftags&post=66552"}],"curies":[{"name":"wp","href":"https:\/\/api.w.org\/{rel}","templated":true}]}}