{"id":66550,"date":"2012-01-04T15:41:29","date_gmt":"2012-01-04T15:41:29","guid":{"rendered":"http:\/\/diariodominicano.ddns.net\/?p=66550"},"modified":"2012-01-04T15:41:29","modified_gmt":"2012-01-04T15:41:29","slug":"el-jurado-de-los-premios-rey-de-espana-se-reune-la-proxima-semana-en-madrid","status":"publish","type":"post","link":"https:\/\/diariodominicano.com\/?p=66550","title":{"rendered":"El jurado de los Premios Rey de Espa\u00f1a se re\u00fane la pr\u00f3xima semana en Madrid"},"content":{"rendered":"<p><body><\/p>\n<p><span class=\"text1noticias\">Madrid, Espa\u00f1a 4 enero &#8211; El jurado de los Premios Internacionales de Periodismo Rey de Espa\u00f1a se reunir\u00e1 la pr\u00f3xima semana en Madrid para elegir a los ganadores de la XXIX edici\u00f3n de estos galardones, a los que concurren 176 aspirantes de una veintena de pa\u00edses.<\/span><\/p>\n<\/p>\n<p><span class=\"text1noticias\">La convocatoria incluye la octava edici\u00f3n del Premio Don Quijote al trabajo period\u00edstico mejor escrito en espa\u00f1ol.<\/span><\/p>\n<\/p>\n<p><span class=\"text1noticias\">Un total de 176 trabajos compiten en las categor\u00edas de Prensa (70), Televisi\u00f3n (40), Radio (28), Fotograf\u00eda (18) y Periodismo Digital (20).<\/span><\/p>\n<\/p>\n<p><span class=\"text1noticias\">Un a\u00f1o m\u00e1s, Brasil es el pa\u00eds que presenta un mayor n\u00famero de aspirantes, 52 en total, la mayor\u00eda (26) en la categor\u00eda de Prensa.<\/span><\/p>\n<\/p>\n<p><span class=\"text1noticias\">Le siguen Colombia, con 34 trabajos; Argentina, con 23; M\u00e9xico, con 17 y Espa\u00f1a con 15.<\/span><\/p>\n<\/p>\n<p><span class=\"text1noticias\">Tambi\u00e9n compiten trabajos procedentes de Cuba (9), Venezuela (5), Bolivia y Portugal (4); Ecuador (3), Costa Rica y Nicaragua (2), y con uno, respectivamente, El Salvador, Guatemala, Filipinas, Paraguay, Per\u00fa y Uruguay.<\/span><\/p>\n<\/p>\n<p><span class=\"text1noticias\">El jurado, que comenzar\u00e1 sus deliberaciones el martes 10 de enero, estar\u00e1 encabezado por un representante del Ministerio de Asuntos Exteriores espa\u00f1ol, con \u00c1lex Grijelmo, presidente de la Agencia Efe, como vicepresidente.<\/span><\/p>\n<\/p>\n<p><span class=\"text1noticias\">Forman parte del mismo C\u00e9sar Medina Abreu, embajador dominicano en Espa\u00f1a desde 2009, con una amplia trayectoria anterior en el campo de la televisi\u00f3n y de la prensa escrita en la Rep\u00fablica Dominicana; y la periodista peruana Yolanda Vaccaro, corresponsal en Madrid desde 1992 del diario El Comercio de Per\u00fa.<\/span><\/p>\n<\/p>\n<p><span class=\"text1noticias\">Lo completan, Pedro Crespo de Lara, fundador y ex secretario general ejecutivo de la Asociaci\u00f3n de Editores de Diarios Espa\u00f1oles (AEDE); la periodista y escritora espa\u00f1ola Gabriela Ca\u00f1as, editorialista del diario El Pa\u00eds; y Ana Vaca de Osma, directora de Comunicaci\u00f3n y relaciones Externas de la Agencia<\/span>.<\/p>\n<\/p>\n<\/p>\n<h6> 2012-01-04 15:41:29 <\/h6>\n<p><!--\n<link rel=\"stylesheet\" href=\"css\/bootstrap.min.css\">\n\n\n<ul class=\"pagination\">\n\t    \n\t\n\n<li >\n\t<a href='?page_no=18227'>Previous<\/a>\n\t<\/li>\n\n\n       \n    \n\n<li><a href='?page_no=1'>1<\/a><\/li>\n\n\n\n<li><a href='?page_no=2'>2<\/a><\/li>\n\n\n\n<li><a>...<\/a><\/li>\n\n\n\n<li><a href='?page_no=18226'>18226<\/a><\/li>\n\n\n\n<li><a href='?page_no=18227'>18227<\/a><\/li>\n\n\n\n<li class='active'><a>18228<\/a><\/li>\n\n\n\n<li><a href='?page_no=18229'>18229<\/a><\/li>\n\n\n\n<li><a href='?page_no=18230'>18230<\/a><\/li>\n\n\n\n<li><a>...<\/a><\/li>\n\n\n\n<li><a href='?page_no=22911'>22911<\/a><\/li>\n\n\n\n<li><a href='?page_no=22912'>22912<\/a><\/li>\n\n    \n\t\n\n<li >\n\t<a href='?page_no=18229'>Next<\/a>\n\t<\/li>\n\n\n    \n\n<li><a href='?page_no=22912'>Last &rsaquo;&rsaquo;<\/a><\/li>\n\n<\/ul>\n\n\n--><br \/>\n<\/body><\/p>\n","protected":false},"excerpt":{"rendered":"<p>Madrid, Espa\u00f1a 4 enero &#8211; El jurado de los Premios Internacionales de Periodismo Rey de Espa\u00f1a se reunir\u00e1 la pr\u00f3xima semana en Madrid para elegir a los ganadores de la XXIX edici\u00f3n de estos galardones, a los que concurren 176 aspirantes de una veintena de pa\u00edses. La convocatoria incluye la octava edici\u00f3n del Premio Don [&hellip;]<\/p>\n","protected":false},"author":3,"featured_media":0,"comment_status":"open","ping_status":"open","sticky":false,"template":"","format":"standard","meta":{"footnotes":""},"categories":[21],"tags":[],"class_list":["post-66550","post","type-post","status-publish","format-standard","hentry","category-cultura"],"_links":{"self":[{"href":"https:\/\/diariodominicano.com\/index.php?rest_route=\/wp\/v2\/posts\/66550","targetHints":{"allow":["GET"]}}],"collection":[{"href":"https:\/\/diariodominicano.com\/index.php?rest_route=\/wp\/v2\/posts"}],"about":[{"href":"https:\/\/diariodominicano.com\/index.php?rest_route=\/wp\/v2\/types\/post"}],"author":[{"embeddable":true,"href":"https:\/\/diariodominicano.com\/index.php?rest_route=\/wp\/v2\/users\/3"}],"replies":[{"embeddable":true,"href":"https:\/\/diariodominicano.com\/index.php?rest_route=%2Fwp%2Fv2%2Fcomments&post=66550"}],"version-history":[{"count":0,"href":"https:\/\/diariodominicano.com\/index.php?rest_route=\/wp\/v2\/posts\/66550\/revisions"}],"wp:attachment":[{"href":"https:\/\/diariodominicano.com\/index.php?rest_route=%2Fwp%2Fv2%2Fmedia&parent=66550"}],"wp:term":[{"taxonomy":"category","embeddable":true,"href":"https:\/\/diariodominicano.com\/index.php?rest_route=%2Fwp%2Fv2%2Fcategories&post=66550"},{"taxonomy":"post_tag","embeddable":true,"href":"https:\/\/diariodominicano.com\/index.php?rest_route=%2Fwp%2Fv2%2Ftags&post=66550"}],"curies":[{"name":"wp","href":"https:\/\/api.w.org\/{rel}","templated":true}]}}