{"id":665499,"date":"2026-02-16T02:22:54","date_gmt":"2026-02-16T06:22:54","guid":{"rendered":"https:\/\/diariodominicano.com\/?p=665499"},"modified":"2026-02-16T02:35:01","modified_gmt":"2026-02-16T06:35:01","slug":"refidomsa-dona-obra-de-minerva-mirabal-a-museo-hermanas-mirabal","status":"publish","type":"post","link":"https:\/\/diariodominicano.com\/?p=665499","title":{"rendered":"Refidomsa dona obra de Minerva Mirabal a museo Hermanas Mirabal\u00a0"},"content":{"rendered":"\n<p>El presidente del Consejo de Administraci\u00f3n de la Refiner\u00eda Dominicana de Petr\u00f3leo (Refidomsa), Samuel Pereyra, don\u00f3 el pasado jueves una pintura de la hero\u00edna Minerva Mirabal a la Fundaci\u00f3n Museo Hermanas Mirabal en Ojo de Agua, Salcedo.<\/p>\n\n\n\n<p>La obra, titulada \u201cBodeg\u00f3n\u201d, realizada por Minerva Mirabal en 1949 y regalada por su autora a una amiga de infancia, viaj\u00f3 a Madrid y posteriormente a Nueva York, para luego regresar a Santiago durante la pandemia del COVID-19 en 2020. M\u00e1s adelante fue localizada por amigos de la familia Mirabal y adquirida por Pereyra para su restauraci\u00f3n y posterior donaci\u00f3n al museo.<\/p>\n\n\n\n<figure class=\"wp-block-gallery has-nested-images columns-default is-cropped wp-block-gallery-1 is-layout-flex wp-block-gallery-is-layout-flex\">\n<figure class=\"wp-block-image size-large\"><img loading=\"lazy\" decoding=\"async\" width=\"576\" height=\"1024\" data-id=\"665507\" src=\"https:\/\/diariodominicano.com\/wp-content\/uploads\/2026\/02\/Samuel-Pereyra-y-Minou-Tavarez-576x1024.jpg\" alt=\"\" class=\"wp-image-665507\" srcset=\"https:\/\/diariodominicano.com\/wp-content\/uploads\/2026\/02\/Samuel-Pereyra-y-Minou-Tavarez-576x1024.jpg 576w, https:\/\/diariodominicano.com\/wp-content\/uploads\/2026\/02\/Samuel-Pereyra-y-Minou-Tavarez-169x300.jpg 169w, https:\/\/diariodominicano.com\/wp-content\/uploads\/2026\/02\/Samuel-Pereyra-y-Minou-Tavarez-768x1365.jpg 768w, https:\/\/diariodominicano.com\/wp-content\/uploads\/2026\/02\/Samuel-Pereyra-y-Minou-Tavarez-864x1536.jpg 864w, https:\/\/diariodominicano.com\/wp-content\/uploads\/2026\/02\/Samuel-Pereyra-y-Minou-Tavarez-1152x2048.jpg 1152w, https:\/\/diariodominicano.com\/wp-content\/uploads\/2026\/02\/Samuel-Pereyra-y-Minou-Tavarez-816x1450.jpg 816w, https:\/\/diariodominicano.com\/wp-content\/uploads\/2026\/02\/Samuel-Pereyra-y-Minou-Tavarez.jpg 1200w\" sizes=\"auto, (max-width: 576px) 100vw, 576px\" \/><figcaption class=\"wp-element-caption\">Samuel Pereyra, junto a Minou Tavarez Mirabal, durante la develaci\u00f3n de la obra \u201cBodeg\u00f3n\u201d, realizada en 1949 por Minerva Mirabal, donada al Museo Hermanas Mirabal en Ojo de Agua, Salcedo <\/figcaption><\/figure>\n<\/figure>\n\n\n\n<p>En un acto emotivo y de gran significaci\u00f3n hist\u00f3rica, la obra fue develada en presencia del personal directivo de la fundaci\u00f3n museo; autoridades provinciales, entre ellas la senadora Mercedes Ortiz (Mecho); miembros de la familia Mirabal y de la fundaci\u00f3n, incluyendo a Jaime David Fern\u00e1ndez Mirabal; ejecutivos de Refidomsa; Wilson Rodr\u00edguez, miembro del Consejo de Administraci\u00f3n; Rafael Cabrera, coordinador del Consejo Administrativo; Luis Mi\u00f1oso, director de Comunicaciones; as\u00ed como gestores culturales y representantes de la prensa local.<\/p>\n\n\n\n<p>El reconocido cr\u00edtico de arte Abil Peralta Ag\u00fcero realiz\u00f3 la autenticaci\u00f3n y curadur\u00eda de la pieza, informando que la restauraci\u00f3n estuvo a cargo del destacado artista peruano Antonio Gonz\u00e1lez Duche.<\/p>\n\n\n\n<figure class=\"wp-block-gallery has-nested-images columns-default is-cropped wp-block-gallery-2 is-layout-flex wp-block-gallery-is-layout-flex\">\n<figure class=\"wp-block-image size-large\"><img loading=\"lazy\" decoding=\"async\" width=\"576\" height=\"1024\" data-id=\"665505\" src=\"https:\/\/diariodominicano.com\/wp-content\/uploads\/2026\/02\/Obra-Bodegon-576x1024.jpg\" alt=\"\" class=\"wp-image-665505\" srcset=\"https:\/\/diariodominicano.com\/wp-content\/uploads\/2026\/02\/Obra-Bodegon-576x1024.jpg 576w, https:\/\/diariodominicano.com\/wp-content\/uploads\/2026\/02\/Obra-Bodegon-169x300.jpg 169w, https:\/\/diariodominicano.com\/wp-content\/uploads\/2026\/02\/Obra-Bodegon.jpg 720w\" sizes=\"auto, (max-width: 576px) 100vw, 576px\" \/><figcaption class=\"wp-element-caption\">La obra \u201cBodeg\u00f3n\u201d, realizada en 1949 por Minerva Mirabal, tras su proceso de restauraci\u00f3n y antes de su incorporaci\u00f3n permanente al Museo Hermanas Mirabal, en Ojo de Agua, Salcedo <\/figcaption><\/figure>\n<\/figure>\n\n\n\n<p>En su intervenci\u00f3n, el se\u00f1or Abil Peralta destac\u00f3 las cualidades intelectuales de Minerva Mirabal y su incursi\u00f3n en la literatura nacional en el g\u00e9nero epistolar, as\u00ed como en el arte, donde cre\u00f3 unas 18 obras pl\u00e1sticas y varias esculturas, incluso desde la c\u00e1rcel. Peralta Ag\u00fcero describi\u00f3 la donaci\u00f3n de Samuel Pereyra como \u201cun rescate a la memoria hist\u00f3rica de las mariposas dominicanas\u201d.<\/p>\n\n\n\n<p>De su parte, el presidente del Consejo de Administraci\u00f3n de Refidomsa, Samuel Pereyra, con ra\u00edces familiares en la provincia Hermanas Mirabal, ponder\u00f3 como \u201cinmensa\u201d la memoria de Patria Mirabal, Minerva Mirabal y Mar\u00eda Teresa Mirabal, exhortando a todos los j\u00f3venes dominicanos a visitar el museo y sentir la presencia de las hero\u00ednas.<\/p>\n\n\n\n<p>Pereyra dijo que \u201ces un honor contribuir con la adquisici\u00f3n y donaci\u00f3n de un producto cultural fruto del esfuerzo art\u00edstico de Minerva Mirabal; todo lo que podamos hacer como ciudadanos es poco para preservar el patrimonio cultural de nuestras mariposas de la libertad\u201d.<\/p>\n\n\n\n<p>El acto de donaci\u00f3n concluy\u00f3 con las palabras de Manolo Tavares Mirabal, quien agradeci\u00f3 a Pereyra la donaci\u00f3n de la obra y, en nombre de la familia, mostr\u00f3 su complacencia por la actividad.<\/p>\n\n\n\n<p>La actividad de donaci\u00f3n y develaci\u00f3n de la obra estuvo presidida por una visita guiada a cargo de Minou Tavarez Mirabal y emotivos momentos durante el recorrido, observando la colecci\u00f3n del museo donde se exhiben piezas personales, muebles, fotograf\u00edas, ropas, libros y otras pertenencias de Patria, Minerva y Mar\u00eda Teresa Mirabal.<\/p>\n\n\n\n<p><strong><em>Direcci\u00f3n de Comunicaciones<\/em><\/strong><em>&nbsp;<\/em><\/p>\n\n\n\n<p><em>Comunicaciones &lt;<\/em><a href=\"mailto:Comunicaciones@refidomsa.com.do\"><em>Comunicaciones@refidomsa.com.do<\/em><\/a><em>&gt;&nbsp;<\/em><\/p>\n","protected":false},"excerpt":{"rendered":"<p>El presidente del Consejo de Administraci\u00f3n de la Refiner\u00eda Dominicana de Petr\u00f3leo (Refidomsa), Samuel Pereyra, don\u00f3 el pasado jueves una pintura de la hero\u00edna Minerva Mirabal a la Fundaci\u00f3n Museo Hermanas Mirabal en Ojo de Agua, Salcedo. La obra, titulada \u201cBodeg\u00f3n\u201d, realizada por Minerva Mirabal en 1949 y regalada por su autora a una amiga [&hellip;]<\/p>\n","protected":false},"author":7,"featured_media":665506,"comment_status":"closed","ping_status":"closed","sticky":false,"template":"","format":"standard","meta":{"footnotes":""},"categories":[21],"tags":[3539,4568,3125],"class_list":["post-665499","post","type-post","status-publish","format-standard","has-post-thumbnail","hentry","category-cultura","tag-hermanas-mirabal","tag-minerva-mirabal","tag-refidomsa"],"_links":{"self":[{"href":"https:\/\/diariodominicano.com\/index.php?rest_route=\/wp\/v2\/posts\/665499","targetHints":{"allow":["GET"]}}],"collection":[{"href":"https:\/\/diariodominicano.com\/index.php?rest_route=\/wp\/v2\/posts"}],"about":[{"href":"https:\/\/diariodominicano.com\/index.php?rest_route=\/wp\/v2\/types\/post"}],"author":[{"embeddable":true,"href":"https:\/\/diariodominicano.com\/index.php?rest_route=\/wp\/v2\/users\/7"}],"replies":[{"embeddable":true,"href":"https:\/\/diariodominicano.com\/index.php?rest_route=%2Fwp%2Fv2%2Fcomments&post=665499"}],"version-history":[{"count":1,"href":"https:\/\/diariodominicano.com\/index.php?rest_route=\/wp\/v2\/posts\/665499\/revisions"}],"predecessor-version":[{"id":665559,"href":"https:\/\/diariodominicano.com\/index.php?rest_route=\/wp\/v2\/posts\/665499\/revisions\/665559"}],"wp:featuredmedia":[{"embeddable":true,"href":"https:\/\/diariodominicano.com\/index.php?rest_route=\/wp\/v2\/media\/665506"}],"wp:attachment":[{"href":"https:\/\/diariodominicano.com\/index.php?rest_route=%2Fwp%2Fv2%2Fmedia&parent=665499"}],"wp:term":[{"taxonomy":"category","embeddable":true,"href":"https:\/\/diariodominicano.com\/index.php?rest_route=%2Fwp%2Fv2%2Fcategories&post=665499"},{"taxonomy":"post_tag","embeddable":true,"href":"https:\/\/diariodominicano.com\/index.php?rest_route=%2Fwp%2Fv2%2Ftags&post=665499"}],"curies":[{"name":"wp","href":"https:\/\/api.w.org\/{rel}","templated":true}]}}