{"id":665492,"date":"2026-02-15T15:46:04","date_gmt":"2026-02-15T19:46:04","guid":{"rendered":"https:\/\/diariodominicano.com\/?p=665492"},"modified":"2026-02-16T02:54:00","modified_gmt":"2026-02-16T06:54:00","slug":"agradece-cuba-condena-de-union-africana-a-bloqueo-de-estados-unidos-cobertura-ampliada","status":"publish","type":"post","link":"https:\/\/diariodominicano.com\/?p=665492","title":{"rendered":"Agradece Cuba condena de Uni\u00f3n Africana a bloqueo de Estados Unidos (+Cobertura Ampliada)"},"content":{"rendered":"\n<p>La Habana, 15 feb (Prensa Latina) El ministro de Relaciones Exteriores de Cuba, Bruno Rodr\u00edguez, agradeci\u00f3 hoy la oposici\u00f3n de los pa\u00edses miembros de la Uni\u00f3n Africana al bloqueo econ\u00f3mico del gobierno de Estados Unidos contra la naci\u00f3n caribe\u00f1a.<\/p>\n\n\n\n<p><a href=\"https:\/\/www.prensa-latina.cu\/2026\/02\/15\/\"><time>febrero 15, 2026 | 13:57<\/time><\/a> <\/p>\n\n\n\n<p>\u00abTrasladamos un profundo agradecimiento a los jefes de Estado y Gobierno africanos por adoptar su resoluci\u00f3n de condena del bloqueo de EEUU y contra la inclusi\u00f3n de Cuba en la lista espuria de Estados patrocinadores del terrorismo\u00bb, expres\u00f3 el jefe de la diplomacia cubana en X.<\/p>\n\n\n\n<p>\u00abGracias por esa muestra de solidaridad, tras la orden ejecutiva que busca bloquear nuestros suministros petroleros y asfixiar a todo el pueblo cubano\u00bb, precis\u00f3 el Canciller en la propia plataforma.<\/p>\n\n\n\n<p>Seg\u00fan inform\u00f3 la Canciller\u00eda de la isla, \u00abpor decimos\u00e9ptima ocasi\u00f3n consecutiva, la Asamblea de Jefes de Estado y de Gobierno de la Uni\u00f3n Africana aprob\u00f3 una resoluci\u00f3n que condena el bloqueo econ\u00f3mico, comercial y financiero impuesto por el gobierno de EEUU contra Cuba\u00bb.<\/p>\n\n\n\n<p>En el documento adoptado aparece, como en dos oportunidades anteriores, \u00abel llamado expl\u00edcito del organismo africano a retirar a Cuba de la unilateral e injustificada lista de pa\u00edses que supuestamente patrocinan el terrorismo, subrayando el car\u00e1cter arbitrario de dicha designaci\u00f3n\u00bb.<\/p>\n\n\n\n<p>La notificaci\u00f3n oficial, adem\u00e1s, asegura que los \u00abl\u00edderes africanos expresaron su preocupaci\u00f3n por el recrudecimiento de los efectos negativos del bloqueo, especialmente en el contexto actual, cuando Cuba a\u00fan enfrenta importantes desaf\u00edos econ\u00f3micos y sociales derivados de la pandemia de Covid-19\u00bb.<\/p>\n\n\n\n<p>Denunciaron, asimismo, \u00abel alcance extraterritorial de esta pol\u00edtica, incluida la aplicaci\u00f3n del T\u00edtulo III de la Ley Helms-Burton, que refuerza las restricciones y ampl\u00eda sus consecuencias m\u00e1s all\u00e1 de las fronteras estadounidenses\u00bb.<\/p>\n\n\n\n<p>Una vez m\u00e1s, se\u00f1ala el texto, \u00abla resoluci\u00f3n reafirma los profundos lazos hist\u00f3ricos, pol\u00edticos y de solidaridad que unen a los pueblos de \u00c1frica y Cuba, y constituye una clara expresi\u00f3n del respaldo africano a la eliminaci\u00f3n de esta pol\u00edtica que consideran injusta, ilegal y contraria a los principios del derecho internacional y la soberan\u00eda de los Estados\u00bb.<\/p>\n\n\n\n<p>rgh\/raj<\/p>\n\n\n\n<ul class=\"wp-block-list\">\n<li>#<a href=\"https:\/\/www.prensa-latina.cu\/etiqueta\/bloqueo\/\">bloqueo<\/a>&nbsp;#<a href=\"https:\/\/www.prensa-latina.cu\/etiqueta\/cuba\/\">cuba<\/a>&nbsp;#<a href=\"https:\/\/www.prensa-latina.cu\/etiqueta\/estadosunidos\/\">EstadosUNidos<\/a>&nbsp;#<a href=\"https:\/\/www.prensa-latina.cu\/etiqueta\/unionafricana-2\/\">uni\u00f3nafricana<\/a><\/li>\n<\/ul>\n","protected":false},"excerpt":{"rendered":"<p>La Habana, 15 feb (Prensa Latina) El ministro de Relaciones Exteriores de Cuba, Bruno Rodr\u00edguez, agradeci\u00f3 hoy la oposici\u00f3n de los pa\u00edses miembros de la Uni\u00f3n Africana al bloqueo econ\u00f3mico del gobierno de Estados Unidos contra la naci\u00f3n caribe\u00f1a. febrero 15, 2026 | 13:57 \u00abTrasladamos un profundo agradecimiento a los jefes de Estado y Gobierno [&hellip;]<\/p>\n","protected":false},"author":2,"featured_media":665574,"comment_status":"open","ping_status":"closed","sticky":false,"template":"","format":"standard","meta":{"footnotes":""},"categories":[23],"tags":[3100,3708,4479],"class_list":["post-665492","post","type-post","status-publish","format-standard","has-post-thumbnail","hentry","category-internacional","tag-cuba","tag-ee-uu-2","tag-union-africana"],"_links":{"self":[{"href":"https:\/\/diariodominicano.com\/index.php?rest_route=\/wp\/v2\/posts\/665492","targetHints":{"allow":["GET"]}}],"collection":[{"href":"https:\/\/diariodominicano.com\/index.php?rest_route=\/wp\/v2\/posts"}],"about":[{"href":"https:\/\/diariodominicano.com\/index.php?rest_route=\/wp\/v2\/types\/post"}],"author":[{"embeddable":true,"href":"https:\/\/diariodominicano.com\/index.php?rest_route=\/wp\/v2\/users\/2"}],"replies":[{"embeddable":true,"href":"https:\/\/diariodominicano.com\/index.php?rest_route=%2Fwp%2Fv2%2Fcomments&post=665492"}],"version-history":[{"count":3,"href":"https:\/\/diariodominicano.com\/index.php?rest_route=\/wp\/v2\/posts\/665492\/revisions"}],"predecessor-version":[{"id":665577,"href":"https:\/\/diariodominicano.com\/index.php?rest_route=\/wp\/v2\/posts\/665492\/revisions\/665577"}],"wp:featuredmedia":[{"embeddable":true,"href":"https:\/\/diariodominicano.com\/index.php?rest_route=\/wp\/v2\/media\/665574"}],"wp:attachment":[{"href":"https:\/\/diariodominicano.com\/index.php?rest_route=%2Fwp%2Fv2%2Fmedia&parent=665492"}],"wp:term":[{"taxonomy":"category","embeddable":true,"href":"https:\/\/diariodominicano.com\/index.php?rest_route=%2Fwp%2Fv2%2Fcategories&post=665492"},{"taxonomy":"post_tag","embeddable":true,"href":"https:\/\/diariodominicano.com\/index.php?rest_route=%2Fwp%2Fv2%2Ftags&post=665492"}],"curies":[{"name":"wp","href":"https:\/\/api.w.org\/{rel}","templated":true}]}}