{"id":66547,"date":"2012-01-04T16:26:36","date_gmt":"2012-01-04T16:26:36","guid":{"rendered":"http:\/\/diariodominicano.ddns.net\/?p=66547"},"modified":"2012-01-04T16:26:36","modified_gmt":"2012-01-04T16:26:36","slug":"expertos-de-tres-continentes-en-foro-cubano-sobre-afrodescendientes","status":"publish","type":"post","link":"https:\/\/diariodominicano.com\/?p=66547","title":{"rendered":"Expertos de tres continentes, en foro cubano sobre afrodescendientes"},"content":{"rendered":"<p><body><\/p>\n<p><span class=\"text1noticias\">La Habana, 4 ene (PL) Acad\u00e9micos, investigadores y artistas de Espa\u00f1a, Venezuela, Argentina, Brasil, M\u00e9xico, Guinea Ecuatorial, Portugal y Cuba iniciar\u00e1n hoy aqu\u00ed el XVI Taller Cient\u00edfico de Antropolog\u00eda Social y Cultural Afroamericana y del V Encuentro de Oralidad Festival Afropalabra.<\/span><\/p>\n<\/p>\n<p><span class=\"text1noticias\">  Ambos eventos tendr\u00e1n su sede principal en la Casa de \u00c1frica -perteneciente a la Oficina del Historiador de la Ciudad de La Habana (OHC)-, hasta el pr\u00f3ximo 7 de enero.<\/span><\/p>\n<\/p>\n<p><span class=\"text1noticias\">Los dos foros estimular\u00e1n la reflexi\u00f3n acerca de temas como cultura e identidad, la di\u00e1spora africana, resistencia y cimarronaje, oralidad, antropolog\u00eda visual, religiosidad y el papel de los museos en la comunidad.<\/span><\/p>\n<\/p>\n<p><span class=\"text1noticias\">En la jornada inaugural, el Historiador de La Habana, Eusebio Leal Spengler, dictar\u00e1 una conferencia magistral con motivo del 26 aniversario de la fundaci\u00f3n de la Casa de \u00c1frica y, m\u00e1s tarde, Herman van Hoff, director general de la Oficina Regional de Cultura para Am\u00e9rica Latina y el Caribe de la Unesco, realizar\u00e1 una presentaci\u00f3n especial sobre temas afines al foro.<\/span><\/p>\n<\/p>\n<p><span class=\"text1noticias\">La exposici\u00f3n fotogr\u00e1fica Instrumentos musicales y danzas de Guinea Ecuatorial y la muestra pict\u00f3rica Maferefum, del artista cubano Nelson Jos\u00e9 Garc\u00eda, constituir\u00e1n un par de ejemplos de diversas propuestas indagatorias en las ra\u00edces africanas a trav\u00e9s del arte.<\/span><\/p>\n<\/p>\n<p><span class=\"text1noticias\">Los libros El silencio de los gar\u00edfonas y La voz de los gar\u00edfonas, del investigador Bienvenido Rojas, tambi\u00e9n se presentar\u00e1n durante estos encuentros, que pr\u00e1cticamente abren el programa cultural del Centro Hist\u00f3rico capitalino en este 2012.<\/span><\/p>\n<\/p>\n<p><span class=\"text1noticias\">El acercamiento al legado africano tambi\u00e9n se promover\u00e1 a partir del talleres como el de creatividad art\u00edstica, impartido por el doctor Raoulf Mama, de la Universidad de Oakland, Estados Unidos; el de tango, con la profesora argentina Elisa Guzzo Vaccarino, y uno sobre el arte marcial brasile\u00f1o de la capoeira.<\/span><\/p>\n<\/p>\n<p><span class=\"text1noticias\">Un momento culminante de estos encuentros llegar\u00e1 en el pr\u00f3ximo 6 de enero, cuando el cabildo afrocubano -una tradici\u00f3n que no desde\u00f1a la contemporaneidad- salga en procesi\u00f3n desde la antigua Plaza de San Francisco de As\u00eds y transite los principales espacios urbanos de la a\u00f1eja Villa de San Crist\u00f3bal de La Habana.<\/span><\/p>\n<\/p>\n<p><span class=\"text1noticias\">Estas citas simult\u00e1neas se desarrollar\u00e1n con el auspicio -adem\u00e1s de la OHC- de instituciones como la Fundaci\u00f3n Fernando Ortiz, la Uni\u00f3n de Escritores y Artistas de Cuba (Uneac), la Asociaci\u00f3n Yoruba de Cuba, el Instituto Cubano de Antropolog\u00eda y el Centro Cultural Africano Fernando Ortiz<\/span>.<\/p>\n<\/p>\n<\/p>\n<h6> 2012-01-04 16:26:36 <\/h6>\n<p><!--\n<link rel=\"stylesheet\" href=\"css\/bootstrap.min.css\">\n\n\n<ul class=\"pagination\">\n\t    \n\t\n\n<li >\n\t<a href='?page_no=18224'>Previous<\/a>\n\t<\/li>\n\n\n       \n    \n\n<li><a href='?page_no=1'>1<\/a><\/li>\n\n\n\n<li><a href='?page_no=2'>2<\/a><\/li>\n\n\n\n<li><a>...<\/a><\/li>\n\n\n\n<li><a href='?page_no=18223'>18223<\/a><\/li>\n\n\n\n<li><a href='?page_no=18224'>18224<\/a><\/li>\n\n\n\n<li class='active'><a>18225<\/a><\/li>\n\n\n\n<li><a href='?page_no=18226'>18226<\/a><\/li>\n\n\n\n<li><a href='?page_no=18227'>18227<\/a><\/li>\n\n\n\n<li><a>...<\/a><\/li>\n\n\n\n<li><a href='?page_no=22911'>22911<\/a><\/li>\n\n\n\n<li><a href='?page_no=22912'>22912<\/a><\/li>\n\n    \n\t\n\n<li >\n\t<a href='?page_no=18226'>Next<\/a>\n\t<\/li>\n\n\n    \n\n<li><a href='?page_no=22912'>Last &rsaquo;&rsaquo;<\/a><\/li>\n\n<\/ul>\n\n\n--><br \/>\n<\/body><\/p>\n","protected":false},"excerpt":{"rendered":"<p>La Habana, 4 ene (PL) Acad\u00e9micos, investigadores y artistas de Espa\u00f1a, Venezuela, Argentina, Brasil, M\u00e9xico, Guinea Ecuatorial, Portugal y Cuba iniciar\u00e1n hoy aqu\u00ed el XVI Taller Cient\u00edfico de Antropolog\u00eda Social y Cultural Afroamericana y del V Encuentro de Oralidad Festival Afropalabra. Ambos eventos tendr\u00e1n su sede principal en la Casa de \u00c1frica -perteneciente a la [&hellip;]<\/p>\n","protected":false},"author":3,"featured_media":0,"comment_status":"open","ping_status":"open","sticky":false,"template":"","format":"standard","meta":{"footnotes":""},"categories":[21],"tags":[],"class_list":["post-66547","post","type-post","status-publish","format-standard","hentry","category-cultura"],"_links":{"self":[{"href":"https:\/\/diariodominicano.com\/index.php?rest_route=\/wp\/v2\/posts\/66547","targetHints":{"allow":["GET"]}}],"collection":[{"href":"https:\/\/diariodominicano.com\/index.php?rest_route=\/wp\/v2\/posts"}],"about":[{"href":"https:\/\/diariodominicano.com\/index.php?rest_route=\/wp\/v2\/types\/post"}],"author":[{"embeddable":true,"href":"https:\/\/diariodominicano.com\/index.php?rest_route=\/wp\/v2\/users\/3"}],"replies":[{"embeddable":true,"href":"https:\/\/diariodominicano.com\/index.php?rest_route=%2Fwp%2Fv2%2Fcomments&post=66547"}],"version-history":[{"count":0,"href":"https:\/\/diariodominicano.com\/index.php?rest_route=\/wp\/v2\/posts\/66547\/revisions"}],"wp:attachment":[{"href":"https:\/\/diariodominicano.com\/index.php?rest_route=%2Fwp%2Fv2%2Fmedia&parent=66547"}],"wp:term":[{"taxonomy":"category","embeddable":true,"href":"https:\/\/diariodominicano.com\/index.php?rest_route=%2Fwp%2Fv2%2Fcategories&post=66547"},{"taxonomy":"post_tag","embeddable":true,"href":"https:\/\/diariodominicano.com\/index.php?rest_route=%2Fwp%2Fv2%2Ftags&post=66547"}],"curies":[{"name":"wp","href":"https:\/\/api.w.org\/{rel}","templated":true}]}}