{"id":66546,"date":"2012-01-04T17:12:03","date_gmt":"2012-01-04T17:12:03","guid":{"rendered":"http:\/\/diariodominicano.ddns.net\/?p=66546"},"modified":"2012-01-04T17:12:03","modified_gmt":"2012-01-04T17:12:03","slug":"correa-2012-ano-de-educacion-superior-ciencia-y-tecnologia","status":"publish","type":"post","link":"https:\/\/diariodominicano.com\/?p=66546","title":{"rendered":"Correa: 2012, a\u00f1o de Educaci\u00f3n Superior, Ciencia y Tecnolog\u00eda"},"content":{"rendered":"<p><body><\/p>\n<p><img decoding=\"async\" src=\"img3\/correa rafael 412.jpg\" \/>  <\/p>\n<p><span class=\"text1noticias\">Quito, 4 ene (PL).-  El presidente Rafael Correa calific\u00f3 el 2012 de a\u00f1o de la Educaci\u00f3n Superior, Ciencia y Tecnolog\u00eda para Ecuador.<\/span><\/p>\n<p><span class=\"text1noticias\"> <\/span><\/p>\n<p><span class=\"text1noticias\">La segunda etapa de la Revoluci\u00f3n Ciudadana inicia este a\u00f1o, con mejoras en calidad, eficiencia, gesti\u00f3n y cambio cultural, enfatiz\u00f3 el mandatario en declaraciones transmitidas por televisi\u00f3n.<\/span><\/p>\n<p><span class=\"text1noticias\"> <\/span><\/p>\n<p><span class=\"text1noticias\">Indic\u00f3 que el proyecto m\u00e1s importante de la historia de Ecuador ser\u00e1 Yachay, la Ciudad del Conocimiento, en la provincia de Imbabura, donde funcionar\u00e1 la primera Universidad de Ciencia y Tecnolog\u00eda, junto a 18 institutos de investigaci\u00f3n y parte del Instituto de Higiene.<\/span><\/p>\n<p><span class=\"text1noticias\"> <\/span><\/p>\n<p><span class=\"text1noticias\">La Ciudad del Conocimiento ser\u00e1 una Zona Especial de Desarrollo Econ\u00f3mico (ZEDE), donde habr\u00e1 exoneraci\u00f3n de impuestos para las empresas nacionales y multinacionales que quieran instalar sus centros y podr\u00e1n practicar los estudiantes ecuatorianos.<\/span><\/p>\n<p><span class=\"text1noticias\"> <\/span><\/p>\n<p><span class=\"text1noticias\">En Educaci\u00f3n Superior se revaluar\u00e1n las universidades y aquellas que vuelvan a tener categor\u00eda E, la m\u00e1s baja en la evaluaci\u00f3n realizada en el 2009, en la cual quedaron 26 de los 68 centros de educaci\u00f3n superior, ser\u00e1n cerrados definitivamente, expres\u00f3.<\/span><\/p>\n<p><span class=\"text1noticias\"> <\/span><\/p>\n<p><span class=\"text1noticias\">Augur\u00f3 campa\u00f1as de prensa contra \u00abel gobierno malvado, cuando los malvados son aquellos que llaman universidad a algo que no califica ni para centro de capacitaci\u00f3n\u00bb, ironiz\u00f3.<\/span><\/p>\n<p><span class=\"text1noticias\"> <\/span><\/p>\n<p><span class=\"text1noticias\">Esos centros, recalc\u00f3, \u00abest\u00e1n robando los recursos sociales, el presupuesto del Estado y el tiempo a los estudiantes\u00bb.<\/span><\/p>\n<p><span class=\"text1noticias\"> <\/span><\/p>\n<p><span class=\"text1noticias\">Asegur\u00f3 que se adoptar\u00e1n medidas fuertes, cambiar\u00e1 el sistema de distribuci\u00f3n de recursos porque ahora se da m\u00e1s fondos a las peores universidades, y \u00abtodo esto crear\u00e1 conflictos pol\u00edticos que estamos dispuestos a enfrentar\u00bb.<\/span><\/p>\n<p><span class=\"text1noticias\"> <\/span><\/p>\n<p><span class=\"text1noticias\">Para el secretario Nacional de Ciencia y Tecnolog\u00eda, Ren\u00e9 Ram\u00edrez, el 2012 ser\u00e1 el a\u00f1o de la revoluci\u00f3n en Educaci\u00f3n S <\/span><\/p>\n<p><span class=\"text1noticias\"> <\/span><\/p>\n<p><span class=\"text1noticias\">Superior, tras haber formado los cimientos estructurales para efectuar este cambio cualitativo, y anunci\u00f3 un plan de becas sin precedentes en el pa\u00eds.<\/span><\/p>\n<p><span class=\"text1noticias\"> <\/span><\/p>\n<p><span class=\"text1noticias\">Los cambios son cualitativos, precis\u00f3 Ram\u00edrez, y lo que hemos hecho en estos cinco a\u00f1os de gobierno es algo que debi\u00f3 hacerse los \u00faltimos 20 a\u00f1os. Si Ecuador no cuenta con el talento humano y la masa cr\u00edtica no vamos a ir a ning\u00fan lado en el desarrollo, apunt\u00f3 y llam\u00f3 a incentivar para construir esa masa cr\u00edtica mediante una educaci\u00f3n de excelencia, con rigor acad\u00e9mico<\/span>.<\/p>\n<h6> 2012-01-04 17:12:03 <\/h6>\n<p><!--\n<link rel=\"stylesheet\" href=\"css\/bootstrap.min.css\">\n\n\n<ul class=\"pagination\">\n\t    \n\t\n\n<li >\n\t<a href='?page_no=18223'>Previous<\/a>\n\t<\/li>\n\n\n       \n    \n\n<li><a href='?page_no=1'>1<\/a><\/li>\n\n\n\n<li><a href='?page_no=2'>2<\/a><\/li>\n\n\n\n<li><a>...<\/a><\/li>\n\n\n\n<li><a href='?page_no=18222'>18222<\/a><\/li>\n\n\n\n<li><a href='?page_no=18223'>18223<\/a><\/li>\n\n\n\n<li class='active'><a>18224<\/a><\/li>\n\n\n\n<li><a href='?page_no=18225'>18225<\/a><\/li>\n\n\n\n<li><a href='?page_no=18226'>18226<\/a><\/li>\n\n\n\n<li><a>...<\/a><\/li>\n\n\n\n<li><a href='?page_no=22911'>22911<\/a><\/li>\n\n\n\n<li><a href='?page_no=22912'>22912<\/a><\/li>\n\n    \n\t\n\n<li >\n\t<a href='?page_no=18225'>Next<\/a>\n\t<\/li>\n\n\n    \n\n<li><a href='?page_no=22912'>Last &rsaquo;&rsaquo;<\/a><\/li>\n\n<\/ul>\n\n\n--><br \/>\n<\/body><\/p>\n","protected":false},"excerpt":{"rendered":"<p>Quito, 4 ene (PL).- El presidente Rafael Correa calific\u00f3 el 2012 de a\u00f1o de la Educaci\u00f3n Superior, Ciencia y Tecnolog\u00eda para Ecuador. La segunda etapa de la Revoluci\u00f3n Ciudadana inicia este a\u00f1o, con mejoras en calidad, eficiencia, gesti\u00f3n y cambio cultural, enfatiz\u00f3 el mandatario en declaraciones transmitidas por televisi\u00f3n. Indic\u00f3 que el proyecto m\u00e1s importante [&hellip;]<\/p>\n","protected":false},"author":3,"featured_media":0,"comment_status":"open","ping_status":"open","sticky":false,"template":"","format":"standard","meta":{"footnotes":""},"categories":[21],"tags":[],"class_list":["post-66546","post","type-post","status-publish","format-standard","hentry","category-cultura"],"_links":{"self":[{"href":"https:\/\/diariodominicano.com\/index.php?rest_route=\/wp\/v2\/posts\/66546","targetHints":{"allow":["GET"]}}],"collection":[{"href":"https:\/\/diariodominicano.com\/index.php?rest_route=\/wp\/v2\/posts"}],"about":[{"href":"https:\/\/diariodominicano.com\/index.php?rest_route=\/wp\/v2\/types\/post"}],"author":[{"embeddable":true,"href":"https:\/\/diariodominicano.com\/index.php?rest_route=\/wp\/v2\/users\/3"}],"replies":[{"embeddable":true,"href":"https:\/\/diariodominicano.com\/index.php?rest_route=%2Fwp%2Fv2%2Fcomments&post=66546"}],"version-history":[{"count":0,"href":"https:\/\/diariodominicano.com\/index.php?rest_route=\/wp\/v2\/posts\/66546\/revisions"}],"wp:attachment":[{"href":"https:\/\/diariodominicano.com\/index.php?rest_route=%2Fwp%2Fv2%2Fmedia&parent=66546"}],"wp:term":[{"taxonomy":"category","embeddable":true,"href":"https:\/\/diariodominicano.com\/index.php?rest_route=%2Fwp%2Fv2%2Fcategories&post=66546"},{"taxonomy":"post_tag","embeddable":true,"href":"https:\/\/diariodominicano.com\/index.php?rest_route=%2Fwp%2Fv2%2Ftags&post=66546"}],"curies":[{"name":"wp","href":"https:\/\/api.w.org\/{rel}","templated":true}]}}