{"id":66545,"date":"2012-01-05T15:05:37","date_gmt":"2012-01-05T15:05:37","guid":{"rendered":"http:\/\/diariodominicano.ddns.net\/?p=66545"},"modified":"2012-01-05T15:05:37","modified_gmt":"2012-01-05T15:05:37","slug":"italia-reconoce-fundacion-trabaja-con-ninos-de-rd","status":"publish","type":"post","link":"https:\/\/diariodominicano.com\/?p=66545","title":{"rendered":"Italia reconoce Fundaci\u00f3n trabaja con ni\u00f1os de RD"},"content":{"rendered":"<p><body><\/p>\n<p><img decoding=\"async\" src=\"img3\/Reconocimiento a Roberto Danese.JPG\" \/><br \/><img decoding=\"async\" src=\"img3\/Reconocimiento al doctor  Guido Farina.JPG\" \/>  <\/p>\n<p><span class=\"text1noticias\">Santo Domingo, RD, 5 enero 2012.- El presidente italiano Giorgio Napolitano reconoci\u00f3 el Proyecto Roberto, por su apoyo a los ni\u00f1os y ancianos pobres de Rep\u00fablica Dominicana durante m\u00e1s de 25 a\u00f1os.<\/span><\/p>\n<p><span class=\"text1noticias\">Napolitano entreg\u00f3 un certificado de reconocimiento a Roberto Danese, representante-operador del proyecto Roberto en Rep\u00fablica Dominicana, y al doctor Guido Farina, asesor general de esa entidad.<\/span><\/p>\n<p><span class=\"text1noticias\">El Gobierno de Italia hizo el reconocimiento a trav\u00e9s de su representante en Verona, doctora Perla Stancari.<\/span><\/p>\n<p><span class=\"text1noticias\">En el acto de reconocimiento a Danese y Farina estuvo presente el gobernador de Verona, doctor Antonio Pastorello, el doctor Lucio Salgaro, reconocido periodista italiano, y el alcalde San Pietro In Cariano, se\u00f1or Gabriele Maestrelli.<\/span><\/p>\n<p><span class=\"text1noticias\">El gobernador Pastorello preside la Fundaci\u00f3n Proyecto Roberto, en la provincia de Verona, entidad que apoya todo el trabajo de Danese en la provincia de Monte Plata, principalmente en los municipios de Sabana Grande de Boya, Boya y Bayaguana.<\/span><\/p>\n<p><span class=\"text1noticias\">Con el apoyo del gobernador Pastorello y su Fundaci\u00f3n, el Proyecto Roberto ha construido, entre otras obras, 12 escuelas en diferentes comunidades de la provincia de Monte Plata, cuatro de esos planteles fueron inaugurados en el 2011.<\/span><\/p>\n<p><span class=\"text1noticias\">Adem\u00e1s, tiene en proyecto construir otros plantes en zonas pobres de la provincia de Monte Plata.<\/span><\/p>\n<p><span class=\"text1noticias\">Igualmente, el Proyecto Roberto cuenta con amplios y modernos albergues para envejecientes desamparados y ni\u00f1os abandonados, todos  en Boy\u00e1 y Sabana Grande de Boy\u00e1, equipados con dispensarios m\u00e9dicos y odontol\u00f3gicos.<\/span><\/p>\n<p><span class=\"text1noticias\">El gobernador Pastorello, en los \u00faltimos a\u00f1os, ha visitado con frecuencia el pa\u00eds para percatarse personalmente de los trabajos realizado por el Proyecto Roberto, en zonas pobres de Monte Plata.<\/span><\/p>\n<p><span class=\"text1noticias\">Danese fue mandado a buscar  desde el gobierno italiano para recibir personalmente su reconocimiento, junto al doctor Farina y otras personalidades de la provincia Verona, ligadas a la cultura, la industria y el sector tur\u00edstico, por su trabajo social a favor de la ni\u00f1ez y los envejecientes en diferentes pa\u00edses.<\/span><\/p>\n<p><span class=\"text1noticias\">El Proyecto Roberto, en Rep\u00fablica Dominicana, cuenta con la asesor\u00eda de Monse\u00f1or Nicol\u00e1s de Jes\u00fas Cardenal L\u00f3pez Rodr\u00edguez<\/span>.<\/p>\n<\/p>\n<\/p>\n<h6> 2012-01-05 15:05:37 <\/h6>\n<p><!--\n<link rel=\"stylesheet\" href=\"css\/bootstrap.min.css\">\n\n\n<ul class=\"pagination\">\n\t    \n\t\n\n<li >\n\t<a href='?page_no=18222'>Previous<\/a>\n\t<\/li>\n\n\n       \n    \n\n<li><a href='?page_no=1'>1<\/a><\/li>\n\n\n\n<li><a href='?page_no=2'>2<\/a><\/li>\n\n\n\n<li><a>...<\/a><\/li>\n\n\n\n<li><a href='?page_no=18221'>18221<\/a><\/li>\n\n\n\n<li><a href='?page_no=18222'>18222<\/a><\/li>\n\n\n\n<li class='active'><a>18223<\/a><\/li>\n\n\n\n<li><a href='?page_no=18224'>18224<\/a><\/li>\n\n\n\n<li><a href='?page_no=18225'>18225<\/a><\/li>\n\n\n\n<li><a>...<\/a><\/li>\n\n\n\n<li><a href='?page_no=22911'>22911<\/a><\/li>\n\n\n\n<li><a href='?page_no=22912'>22912<\/a><\/li>\n\n    \n\t\n\n<li >\n\t<a href='?page_no=18224'>Next<\/a>\n\t<\/li>\n\n\n    \n\n<li><a href='?page_no=22912'>Last &rsaquo;&rsaquo;<\/a><\/li>\n\n<\/ul>\n\n\n--><br \/>\n<\/body><\/p>\n","protected":false},"excerpt":{"rendered":"<p>Santo Domingo, RD, 5 enero 2012.- El presidente italiano Giorgio Napolitano reconoci\u00f3 el Proyecto Roberto, por su apoyo a los ni\u00f1os y ancianos pobres de Rep\u00fablica Dominicana durante m\u00e1s de 25 a\u00f1os. Napolitano entreg\u00f3 un certificado de reconocimiento a Roberto Danese, representante-operador del proyecto Roberto en Rep\u00fablica Dominicana, y al doctor Guido Farina, asesor general [&hellip;]<\/p>\n","protected":false},"author":3,"featured_media":0,"comment_status":"open","ping_status":"open","sticky":false,"template":"","format":"standard","meta":{"footnotes":""},"categories":[21],"tags":[],"class_list":["post-66545","post","type-post","status-publish","format-standard","hentry","category-cultura"],"_links":{"self":[{"href":"https:\/\/diariodominicano.com\/index.php?rest_route=\/wp\/v2\/posts\/66545","targetHints":{"allow":["GET"]}}],"collection":[{"href":"https:\/\/diariodominicano.com\/index.php?rest_route=\/wp\/v2\/posts"}],"about":[{"href":"https:\/\/diariodominicano.com\/index.php?rest_route=\/wp\/v2\/types\/post"}],"author":[{"embeddable":true,"href":"https:\/\/diariodominicano.com\/index.php?rest_route=\/wp\/v2\/users\/3"}],"replies":[{"embeddable":true,"href":"https:\/\/diariodominicano.com\/index.php?rest_route=%2Fwp%2Fv2%2Fcomments&post=66545"}],"version-history":[{"count":0,"href":"https:\/\/diariodominicano.com\/index.php?rest_route=\/wp\/v2\/posts\/66545\/revisions"}],"wp:attachment":[{"href":"https:\/\/diariodominicano.com\/index.php?rest_route=%2Fwp%2Fv2%2Fmedia&parent=66545"}],"wp:term":[{"taxonomy":"category","embeddable":true,"href":"https:\/\/diariodominicano.com\/index.php?rest_route=%2Fwp%2Fv2%2Fcategories&post=66545"},{"taxonomy":"post_tag","embeddable":true,"href":"https:\/\/diariodominicano.com\/index.php?rest_route=%2Fwp%2Fv2%2Ftags&post=66545"}],"curies":[{"name":"wp","href":"https:\/\/api.w.org\/{rel}","templated":true}]}}