{"id":665449,"date":"2026-02-15T02:21:29","date_gmt":"2026-02-15T06:21:29","guid":{"rendered":"https:\/\/diariodominicano.com\/?p=665449"},"modified":"2026-03-19T04:03:36","modified_gmt":"2026-03-19T08:03:36","slug":"canciller-irani-tilda-de-circo-a-conferencia-de-seguridad-de-munich","status":"publish","type":"post","link":"https:\/\/diariodominicano.com\/?p=665449","title":{"rendered":"Canciller iran\u00ed tilda de \u201ccirco\u201d a Conferencia de Seguridad de M\u00fanich"},"content":{"rendered":"\n<p>Teher\u00e1n, 15 feb (Prensa Latina) El canciller de Ir\u00e1n, Abbas Araqchi, calific\u00f3 de \u201ccirco\u201d la Conferencia de Seguridad de M\u00fanich tras la participaci\u00f3n de Reza Pahlavi, hijo del depuesto Sha, quien inst\u00f3 a Estados Unidos e Israel a intervenir contra la Rep\u00fablica Isl\u00e1mica.<\/p>\n\n\n\n<ul class=\"wp-block-list\">\n<li><a href=\"https:\/\/www.prensa-latina.cu\/2026\/02\/14\/\"><time>febrero 14, 2026 | 23:29<\/time><\/a><\/li>\n<\/ul>\n\n\n\n<ul class=\"wp-block-list\">\n<li><a href=\"https:\/\/www.prensa-latina.cu\/2026\/02\/14\/canciller-irani-tilda-de-circo-a-conferencia-de-seguridad-de-munich\/#\"><\/a><\/li>\n\n\n\n<li><a href=\"https:\/\/www.prensa-latina.cu\/2026\/02\/14\/canciller-irani-tilda-de-circo-a-conferencia-de-seguridad-de-munich\/#\"><\/a><\/li>\n\n\n\n<li><a href=\"https:\/\/www.prensa-latina.cu\/2026\/02\/14\/canciller-irani-tilda-de-circo-a-conferencia-de-seguridad-de-munich\/#\"><\/a><\/li>\n\n\n\n<li><a href=\"https:\/\/www.prensa-latina.cu\/2026\/02\/14\/canciller-irani-tilda-de-circo-a-conferencia-de-seguridad-de-munich\/#\"><\/a><\/li>\n<\/ul>\n\n\n\n<p>En una publicaci\u00f3n en la red social X, el jefe de la diplomacia iran\u00ed critic\u00f3 las pol\u00edticas de la Uni\u00f3n Europea (UE) y de varios pa\u00edses del continente hacia Teher\u00e1n, y lament\u00f3 que un foro considerado tradicionalmente serio y prestigioso se haya visto, a su juicio, desvirtuado por el tratamiento de la cuesti\u00f3n iran\u00ed.<\/p>\n\n\n\n<p>Araqchi sostuvo que la UE ha perdido peso geopol\u00edtico en la regi\u00f3n debido a lo que describi\u00f3 como pol\u00edticas err\u00e1ticas, y arremeti\u00f3 particularmente contra Alemania, al se\u00f1alar que lidera una tendencia a ceder la pol\u00edtica regional europea a Israel.<\/p>\n\n\n\n<p>El canciller consider\u00f3 que la par\u00e1lisis y marginaci\u00f3n del bloque y de la denominada troika europea (Reino Unido, Alemania y Francia) resultan evidentes en la actual din\u00e1mica de las negociaciones sobre el programa nuclear iran\u00ed.<\/p>\n\n\n\n<p>Las declaraciones se produjeron despu\u00e9s de que Reza Pahlavi, durante su intervenci\u00f3n en la Conferencia de Seguridad de M\u00fanich, llamara a Estados Unidos e Israel a intervenir en Ir\u00e1n.<\/p>\n\n\n\n<p>La ciudad alemana acoge la 62 edici\u00f3n de la Conferencia de Seguridad de M\u00fanich, iniciada el viernes en medio de estrictas medidas organizativas y de seguridad, en un contexto internacional marcado por la intensificaci\u00f3n de conflictos armados y cuestionamientos sobre el futuro del sistema de alianzas y del orden global.<\/p>\n\n\n\n<p>lam\/fm<\/p>\n\n\n\n<ul class=\"wp-block-list\">\n<li>#<a href=\"https:\/\/www.prensa-latina.cu\/etiqueta\/conferencia\/\">conferencia<\/a>\u00a0#<a href=\"https:\/\/www.prensa-latina.cu\/etiqueta\/europa\/\">europa<\/a><\/li>\n<\/ul>\n","protected":false},"excerpt":{"rendered":"<p>Teher\u00e1n, 15 feb (Prensa Latina) El canciller de Ir\u00e1n, Abbas Araqchi, calific\u00f3 de \u201ccirco\u201d la Conferencia de Seguridad de M\u00fanich tras la participaci\u00f3n de Reza Pahlavi, hijo del depuesto Sha, quien inst\u00f3 a Estados Unidos e Israel a intervenir contra la Rep\u00fablica Isl\u00e1mica. En una publicaci\u00f3n en la red social X, el jefe de la [&hellip;]<\/p>\n","protected":false},"author":28,"featured_media":0,"comment_status":"open","ping_status":"closed","sticky":false,"template":"","format":"standard","meta":{"footnotes":""},"categories":[23],"tags":[2908],"class_list":["post-665449","post","type-post","status-publish","format-standard","hentry","category-internacional","tag-iran"],"_links":{"self":[{"href":"https:\/\/diariodominicano.com\/index.php?rest_route=\/wp\/v2\/posts\/665449","targetHints":{"allow":["GET"]}}],"collection":[{"href":"https:\/\/diariodominicano.com\/index.php?rest_route=\/wp\/v2\/posts"}],"about":[{"href":"https:\/\/diariodominicano.com\/index.php?rest_route=\/wp\/v2\/types\/post"}],"author":[{"embeddable":true,"href":"https:\/\/diariodominicano.com\/index.php?rest_route=\/wp\/v2\/users\/28"}],"replies":[{"embeddable":true,"href":"https:\/\/diariodominicano.com\/index.php?rest_route=%2Fwp%2Fv2%2Fcomments&post=665449"}],"version-history":[{"count":1,"href":"https:\/\/diariodominicano.com\/index.php?rest_route=\/wp\/v2\/posts\/665449\/revisions"}],"predecessor-version":[{"id":665450,"href":"https:\/\/diariodominicano.com\/index.php?rest_route=\/wp\/v2\/posts\/665449\/revisions\/665450"}],"wp:attachment":[{"href":"https:\/\/diariodominicano.com\/index.php?rest_route=%2Fwp%2Fv2%2Fmedia&parent=665449"}],"wp:term":[{"taxonomy":"category","embeddable":true,"href":"https:\/\/diariodominicano.com\/index.php?rest_route=%2Fwp%2Fv2%2Fcategories&post=665449"},{"taxonomy":"post_tag","embeddable":true,"href":"https:\/\/diariodominicano.com\/index.php?rest_route=%2Fwp%2Fv2%2Ftags&post=665449"}],"curies":[{"name":"wp","href":"https:\/\/api.w.org\/{rel}","templated":true}]}}