{"id":66544,"date":"2012-01-05T15:14:35","date_gmt":"2012-01-05T15:14:35","guid":{"rendered":"http:\/\/diariodominicano.ddns.net\/?p=66544"},"modified":"2012-01-05T15:14:35","modified_gmt":"2012-01-05T15:14:35","slug":"cultura-celebra-maraton-literario-letras-libres","status":"publish","type":"post","link":"https:\/\/diariodominicano.com\/?p=66544","title":{"rendered":"Cultura celebra Marat\u00f3n Literario \u00abLetras Libres\u00bb"},"content":{"rendered":"<p><body><\/p>\n<p><img decoding=\"async\" src=\"img3\/Literatos.jpg\" \/>  <\/p>\n<p><span class=\"text1noticias\">Santo Domingo, Rep. Dominicana, 5 enero.- El Ministerio de Cultura, a trav\u00e9s de la Direcci\u00f3n de Talleres Literarios, celebr\u00f3 el Marat\u00f3n Literario \u00abLetras Libres\u00bb.<\/span><\/p>\n<\/p>\n<p><span class=\"text1noticias\">Se llev\u00f3 a cabo en el local de la Librer\u00eda de Cultura y tuvo como prop\u00f3sito, dar inicio al nuevo a\u00f1o 2012.<\/span><\/p>\n<\/p>\n<p><span class=\"text1noticias\">Durante m\u00e1s de dos horas, poetas y narradores leyeron sus creaciones en un ambiente cargado plena emotividad.<\/span><\/p>\n<\/p>\n<p><span class=\"text1noticias\">Entre los escritores participantes se encontraban  Manuel Salvador Gautier, Romina Bayo, Alejandro Aguilar, Isis Aquino, Alexei Teller\u00edas, Valent\u00edn Amaro, Luis Reynaldo P\u00e9rez, Jennet Tineo, Camelia Michel, Ricardo Cabrera, Felix Villalona, Fl\u00e9rida Gonz\u00e1lez, H\u00e9ctor Santana, F\u00e9lix Pichardo, Francis Santos, Lady Laura Liriano, Antonio Reyes Sena, Vicente Arturo Pichardo, Aracelys Mireles, Fernando Berroa, Elayne Abreu, Mois\u00e9s Santana, Adalberto Morillo, Andri Alba Pichardo,Deisy Toussaint, entre otros.<\/span><\/p>\n<\/p>\n<p><span class=\"text1noticias\">Seg\u00fan Valent\u00edn Amaro, gerente de la Librer\u00eda de Cultura y director del Sistema Nacional de Talleres Literarios, el espacio a partir de este mes de enero tendr\u00e1 una programaci\u00f3n cultural que incluir\u00e1 reuniones de varios talleres literarios, presentaciones de libros, lecturas, encuentros con escritores, cineforum y tertulias literarias<\/span>. <\/p>\n<h6> 2012-01-05 15:14:35 <\/h6>\n<p><!--\n<link rel=\"stylesheet\" href=\"css\/bootstrap.min.css\">\n\n\n<ul class=\"pagination\">\n\t    \n\t\n\n<li >\n\t<a href='?page_no=18221'>Previous<\/a>\n\t<\/li>\n\n\n       \n    \n\n<li><a href='?page_no=1'>1<\/a><\/li>\n\n\n\n<li><a href='?page_no=2'>2<\/a><\/li>\n\n\n\n<li><a>...<\/a><\/li>\n\n\n\n<li><a href='?page_no=18220'>18220<\/a><\/li>\n\n\n\n<li><a href='?page_no=18221'>18221<\/a><\/li>\n\n\n\n<li class='active'><a>18222<\/a><\/li>\n\n\n\n<li><a href='?page_no=18223'>18223<\/a><\/li>\n\n\n\n<li><a href='?page_no=18224'>18224<\/a><\/li>\n\n\n\n<li><a>...<\/a><\/li>\n\n\n\n<li><a href='?page_no=22911'>22911<\/a><\/li>\n\n\n\n<li><a href='?page_no=22912'>22912<\/a><\/li>\n\n    \n\t\n\n<li >\n\t<a href='?page_no=18223'>Next<\/a>\n\t<\/li>\n\n\n    \n\n<li><a href='?page_no=22912'>Last &rsaquo;&rsaquo;<\/a><\/li>\n\n<\/ul>\n\n\n--><br \/>\n<\/body><\/p>\n","protected":false},"excerpt":{"rendered":"<p>Santo Domingo, Rep. Dominicana, 5 enero.- El Ministerio de Cultura, a trav\u00e9s de la Direcci\u00f3n de Talleres Literarios, celebr\u00f3 el Marat\u00f3n Literario \u00abLetras Libres\u00bb. Se llev\u00f3 a cabo en el local de la Librer\u00eda de Cultura y tuvo como prop\u00f3sito, dar inicio al nuevo a\u00f1o 2012. Durante m\u00e1s de dos horas, poetas y narradores leyeron [&hellip;]<\/p>\n","protected":false},"author":3,"featured_media":0,"comment_status":"open","ping_status":"open","sticky":false,"template":"","format":"standard","meta":{"footnotes":""},"categories":[21],"tags":[],"class_list":["post-66544","post","type-post","status-publish","format-standard","hentry","category-cultura"],"_links":{"self":[{"href":"https:\/\/diariodominicano.com\/index.php?rest_route=\/wp\/v2\/posts\/66544","targetHints":{"allow":["GET"]}}],"collection":[{"href":"https:\/\/diariodominicano.com\/index.php?rest_route=\/wp\/v2\/posts"}],"about":[{"href":"https:\/\/diariodominicano.com\/index.php?rest_route=\/wp\/v2\/types\/post"}],"author":[{"embeddable":true,"href":"https:\/\/diariodominicano.com\/index.php?rest_route=\/wp\/v2\/users\/3"}],"replies":[{"embeddable":true,"href":"https:\/\/diariodominicano.com\/index.php?rest_route=%2Fwp%2Fv2%2Fcomments&post=66544"}],"version-history":[{"count":0,"href":"https:\/\/diariodominicano.com\/index.php?rest_route=\/wp\/v2\/posts\/66544\/revisions"}],"wp:attachment":[{"href":"https:\/\/diariodominicano.com\/index.php?rest_route=%2Fwp%2Fv2%2Fmedia&parent=66544"}],"wp:term":[{"taxonomy":"category","embeddable":true,"href":"https:\/\/diariodominicano.com\/index.php?rest_route=%2Fwp%2Fv2%2Fcategories&post=66544"},{"taxonomy":"post_tag","embeddable":true,"href":"https:\/\/diariodominicano.com\/index.php?rest_route=%2Fwp%2Fv2%2Ftags&post=66544"}],"curies":[{"name":"wp","href":"https:\/\/api.w.org\/{rel}","templated":true}]}}