{"id":665433,"date":"2026-02-15T02:01:47","date_gmt":"2026-02-15T06:01:47","guid":{"rendered":"https:\/\/diariodominicano.com\/?p=665433"},"modified":"2026-02-15T02:04:11","modified_gmt":"2026-02-15T06:04:11","slug":"patronato-de-la-escuela-de-bellas-artes-pablo-claudio-saluda-inauguracion-del-bulevar-de-las-estrellas-pablo-claudio","status":"publish","type":"post","link":"https:\/\/diariodominicano.com\/?p=665433","title":{"rendered":"Patronato de la Escuela de Bellas Artes Pablo Claudio saluda inauguraci\u00f3n del Bulevar de las Estrellas Pablo Claudio"},"content":{"rendered":"\n<p>San Crist\u00f3bal, R.D. \u2014 El Patronato de la Escuela de Bellas Artes Pablo Claudio expres\u00f3 su m\u00e1s profundo j\u00fabilo y satisfacci\u00f3n por la inauguraci\u00f3n del Bulevar de las Estrellas Pablo Claudio, un espacio que marca un hito en la promoci\u00f3n, reconocimiento y preservaci\u00f3n del arte y la cultura en la provincia de San Crist\u00f3bal.<\/p>\n\n\n\n<p>La obra fue construida por la Empresa Hidroel\u00e9ctrica Dominicana (Egheid) y ser\u00e1 inaugurada este 20 de febrero 2026, a las 12:30 pm<\/p>\n\n\n\n<p>El Patronato destac\u00f3 que esta iniciativa representa un acto de justicia hist\u00f3rica, al crear un lugar permanente destinado a honrar a los artistas, gestores culturales y personalidades que han contribuido significativamente al desarrollo cultural de la comunidad.<\/p>\n\n\n\n<p>La Presidenta de El Patronato, Annery de la Cruz, subray\u00f3 que San Crist\u00f3bal, cuna de grandes talentos, contar\u00e1 ahora con un escenario simb\u00f3lico que permitir\u00e1 rendir homenaje en vida y de manera p\u00f3stuma a quienes han enriquecido la identidad cultural de la provincia, fortaleciendo el sentido de pertenencia y orgullo colectivo.<\/p>\n\n\n\n<p>Asimismo, valor\u00f3 que el bulevar no solo ser\u00e1 un espacio de reconocimiento, sino tambi\u00e9n un punto de encuentro para la promoci\u00f3n art\u00edstica, el turismo cultural y la educaci\u00f3n de las nuevas generaciones sobre el legado cultural de la regi\u00f3n.<\/p>\n\n\n\n<p>\u201cEl Bulevar de las Estrellas Pablo Claudio constituye un tributo permanente al talento sancristobalense y una inspiraci\u00f3n para que las futuras generaciones contin\u00faen cultivando el arte y la cultura\u201d, expres\u00f3 el Patronato.<\/p>\n\n\n\n<p>Finalmente, la entidad reiter\u00f3 su compromiso de seguir impulsando iniciativas que fortalezcan la formaci\u00f3n art\u00edstica y la preservaci\u00f3n del patrimonio cultural de San Crist\u00f3bal.<\/p>\n\n\n\n<p>La inauguraci\u00f3n ser\u00e1 este 20 de febrero a las 12:30 pm frente a la Escuela de Bellas Artes Pablo Claudio en la Avenida Libertad,&#8211;<\/p>\n\n\n\n<p><strong>William Alc\u00e1ntara<\/strong><br>Abogado-Periodista<\/p>\n","protected":false},"excerpt":{"rendered":"<p>San Crist\u00f3bal, R.D. \u2014 El Patronato de la Escuela de Bellas Artes Pablo Claudio expres\u00f3 su m\u00e1s profundo j\u00fabilo y satisfacci\u00f3n por la inauguraci\u00f3n del Bulevar de las Estrellas Pablo Claudio, un espacio que marca un hito en la promoci\u00f3n, reconocimiento y preservaci\u00f3n del arte y la cultura en la provincia de San Crist\u00f3bal. La [&hellip;]<\/p>\n","protected":false},"author":28,"featured_media":0,"comment_status":"open","ping_status":"closed","sticky":false,"template":"","format":"standard","meta":{"footnotes":""},"categories":[21],"tags":[],"class_list":["post-665433","post","type-post","status-publish","format-standard","hentry","category-cultura"],"_links":{"self":[{"href":"https:\/\/diariodominicano.com\/index.php?rest_route=\/wp\/v2\/posts\/665433","targetHints":{"allow":["GET"]}}],"collection":[{"href":"https:\/\/diariodominicano.com\/index.php?rest_route=\/wp\/v2\/posts"}],"about":[{"href":"https:\/\/diariodominicano.com\/index.php?rest_route=\/wp\/v2\/types\/post"}],"author":[{"embeddable":true,"href":"https:\/\/diariodominicano.com\/index.php?rest_route=\/wp\/v2\/users\/28"}],"replies":[{"embeddable":true,"href":"https:\/\/diariodominicano.com\/index.php?rest_route=%2Fwp%2Fv2%2Fcomments&post=665433"}],"version-history":[{"count":1,"href":"https:\/\/diariodominicano.com\/index.php?rest_route=\/wp\/v2\/posts\/665433\/revisions"}],"predecessor-version":[{"id":665434,"href":"https:\/\/diariodominicano.com\/index.php?rest_route=\/wp\/v2\/posts\/665433\/revisions\/665434"}],"wp:attachment":[{"href":"https:\/\/diariodominicano.com\/index.php?rest_route=%2Fwp%2Fv2%2Fmedia&parent=665433"}],"wp:term":[{"taxonomy":"category","embeddable":true,"href":"https:\/\/diariodominicano.com\/index.php?rest_route=%2Fwp%2Fv2%2Fcategories&post=665433"},{"taxonomy":"post_tag","embeddable":true,"href":"https:\/\/diariodominicano.com\/index.php?rest_route=%2Fwp%2Fv2%2Ftags&post=665433"}],"curies":[{"name":"wp","href":"https:\/\/api.w.org\/{rel}","templated":true}]}}