{"id":66543,"date":"2012-01-05T17:41:00","date_gmt":"2012-01-05T17:41:00","guid":{"rendered":"http:\/\/diariodominicano.ddns.net\/?p=66543"},"modified":"2012-01-05T17:41:00","modified_gmt":"2012-01-05T17:41:00","slug":"el-desfile-de-santos-reyes-sera-hoy","status":"publish","type":"post","link":"https:\/\/diariodominicano.com\/?p=66543","title":{"rendered":"El desfile de Santos Reyes ser\u00e1 hoy"},"content":{"rendered":"<p><body><\/p>\n<p><span class=\"text1noticias\">Santo Domingo, RD 5 enero.- Esta noche, a partir de las 7:00, el Cuerpo de Bomberos y el Ayuntamiento del Distrito Nacional celebrar\u00e1n su tradicional desfile de los Santos Reyes, por  calles de  San Carlos y la  Ciudad Colonial.<\/span><\/p>\n<\/p>\n<p><span class=\"text1noticias\">Cada a\u00f1o, estas entidades organizan la gran fiesta infantil que encabezan los reyes Melchor, Gaspar y Baltasar.<\/span><\/p>\n<\/p>\n<p><span class=\"text1noticias\">La marcha partir\u00e1 del cuartel de los Bomberos y atravesar\u00e1 las calles Emilio Prud-Home, M\u00e9xico, Duarte, Mella, Meri\u00f1o, El Conde y terminar\u00e1 en la Palo Hincado.<\/span><\/p>\n<\/p>\n<p><span class=\"text1noticias\">Ma\u00f1ana, el mundo cristiano celebra el D\u00eda de los Santos Reyes, para recordar el nacimiento de Jesucristo y la visita que le hicieran magos para entregarle oro, incienso y mirra como regalo. El rey Herodes quer\u00eda que los magos le dieran la ubicaci\u00f3n de Cristo para mandar a matarlo, lo cual no hicieron.<\/span><\/p>\n<\/p>\n<p><span class=\"text1noticias\">La costumbre es entregarles regalos a los ni\u00f1os cada 6 de enero. Aunque ma\u00f1ana es el D\u00eda de los Reyes en el pa\u00eds es laborable de acuerdo a lo dispuesto por  una  ley, el feriado se traslada para el lunes 9.<\/span><\/p>\n<\/p>\n<p><span class=\"text1noticias\">Cada  a\u00f1o, desde tempranas horas de la tarde, cientos de personas se aglomeran en el cuartel de Bomberos para ver a los Reyes y dem\u00e1s personajes que participan en la actividad.<\/span><\/p>\n<\/p>\n<p><span class=\"text1noticias\">Muchos se toman fotos con los personajes y sus hijos para recordar el momento y la ilusi\u00f3n de los peque\u00f1os que creen que esos son magos de verdad que al d\u00eda siguiente le entregar\u00e1n los regalos que ellos les pidieron mediante una carta.<\/span><\/p>\n<\/p>\n<p><span class=\"text1noticias\">Los ni\u00f1os que creen en los Reyes les dejan en el pesebre o al pie del \u00e1rbol de Navidad una carta acompa\u00f1ada de yerba, dulces, galletas y algunos les colocan incluso cigarrillos.<\/span><\/p>\n<\/p>\n<p><span class=\"text1noticias\">La ma\u00f1ana del d\u00eda 6 los ni\u00f1os se despiertan temprano ilusionados con los regalos que entienden les han obsequiado esos personajes m\u00e1gicos.<\/span><\/p>\n<\/p>\n<p><span class=\"text1noticias\">En Rep\u00fablica Dominicana, por la influencia de las costumbres de los Estados Unidos, muchos ni\u00f1os tambi\u00e9n creen en Santa Claus, ese personaje que representa un hombre gordo y agradable.<\/span><\/p>\n<\/p>\n<p><span class=\"text1noticias\">UN APUNTE<\/span><\/p>\n<\/p>\n<p><span class=\"text1noticias\">70 a\u00f1os<\/span><\/p>\n<\/p>\n<p><span class=\"text1noticias\">El desfile de los Santos Reyes se celebra desde hace m\u00e1s de 70 a\u00f1os. Los tres Reyes Magos lanzan golosinas y saludan  a miles de personas que se aglomeran en las  calles, aceras y balcones. Ni\u00f1os y adultos cantan y bailan villancicos.<\/span><\/p>\n<\/p>\n<\/p>\n<h6> 2012-01-05 17:41:00 <\/h6>\n<p><!--\n<link rel=\"stylesheet\" href=\"css\/bootstrap.min.css\">\n\n\n<ul class=\"pagination\">\n\t    \n\t\n\n<li >\n\t<a href='?page_no=18220'>Previous<\/a>\n\t<\/li>\n\n\n       \n    \n\n<li><a href='?page_no=1'>1<\/a><\/li>\n\n\n\n<li><a href='?page_no=2'>2<\/a><\/li>\n\n\n\n<li><a>...<\/a><\/li>\n\n\n\n<li><a href='?page_no=18219'>18219<\/a><\/li>\n\n\n\n<li><a href='?page_no=18220'>18220<\/a><\/li>\n\n\n\n<li class='active'><a>18221<\/a><\/li>\n\n\n\n<li><a href='?page_no=18222'>18222<\/a><\/li>\n\n\n\n<li><a href='?page_no=18223'>18223<\/a><\/li>\n\n\n\n<li><a>...<\/a><\/li>\n\n\n\n<li><a href='?page_no=22911'>22911<\/a><\/li>\n\n\n\n<li><a href='?page_no=22912'>22912<\/a><\/li>\n\n    \n\t\n\n<li >\n\t<a href='?page_no=18222'>Next<\/a>\n\t<\/li>\n\n\n    \n\n<li><a href='?page_no=22912'>Last &rsaquo;&rsaquo;<\/a><\/li>\n\n<\/ul>\n\n\n--><br \/>\n<\/body><\/p>\n","protected":false},"excerpt":{"rendered":"<p>Santo Domingo, RD 5 enero.- Esta noche, a partir de las 7:00, el Cuerpo de Bomberos y el Ayuntamiento del Distrito Nacional celebrar\u00e1n su tradicional desfile de los Santos Reyes, por calles de San Carlos y la Ciudad Colonial. Cada a\u00f1o, estas entidades organizan la gran fiesta infantil que encabezan los reyes Melchor, Gaspar y [&hellip;]<\/p>\n","protected":false},"author":3,"featured_media":0,"comment_status":"open","ping_status":"open","sticky":false,"template":"","format":"standard","meta":{"footnotes":""},"categories":[21],"tags":[],"class_list":["post-66543","post","type-post","status-publish","format-standard","hentry","category-cultura"],"_links":{"self":[{"href":"https:\/\/diariodominicano.com\/index.php?rest_route=\/wp\/v2\/posts\/66543","targetHints":{"allow":["GET"]}}],"collection":[{"href":"https:\/\/diariodominicano.com\/index.php?rest_route=\/wp\/v2\/posts"}],"about":[{"href":"https:\/\/diariodominicano.com\/index.php?rest_route=\/wp\/v2\/types\/post"}],"author":[{"embeddable":true,"href":"https:\/\/diariodominicano.com\/index.php?rest_route=\/wp\/v2\/users\/3"}],"replies":[{"embeddable":true,"href":"https:\/\/diariodominicano.com\/index.php?rest_route=%2Fwp%2Fv2%2Fcomments&post=66543"}],"version-history":[{"count":0,"href":"https:\/\/diariodominicano.com\/index.php?rest_route=\/wp\/v2\/posts\/66543\/revisions"}],"wp:attachment":[{"href":"https:\/\/diariodominicano.com\/index.php?rest_route=%2Fwp%2Fv2%2Fmedia&parent=66543"}],"wp:term":[{"taxonomy":"category","embeddable":true,"href":"https:\/\/diariodominicano.com\/index.php?rest_route=%2Fwp%2Fv2%2Fcategories&post=66543"},{"taxonomy":"post_tag","embeddable":true,"href":"https:\/\/diariodominicano.com\/index.php?rest_route=%2Fwp%2Fv2%2Ftags&post=66543"}],"curies":[{"name":"wp","href":"https:\/\/api.w.org\/{rel}","templated":true}]}}